{"id":49550,"date":"2025-11-12T20:47:10","date_gmt":"2025-11-12T20:47:10","guid":{"rendered":"https:\/\/historiografija.hr\/?p=49550"},"modified":"2025-11-12T20:49:18","modified_gmt":"2025-11-12T20:49:18","slug":"predavanje-adama-hegyija-reformirani-od-slavonije-do-banata-u-18-i-19-stoljecu-u-osijeku","status":"publish","type":"post","link":"https:\/\/historiografija.hr\/?p=49550","title":{"rendered":"Predavanje \u00c1d\u00e1ma Hegyija \u201cReformirani od Slavonije do Banata u 18. i 19. stolje\u0107u\u201d u Osijeku"},"content":{"rendered":"\n<p>\u00c1d\u00e1m Hegyi \u0107e odr\u017eati predavanje \u201cReformirani od Slavonije do Banata u 18. i 19. stolje\u0107u\u201d na Filozofskom fakultetu u Osijeku 17. studenoga 2025. od 15:00 do 16:30 u prostoriji 39. Predavanje \u0107e biti na ma\u0111arskom jeziku.<\/p>\n\n\n\n<p>\u00c1d\u00e1m Hegyi (1977.), povjesni\u010dar, radi kao izvanredni profesor na Sveu\u010dili\u0161tu u Segedinu, Ma\u0111arska. Godine 2000. diplomirao je povijest, knji\u017eni\u010darstvo i europsku politiku. Doktorirao je 2010. na Sveu\u010dili\u0161tu E\u00f6tv\u00f6s Lor\u00e1nd (ELTE), a habilitirao 2019. u Segedinu. Njegova su istra\u017eiva\u010dka podru\u010dja: povijest reformirane crkve u 18. stolje\u0107u, povijest \u010ditanja, povijest sveu\u010dili\u0161ta te \u0161vicarsko-ma\u0111arski odnosi. Sudjelovao je u vi\u0161e me\u0111unarodnih istra\u017eiva\u010dkih projekata, a trenuta\u010dno sura\u0111uje u projektu COST broj 23137 koji financira Europska unija.<\/p>\n\n\n\n<p><strong>Reform\u00e1tusok Szlav\u00f3ni\u00e1t\u00f3l a B\u00e1ns\u00e1gig a 18\/19. sz\u00e1zadban<\/strong><\/p>\n\n\n\n<p>Hegyi \u00c1d\u00e1m (1977) t\u00f6rt\u00e9n\u00e9sz a Szegedi Tudom\u00e1nyegyetemen egyetemi docensk\u00e9nt dolgozik. 2000-ben diplom\u00e1zott t\u00f6rt\u00e9nelem \u2013 k\u00f6nyvt\u00e1r \u2013Eur\u00f3pa politika szakokon. 2010-ben doktor\u00e1lt az ELTE-n, 2019-ben Szegeden habilit\u00e1lt. Kutat\u00e1si ter\u00fclete: a reform\u00e1tus egyh\u00e1z t\u00f6rt\u00e9nete a 18. sz\u00e1zadban, az olvas\u00e1s t\u00f6rt\u00e9nete, az egyetemek t\u00f6rt\u00e9nete \u00e9s a sv\u00e1jci-magyar kapcsolatok. T\u00f6bb nemzetk\u00f6zi kutat\u00e1sban vett r\u00e9szt, jelenleg az Eur\u00f3pai Uni\u00f3 \u00e1ltal finansz\u00edrozott COST 23137 sz\u00e1m\u00fa projektben m\u0171k\u00f6dik k\u00f6zre.<\/p>\n\n\n\n<hr class=\"wp-block-separator has-alpha-channel-opacity\"\/>\n\n\n\n<p>Izvor:<\/p>\n\n\n\n<figure class=\"wp-block-embed is-type-wp-embed is-provider-filozofski-fakultet-osijek wp-block-embed-filozofski-fakultet-osijek\"><div class=\"wp-block-embed__wrapper\">\n<blockquote class=\"wp-embedded-content\" data-secret=\"o6e34F2S4i\"><a href=\"https:\/\/www.ffos.unios.hr\/gostujuce-predavanje-reformirani-od-slavonije-do-banata-u-18-i-19-stoljecu\/\">Gostuju\u0107e predavanje &#8220;Reformirani od Slavonije do Banata u 18. i 19. stolje\u0107u&#8221;<\/a><\/blockquote><iframe loading=\"lazy\" class=\"wp-embedded-content\" sandbox=\"allow-scripts\" security=\"restricted\" style=\"position: absolute; visibility: hidden;\" title=\"&#8220;Gostuju\u0107e predavanje &#8220;Reformirani od Slavonije do Banata u 18. i 19. stolje\u0107u&#8221;&#8221; &#8212; Filozofski fakultet Osijek\" src=\"https:\/\/www.ffos.unios.hr\/gostujuce-predavanje-reformirani-od-slavonije-do-banata-u-18-i-19-stoljecu\/embed\/#?secret=xIwBVNBeyy#?secret=o6e34F2S4i\" data-secret=\"o6e34F2S4i\" width=\"600\" height=\"338\" frameborder=\"0\" marginwidth=\"0\" marginheight=\"0\" scrolling=\"no\"><\/iframe>\n<\/div><\/figure>\n\n\n\n<hr class=\"wp-block-separator has-alpha-channel-opacity\"\/>\n","protected":false},"excerpt":{"rendered":"","protected":false},"author":2,"featured_media":49553,"comment_status":"open","ping_status":"open","sticky":false,"template":"","format":"standard","meta":{"_acf_changed":false,"jetpack_post_was_ever_published":false,"_jetpack_newsletter_access":"","_jetpack_dont_email_post_to_subs":false,"_jetpack_newsletter_tier_id":0,"_jetpack_memberships_contains_paywalled_content":false,"_jetpack_memberships_contains_paid_content":false,"footnotes":"","jetpack_publicize_message":"","jetpack_publicize_feature_enabled":true,"jetpack_social_post_already_shared":true,"jetpack_social_options":{"image_generator_settings":{"template":"highway","default_image_id":0,"font":"","enabled":false},"version":2}},"categories":[3],"tags":[],"class_list":["post-49550","post","type-post","status-publish","format-standard","has-post-thumbnail","hentry","category-novosti"],"acf":{"facebook_opis":""},"jetpack_publicize_connections":[],"jetpack_featured_media_url":"https:\/\/i0.wp.com\/historiografija.hr\/wp-content\/uploads\/2025\/11\/Adam_Hegyi.jpg?fit=683%2C577&ssl=1","jetpack_sharing_enabled":true,"jetpack-related-posts":[],"_links":{"self":[{"href":"https:\/\/historiografija.hr\/index.php?rest_route=\/wp\/v2\/posts\/49550","targetHints":{"allow":["GET"]}}],"collection":[{"href":"https:\/\/historiografija.hr\/index.php?rest_route=\/wp\/v2\/posts"}],"about":[{"href":"https:\/\/historiografija.hr\/index.php?rest_route=\/wp\/v2\/types\/post"}],"author":[{"embeddable":true,"href":"https:\/\/historiografija.hr\/index.php?rest_route=\/wp\/v2\/users\/2"}],"replies":[{"embeddable":true,"href":"https:\/\/historiografija.hr\/index.php?rest_route=%2Fwp%2Fv2%2Fcomments&post=49550"}],"version-history":[{"count":1,"href":"https:\/\/historiografija.hr\/index.php?rest_route=\/wp\/v2\/posts\/49550\/revisions"}],"predecessor-version":[{"id":49552,"href":"https:\/\/historiografija.hr\/index.php?rest_route=\/wp\/v2\/posts\/49550\/revisions\/49552"}],"wp:featuredmedia":[{"embeddable":true,"href":"https:\/\/historiografija.hr\/index.php?rest_route=\/wp\/v2\/media\/49553"}],"wp:attachment":[{"href":"https:\/\/historiografija.hr\/index.php?rest_route=%2Fwp%2Fv2%2Fmedia&parent=49550"}],"wp:term":[{"taxonomy":"category","embeddable":true,"href":"https:\/\/historiografija.hr\/index.php?rest_route=%2Fwp%2Fv2%2Fcategories&post=49550"},{"taxonomy":"post_tag","embeddable":true,"href":"https:\/\/historiografija.hr\/index.php?rest_route=%2Fwp%2Fv2%2Ftags&post=49550"}],"curies":[{"name":"wp","href":"https:\/\/api.w.org\/{rel}","templated":true}]}}