{"id":49538,"date":"2025-11-12T19:41:03","date_gmt":"2025-11-12T19:41:03","guid":{"rendered":"https:\/\/historiografija.hr\/?p=49538"},"modified":"2025-11-12T19:44:07","modified_gmt":"2025-11-12T19:44:07","slug":"promocija-znanstvene-monografije-indija-i-juzna-azija-etnicnost-i-stvaranje-nacija-drzava","status":"publish","type":"post","link":"https:\/\/historiografija.hr\/?p=49538","title":{"rendered":"Promocija znanstvene monografije \u201cIndija i Ju\u017ena Azija: etni\u010dnost i stvaranje nacija-dr\u017eava\u201d"},"content":{"rendered":"\n<p>U Knji\u017enici i \u010ditaonici Bogdana Ogrizovi\u0107a u Zagrebu, u <strong>\u010detvrtak, 13. studenoga 2025. u 19:30 sati<\/strong>, odr\u017eat \u0107e se promocija znanstvene monografije <strong>dr. sc. Ru\u017eice \u010ci\u010dak-Chand<\/strong> pod naslovom <strong>\u201cIndija i Ju\u017ena Azija: etni\u010dnost i stvaranje nacija-dr\u017eava\u201d<\/strong>.<\/p>\n\n\n\n<p>O knjizi \u0107e govoriti:<\/p>\n\n\n\n<ul class=\"wp-block-list\">\n<li>izv. prof. dr. sc. Ivan Andrijani\u0107<\/li>\n\n\n\n<li>izv. prof. dr. sc. Drago \u017dupari\u0107-Ilji\u0107<\/li>\n\n\n\n<li>autorica, dr. sc. Ru\u017eica \u010ci\u010dak-Chand<\/li>\n\n\n\n<li>urednica, dr. sc. Margareta Gregurovi\u0107<\/li>\n<\/ul>\n\n\n\n<p>U prilogu se nalazi pozivnica s dodatnim informacijama o knjizi.<\/p>\n\n\n\n<figure class=\"wp-block-image size-full\"><img data-recalc-dims=\"1\" loading=\"lazy\" decoding=\"async\" width=\"841\" height=\"595\" data-attachment-id=\"49541\" data-permalink=\"https:\/\/historiografija.hr\/?attachment_id=49541\" data-orig-file=\"https:\/\/i0.wp.com\/historiografija.hr\/wp-content\/uploads\/2025\/11\/HSD_poziv-na-promociju-knjige-Indija-i-Juzna-Azija.png?fit=841%2C595&amp;ssl=1\" data-orig-size=\"841,595\" data-comments-opened=\"1\" data-image-meta=\"{&quot;aperture&quot;:&quot;0&quot;,&quot;credit&quot;:&quot;&quot;,&quot;camera&quot;:&quot;&quot;,&quot;caption&quot;:&quot;&quot;,&quot;created_timestamp&quot;:&quot;0&quot;,&quot;copyright&quot;:&quot;&quot;,&quot;focal_length&quot;:&quot;0&quot;,&quot;iso&quot;:&quot;0&quot;,&quot;shutter_speed&quot;:&quot;0&quot;,&quot;title&quot;:&quot;&quot;,&quot;orientation&quot;:&quot;0&quot;}\" data-image-title=\"HSD_poziv-na-promociju-knjige-Indija-i-Juzna-Azija\" data-image-description=\"\" data-image-caption=\"\" data-large-file=\"https:\/\/i0.wp.com\/historiografija.hr\/wp-content\/uploads\/2025\/11\/HSD_poziv-na-promociju-knjige-Indija-i-Juzna-Azija.png?fit=841%2C595&amp;ssl=1\" src=\"https:\/\/i0.wp.com\/historiografija.hr\/wp-content\/uploads\/2025\/11\/HSD_poziv-na-promociju-knjige-Indija-i-Juzna-Azija.png?resize=841%2C595&#038;ssl=1\" alt=\"\" class=\"wp-image-49541\" srcset=\"https:\/\/i0.wp.com\/historiografija.hr\/wp-content\/uploads\/2025\/11\/HSD_poziv-na-promociju-knjige-Indija-i-Juzna-Azija.png?w=841&amp;ssl=1 841w, https:\/\/i0.wp.com\/historiografija.hr\/wp-content\/uploads\/2025\/11\/HSD_poziv-na-promociju-knjige-Indija-i-Juzna-Azija.png?resize=300%2C212&amp;ssl=1 300w, https:\/\/i0.wp.com\/historiografija.hr\/wp-content\/uploads\/2025\/11\/HSD_poziv-na-promociju-knjige-Indija-i-Juzna-Azija.png?resize=768%2C543&amp;ssl=1 768w\" sizes=\"auto, (max-width: 841px) 100vw, 841px\" \/><\/figure>\n\n\n\n<hr class=\"wp-block-separator has-alpha-channel-opacity\"\/>\n\n\n\n<p>Izvori i dodatne obavijesti:<\/p>\n\n\n\n<figure class=\"wp-block-embed is-type-wp-embed is-provider-hrvatsko-sociolo-ko-dru-tvo wp-block-embed-hrvatsko-sociolo-ko-dru-tvo\"><div class=\"wp-block-embed__wrapper\">\n<blockquote class=\"wp-embedded-content\" data-secret=\"Aws4OFn8B3\"><a href=\"https:\/\/hsd.hr\/2025\/11\/04\/pozivamo-vas-na-promociju-znanstvene-monografije-indija-i-juzna-azija-etnicnost-i-stvaranje-nacija-drzava\/\">Pozivamo vas na promociju znanstvene monografije: &#8220;Indija i Ju\u017ena Azija: etni\u010dnost i stvaranje nacija-dr\u017eava&#8221;<\/a><\/blockquote><iframe loading=\"lazy\" class=\"wp-embedded-content\" sandbox=\"allow-scripts\" security=\"restricted\" style=\"position: absolute; visibility: hidden;\" title=\"&#8220;Pozivamo vas na promociju znanstvene monografije: &#8220;Indija i Ju\u017ena Azija: etni\u010dnost i stvaranje nacija-dr\u017eava&#8221;&#8221; &#8212; Hrvatsko sociolo\u0161ko dru\u0161tvo\" src=\"https:\/\/hsd.hr\/2025\/11\/04\/pozivamo-vas-na-promociju-znanstvene-monografije-indija-i-juzna-azija-etnicnost-i-stvaranje-nacija-drzava\/embed\/#?secret=8ECGs9P4R9#?secret=Aws4OFn8B3\" data-secret=\"Aws4OFn8B3\" width=\"600\" height=\"338\" frameborder=\"0\" marginwidth=\"0\" marginheight=\"0\" scrolling=\"no\"><\/iframe>\n<\/div><\/figure>\n\n\n\n<p><a href=\"https:\/\/www.kgz.hr\/hr\/dogadjanja\/indiija-i-juzna-azija\/71821\">https:\/\/www.kgz.hr\/hr\/dogadjanja\/indiija-i-juzna-azija\/71821<\/a><\/p>\n\n\n\n<p><a href=\"https:\/\/imin.hr\/2025\/10\/13\/indija-i-juzna-azija-etnicnost-i-stvaranje-nacija-drzava\">https:\/\/imin.hr\/2025\/10\/13\/indija-i-juzna-azija-etnicnost-i-stvaranje-nacija-drzava<\/a><\/p>\n\n\n\n<hr class=\"wp-block-separator has-alpha-channel-opacity\"\/>\n\n\n\n<p><\/p>\n","protected":false},"excerpt":{"rendered":"","protected":false},"author":2,"featured_media":49539,"comment_status":"open","ping_status":"open","sticky":false,"template":"","format":"standard","meta":{"_acf_changed":false,"jetpack_post_was_ever_published":false,"_jetpack_newsletter_access":"","_jetpack_dont_email_post_to_subs":false,"_jetpack_newsletter_tier_id":0,"_jetpack_memberships_contains_paywalled_content":false,"_jetpack_memberships_contains_paid_content":false,"footnotes":"","jetpack_publicize_message":"","jetpack_publicize_feature_enabled":true,"jetpack_social_post_already_shared":true,"jetpack_social_options":{"image_generator_settings":{"template":"highway","default_image_id":0,"font":"","enabled":false},"version":2}},"categories":[3],"tags":[],"class_list":["post-49538","post","type-post","status-publish","format-standard","has-post-thumbnail","hentry","category-novosti"],"acf":{"facebook_opis":""},"jetpack_publicize_connections":[],"jetpack_featured_media_url":"https:\/\/i0.wp.com\/historiografija.hr\/wp-content\/uploads\/2025\/11\/nacija-drzava.jpg?fit=180%2C280&ssl=1","jetpack_sharing_enabled":true,"jetpack-related-posts":[],"_links":{"self":[{"href":"https:\/\/historiografija.hr\/index.php?rest_route=\/wp\/v2\/posts\/49538","targetHints":{"allow":["GET"]}}],"collection":[{"href":"https:\/\/historiografija.hr\/index.php?rest_route=\/wp\/v2\/posts"}],"about":[{"href":"https:\/\/historiografija.hr\/index.php?rest_route=\/wp\/v2\/types\/post"}],"author":[{"embeddable":true,"href":"https:\/\/historiografija.hr\/index.php?rest_route=\/wp\/v2\/users\/2"}],"replies":[{"embeddable":true,"href":"https:\/\/historiografija.hr\/index.php?rest_route=%2Fwp%2Fv2%2Fcomments&post=49538"}],"version-history":[{"count":4,"href":"https:\/\/historiografija.hr\/index.php?rest_route=\/wp\/v2\/posts\/49538\/revisions"}],"predecessor-version":[{"id":49544,"href":"https:\/\/historiografija.hr\/index.php?rest_route=\/wp\/v2\/posts\/49538\/revisions\/49544"}],"wp:featuredmedia":[{"embeddable":true,"href":"https:\/\/historiografija.hr\/index.php?rest_route=\/wp\/v2\/media\/49539"}],"wp:attachment":[{"href":"https:\/\/historiografija.hr\/index.php?rest_route=%2Fwp%2Fv2%2Fmedia&parent=49538"}],"wp:term":[{"taxonomy":"category","embeddable":true,"href":"https:\/\/historiografija.hr\/index.php?rest_route=%2Fwp%2Fv2%2Fcategories&post=49538"},{"taxonomy":"post_tag","embeddable":true,"href":"https:\/\/historiografija.hr\/index.php?rest_route=%2Fwp%2Fv2%2Ftags&post=49538"}],"curies":[{"name":"wp","href":"https:\/\/api.w.org\/{rel}","templated":true}]}}