{"id":49528,"date":"2025-11-12T19:08:27","date_gmt":"2025-11-12T19:08:27","guid":{"rendered":"https:\/\/historiografija.hr\/?p=49528"},"modified":"2025-11-12T19:08:27","modified_gmt":"2025-11-12T19:08:27","slug":"katarina-nina-simoncic-moda-povijest-odijevanja-mode-i-modnog-dizajna","status":"publish","type":"post","link":"https:\/\/historiografija.hr\/?p=49528","title":{"rendered":"Katarina Nina Simon\u010di\u010d, \u201eModa &#8211; Povijest odijevanja, mode i modnog dizajna\u201c"},"content":{"rendered":"\n<p>Cjelovit i sistemati\u010dan pregled povijesti odijevanja, mode i modnoga dizajna prvo je takvo izvorno izdanje na hrvatskome jeziku. Polaze\u0107i od ideje odje\u0107e kao \u201ematerijalizirane granice izme\u0111u pojedinca (nositelja) i zajednice (dru\u0161tva), izme\u0111u osobnog i javnog prostora\u201d koja \u201epoput lakmus-papira apsorbira i zrcali sva kulturolo\u0161ka, ali i individualna htijenja i promjene\u201d, dr. sc. Katarina Nina Simon\u010di\u010d u kulturno-antropolo\u0161kom diskursu daje pregled povijesti odijevanja, mode i modnoga dizajna zapadnog svijeta od pretpovijesti do kraja 20. stolje\u0107a. Kronolo\u0161ki pregled povijesnih razdoblja podijeljen je na tri pojmovne i vremenske faze. Prva, Povijest odijevanja, promatra se unutar vremenskih okosnica od prapovijesti do 14. stolje\u0107a. Drugi dio knjige \u2013 Povijest mode \u2013 prati odjevne forme i modne fenomene od kasne gotike i rane renesanse do sredine 19. stolje\u0107a, kada industrijska ali i dru\u0161tvena revolucija nadogra\u0111uju i pro\u0161iruju zna\u010denje mode. Tre\u0107a etapa i tre\u0107i dio knjige posve\u0107en je povijesti modnog dizajna, a zapo\u010dinje pojavom prvog modnog dizajnera Charlesa Fredericka Wortha (1825. &#8211; 1895.) te zavr\u0161ava posljednjim desetlje\u0107em 20. stolje\u0107a.<br><br>Dok se pregled razdoblja povijesti odijevanja do 14. stolje\u0107a temelji na likovnim, pisanim te osobito tekstilnim fragmentima i odjevnim artefaktima, modni fenomeni od 14. stolje\u0107a promatraju se kroz dru\u0161tveno-politi\u010dku te ekonomsku uvjetovanost. U povijesnom pregledu modnog dizajna, osim predstavljanja pojedinih modnih dizajnera, mapiraju se promjene zna\u010denja odjevnog proizvoda, tematizira se odnos mode i medija, umjetnosti i politike, kao i uvjetovanost modne produkcije novim tehnologijama u posljednjim desetlje\u0107ima 20. stolje\u0107a i u novom mileniju.<br><br>Modi se pristupa kao zrcalu vremena te najosjetljivijem pokazatelju dru\u0161tvene dinamike. Osim promatranja transformacije odjevne siluete, sagledava se i transformaciju zna\u010denja fenomena mode: od sredstva klasnog razlikovanja tijekom povijesti do njezine utkanosti u sve pore svakodnevice dru\u0161tva i pojedinca tijekom 20. stolje\u0107a, kada uloga medija modu pretvara u vizualnu impresiju slojevitih zna\u010denja i me\u0111uodnosa tijela, odjevne ovojnice i identiteta.<br><br>Knjiga je bogato opremljena s vi\u0161e od petsto fotografija i ilustracija. Iako je prvenstveno namijenjena studentima modnog i tekstilnog dizajna, povijesti umjetnosti i kulturne antropologije, knjiga je pisana pripovjednim tonom i sadr\u017eava mnogobrojne primjere i anegdote izvjesne \u017eivotnosti. Osim u rukama studenata i stru\u010dnjaka, knjiga \u0107e se zasigurno na\u0107i i u rukama zaljubljenika u modu, umjetnika, dizajnera i svih onih koji modu i odijevanje shva\u0107aju kao kompleksan proces razmjene izme\u0111u pojedinca i dru\u0161tva, ali i modalitet izra\u017eavanja vlastite osobnosti, stajali\u0161ta i interesa.<\/p>\n\n\n\n<hr class=\"wp-block-separator has-alpha-channel-opacity\"\/>\n\n\n\n<p><strong>O autoru:<\/strong><\/p>\n\n\n\n<p>Dr. sc. Katarina Nina Simon\u010di\u010d (Ljubljana, 1975.) redovita je profesorica na Zavodu za dizajn tekstila i odje\u0107e na Tekstilno-tehnolo\u0161kom fakultetu Sveu\u010dili\u0161ta u Zagrebu, gdje nositeljica i izvoditeljica vi\u0161e kolegija posve\u0107enih povijesti mode i odijevanja na preddiplomskom i diplomskom studiju. Diplomirala je 1998. na Tekstilno-tehnolo\u0161kom fakultetu u Zagrebu te 2002. na Filozofskom fakultetu u Zagrebu dvopredmetni studij povijesti umjetnosti i etnologije. Doktorirala je 2010. na Filozofskom fakultetu u Zagrebu temom \u201eKultura odijevanja na prijelazu iz 19. u 20 stolje\u0107e u Zagrebu\u201d, na temelju koje je napisala prvu knjigu o povijesti mode na tlu Hrvatske. Njezin je znanstveni rad usmjeren na prou\u010davanje poveznica izme\u0111u povijesti odijevanja i dru\u0161tveno-kulturalne reprezentacije odje\u0107e u vizualnim izvorima kao \u0161to su slikarstvo, grafika i fotografija. Bavi se povijesno-modnim zaokretima te razvojem marginalnih odjevnih diskursa tijekom pojedinih stilskih razdoblja.<\/p>\n\n\n\n<hr class=\"wp-block-separator has-alpha-channel-opacity\"\/>\n\n\n\n<p>Nakladnik: \u0160kolska knjiga<\/p>\n\n\n\n<p>Godina izdanja: 2025<\/p>\n\n\n\n<p>Vrsta proizvoda: sveu\u010dili\u0161ni ud\u017ebenik<\/p>\n\n\n\n<p>Broj stranica: 448<\/p>\n\n\n\n<hr class=\"wp-block-separator has-alpha-channel-opacity\"\/>\n\n\n\n<p>Izvor:<\/p>\n\n\n\n<p><a href=\"https:\/\/shop.skolskaknjiga.hr\/moda-povijest-odijevanja-mode-i-modnog-dizajna\">https:\/\/shop.skolskaknjiga.hr\/moda-povijest-odijevanja-mode-i-modnog-dizajna<\/a><\/p>\n\n\n\n<hr class=\"wp-block-separator has-alpha-channel-opacity\"\/>\n","protected":false},"excerpt":{"rendered":"","protected":false},"author":2,"featured_media":49529,"comment_status":"open","ping_status":"open","sticky":false,"template":"","format":"standard","meta":{"_acf_changed":false,"jetpack_post_was_ever_published":false,"_jetpack_newsletter_access":"","_jetpack_dont_email_post_to_subs":false,"_jetpack_newsletter_tier_id":0,"_jetpack_memberships_contains_paywalled_content":false,"_jetpack_memberships_contains_paid_content":false,"footnotes":"","jetpack_publicize_message":"","jetpack_publicize_feature_enabled":true,"jetpack_social_post_already_shared":true,"jetpack_social_options":{"image_generator_settings":{"template":"highway","default_image_id":0,"font":"","enabled":false},"version":2}},"categories":[8,3],"tags":[],"class_list":["post-49528","post","type-post","status-publish","format-standard","has-post-thumbnail","hentry","category-knjige","category-novosti"],"acf":{"facebook_opis":""},"jetpack_publicize_connections":[],"jetpack_featured_media_url":"https:\/\/i0.wp.com\/historiografija.hr\/wp-content\/uploads\/2025\/11\/Moda.jpg?fit=997%2C1280&ssl=1","jetpack_sharing_enabled":true,"jetpack-related-posts":[{"id":52502,"url":"https:\/\/historiografija.hr\/?p=52502","url_meta":{"origin":49528,"position":0},"title":"Novi znanstveni projekt Hrvatskog instituta za povijest: \u201c\u017drtve ratova i dr\u017eavnog\/politi\u010dkog nasilja u hrvatskoj povijesti 20. stolje\u0107a\u201d","author":"Branimir Jankovi\u0107","date":"17. travnja 2026.","format":false,"excerpt":"Na redovitoj sjednici Vlade RH, 16. travnja 2026., donijet je Zaklju\u010dak kojim se pokre\u0107e znanstveni projekt \u201c\u017drtve ratova i dr\u017eavnog\/politi\u010dkog nasilja u hrvatskoj povijesti 20. stolje\u0107a\u201d. Projekt \u0107e provoditi i koordinirati Hrvatski institut za povijest u razdoblju trajanja projekta od pet godina. Zakljucak Vlade RH Iz teksta projektnog prijedloga: Problematika\u2026","rel":"","context":"U &quot;Novosti&quot;","block_context":{"text":"Novosti","link":"https:\/\/historiografija.hr\/?cat=3"},"img":{"alt_text":"","src":"https:\/\/i0.wp.com\/historiografija.hr\/wp-content\/uploads\/2026\/04\/Vlada-RH.jpg?fit=1200%2C557&ssl=1&resize=350%2C200","width":350,"height":200,"srcset":"https:\/\/i0.wp.com\/historiografija.hr\/wp-content\/uploads\/2026\/04\/Vlada-RH.jpg?fit=1200%2C557&ssl=1&resize=350%2C200 1x, https:\/\/i0.wp.com\/historiografija.hr\/wp-content\/uploads\/2026\/04\/Vlada-RH.jpg?fit=1200%2C557&ssl=1&resize=525%2C300 1.5x, https:\/\/i0.wp.com\/historiografija.hr\/wp-content\/uploads\/2026\/04\/Vlada-RH.jpg?fit=1200%2C557&ssl=1&resize=700%2C400 2x, https:\/\/i0.wp.com\/historiografija.hr\/wp-content\/uploads\/2026\/04\/Vlada-RH.jpg?fit=1200%2C557&ssl=1&resize=1050%2C600 3x"},"classes":[]},{"id":52592,"url":"https:\/\/historiografija.hr\/?p=52592","url_meta":{"origin":49528,"position":1},"title":"Predstavljanje knjige &#8220;Turska ku\u0107a u Rijeci&#8221; u Zagrebu","author":"Branimir Jankovi\u0107","date":"22. travnja 2026.","format":false,"excerpt":"U prostorijama Turskog kulturnog centra Yunus Emre u Zagrebu, u utorak 21. travnja 2026. godine, odr\u017eano je sve\u010dano predstavljanje dopunjenog izdanja knjige Turska ku\u0107a u Rijeci, u organizaciji Hrvatsko-turskog dru\u0161tva Rijeka i partnerstvu sa Skupinom prijateljstva Hrvatska-Turska Hrvatskog sabora, Veleposlanstvom Republike Turske u Republici Hrvatskoj te Turskim kulturnim centrom Yunus\u2026","rel":"","context":"U &quot;Novosti&quot;","block_context":{"text":"Novosti","link":"https:\/\/historiografija.hr\/?cat=3"},"img":{"alt_text":"","src":"https:\/\/i0.wp.com\/historiografija.hr\/wp-content\/uploads\/2026\/04\/Turska-kuca-ZG.jpg?fit=1200%2C800&ssl=1&resize=350%2C200","width":350,"height":200,"srcset":"https:\/\/i0.wp.com\/historiografija.hr\/wp-content\/uploads\/2026\/04\/Turska-kuca-ZG.jpg?fit=1200%2C800&ssl=1&resize=350%2C200 1x, https:\/\/i0.wp.com\/historiografija.hr\/wp-content\/uploads\/2026\/04\/Turska-kuca-ZG.jpg?fit=1200%2C800&ssl=1&resize=525%2C300 1.5x, https:\/\/i0.wp.com\/historiografija.hr\/wp-content\/uploads\/2026\/04\/Turska-kuca-ZG.jpg?fit=1200%2C800&ssl=1&resize=700%2C400 2x, https:\/\/i0.wp.com\/historiografija.hr\/wp-content\/uploads\/2026\/04\/Turska-kuca-ZG.jpg?fit=1200%2C800&ssl=1&resize=1050%2C600 3x"},"classes":[]},{"id":52499,"url":"https:\/\/historiografija.hr\/?p=52499","url_meta":{"origin":49528,"position":2},"title":"POTPISAN UGOVOR O ZNANSTVENO-ISTRA\u017dIVA\u010cKOJ SURADNJI: PROJEKT \u201eTEMELJI HRVATSKE SAMOSTALNOSTI\u201d","author":"Branimir Jankovi\u0107","date":"17. travnja 2026.","format":false,"excerpt":"Hrvatski institut za povijest, Sveu\u010dili\u0161te obrane i sigurnosti \u201eDr. Franjo Tu\u0111man\u201d, Institut dru\u0161tvenih znanosti Ivo Pilar i Hrvatski dr\u017eavni arhiv\u00a0potpisali su 23. o\u017eujka 2026.\u00a0Ugovor o znanstveno-istra\u017eiva\u010dkoj suradnji s ciljem provedbe projekta \u201eTemelji hrvatske samostalnosti\u201d. Tim projektom obuhva\u0107a se istra\u017eivanje arhivskoga gradiva, priprema znanstvenih publikacija, digitalizacija i javna prezentacija rezultata istra\u017eivanja\u2026","rel":"","context":"U &quot;Novosti&quot;","block_context":{"text":"Novosti","link":"https:\/\/historiografija.hr\/?cat=3"},"img":{"alt_text":"","src":"https:\/\/i0.wp.com\/historiografija.hr\/wp-content\/uploads\/2026\/04\/THS_sporazum.jpg?fit=1200%2C583&ssl=1&resize=350%2C200","width":350,"height":200,"srcset":"https:\/\/i0.wp.com\/historiografija.hr\/wp-content\/uploads\/2026\/04\/THS_sporazum.jpg?fit=1200%2C583&ssl=1&resize=350%2C200 1x, https:\/\/i0.wp.com\/historiografija.hr\/wp-content\/uploads\/2026\/04\/THS_sporazum.jpg?fit=1200%2C583&ssl=1&resize=525%2C300 1.5x, https:\/\/i0.wp.com\/historiografija.hr\/wp-content\/uploads\/2026\/04\/THS_sporazum.jpg?fit=1200%2C583&ssl=1&resize=700%2C400 2x, https:\/\/i0.wp.com\/historiografija.hr\/wp-content\/uploads\/2026\/04\/THS_sporazum.jpg?fit=1200%2C583&ssl=1&resize=1050%2C600 3x"},"classes":[]},{"id":52607,"url":"https:\/\/historiografija.hr\/?p=52607","url_meta":{"origin":49528,"position":3},"title":"No\u0107 knjige: Kako je prije 410 godina smr\u0107u Shakespearea i Cervantesa zavr\u0161ilo razdoblje renesanse u knji\u017eevnosti","author":"Branimir Jankovi\u0107","date":"22. travnja 2026.","format":false,"excerpt":"\u010cetvrtak, 23. travnja 2026. u 18:00 sati, Knji\u017eara Matice hrvatske, Ulica Matice hrvatske 2, Zagreb Uvodna rije\u010d: dr. sc.\u00a0Dubravka Brezak Stama\u0107, pro\u010delnica Odjela za knji\u017eevnost Matice hrvatske Prof. dr. sc. Ivan Lupi\u0107, redoviti profesor u Odsjeku za anglistiku i Odsjeku za kroatistiku Sveu\u010dili\u0161ta u RijeciShakespeare, kazali\u0161te, glazbaKada se susre\u0107emo sa\u2026","rel":"","context":"U &quot;Novosti&quot;","block_context":{"text":"Novosti","link":"https:\/\/historiografija.hr\/?cat=3"},"img":{"alt_text":"","src":"https:\/\/i0.wp.com\/historiografija.hr\/wp-content\/uploads\/2026\/04\/noc_knjige_2026.jpg?fit=680%2C276&ssl=1&resize=350%2C200","width":350,"height":200,"srcset":"https:\/\/i0.wp.com\/historiografija.hr\/wp-content\/uploads\/2026\/04\/noc_knjige_2026.jpg?fit=680%2C276&ssl=1&resize=350%2C200 1x, https:\/\/i0.wp.com\/historiografija.hr\/wp-content\/uploads\/2026\/04\/noc_knjige_2026.jpg?fit=680%2C276&ssl=1&resize=525%2C300 1.5x"},"classes":[]},{"id":52539,"url":"https:\/\/historiografija.hr\/?p=52539","url_meta":{"origin":49528,"position":4},"title":"Drugi po redu studentski simpozij &#8220;In fonte veritas&#8221;","author":"Branimir Jankovi\u0107","date":"20. travnja 2026.","format":false,"excerpt":"U srijedu, 22. travnja 2026. godine, u dvorani C 0.4 na Hrvatskom katoli\u010dkom sveu\u010dili\u0161tu odr\u017eat \u0107e se drugi studentski simpozij \u201eIn fonte veritas\". Ovogodi\u0161nja sredi\u0161nja tema simpozija je Papinstvo. Kroz istra\u017eiva\u010dko suo\u010davanje s povijesnim izvorima deset \u0107e studenata predstaviti rezultate svojih istra\u017eivanja o instituciji koja je stolje\u0107ima oblikovala europsku i\u2026","rel":"","context":"U &quot;Novosti&quot;","block_context":{"text":"Novosti","link":"https:\/\/historiografija.hr\/?cat=3"},"img":{"alt_text":"","src":"https:\/\/i0.wp.com\/historiografija.hr\/wp-content\/uploads\/2026\/04\/Papinstvo.png?fit=1024%2C500&ssl=1&resize=350%2C200","width":350,"height":200,"srcset":"https:\/\/i0.wp.com\/historiografija.hr\/wp-content\/uploads\/2026\/04\/Papinstvo.png?fit=1024%2C500&ssl=1&resize=350%2C200 1x, https:\/\/i0.wp.com\/historiografija.hr\/wp-content\/uploads\/2026\/04\/Papinstvo.png?fit=1024%2C500&ssl=1&resize=525%2C300 1.5x, https:\/\/i0.wp.com\/historiografija.hr\/wp-content\/uploads\/2026\/04\/Papinstvo.png?fit=1024%2C500&ssl=1&resize=700%2C400 2x"},"classes":[]},{"id":52578,"url":"https:\/\/historiografija.hr\/?p=52578","url_meta":{"origin":49528,"position":5},"title":"Poziv za sudjelovanje: XXII. Dani Julija Bene\u0161i\u0107a u Iloku","author":"Branimir Jankovi\u0107","date":"21. travnja 2026.","format":false,"excerpt":"Zavod za lingvisti\u010dka istra\u017eivanja Hrvatske akademije znanosti i umjetnosti, zajedno s Muzejom grada Iloka, organizira XXII. Dane Julija Bene\u0161i\u0107a, koji \u0107e se odr\u017eati od 28. do 30. listopada 2026. u Iloku.\u00a0Teme ovogodi\u0161njih Dana podijeljene su u dvije cjeline: Knji\u017eevno-jezikoslovni d\u00ecv\u0101n s Bene\u0161i\u0107em te Ilok i Srijem u povijesnim stalnicama i\u2026","rel":"","context":"U &quot;Novosti&quot;","block_context":{"text":"Novosti","link":"https:\/\/historiografija.hr\/?cat=3"},"img":{"alt_text":"","src":"https:\/\/i0.wp.com\/historiografija.hr\/wp-content\/uploads\/2019\/10\/HE2_Benesic.jpg?fit=413%2C591&ssl=1&resize=350%2C200","width":350,"height":200},"classes":[]}],"_links":{"self":[{"href":"https:\/\/historiografija.hr\/index.php?rest_route=\/wp\/v2\/posts\/49528","targetHints":{"allow":["GET"]}}],"collection":[{"href":"https:\/\/historiografija.hr\/index.php?rest_route=\/wp\/v2\/posts"}],"about":[{"href":"https:\/\/historiografija.hr\/index.php?rest_route=\/wp\/v2\/types\/post"}],"author":[{"embeddable":true,"href":"https:\/\/historiografija.hr\/index.php?rest_route=\/wp\/v2\/users\/2"}],"replies":[{"embeddable":true,"href":"https:\/\/historiografija.hr\/index.php?rest_route=%2Fwp%2Fv2%2Fcomments&post=49528"}],"version-history":[{"count":1,"href":"https:\/\/historiografija.hr\/index.php?rest_route=\/wp\/v2\/posts\/49528\/revisions"}],"predecessor-version":[{"id":49530,"href":"https:\/\/historiografija.hr\/index.php?rest_route=\/wp\/v2\/posts\/49528\/revisions\/49530"}],"wp:featuredmedia":[{"embeddable":true,"href":"https:\/\/historiografija.hr\/index.php?rest_route=\/wp\/v2\/media\/49529"}],"wp:attachment":[{"href":"https:\/\/historiografija.hr\/index.php?rest_route=%2Fwp%2Fv2%2Fmedia&parent=49528"}],"wp:term":[{"taxonomy":"category","embeddable":true,"href":"https:\/\/historiografija.hr\/index.php?rest_route=%2Fwp%2Fv2%2Fcategories&post=49528"},{"taxonomy":"post_tag","embeddable":true,"href":"https:\/\/historiografija.hr\/index.php?rest_route=%2Fwp%2Fv2%2Ftags&post=49528"}],"curies":[{"name":"wp","href":"https:\/\/api.w.org\/{rel}","templated":true}]}}