{"id":49493,"date":"2025-11-11T17:49:17","date_gmt":"2025-11-11T17:49:17","guid":{"rendered":"https:\/\/historiografija.hr\/?p=49493"},"modified":"2025-11-11T18:09:02","modified_gmt":"2025-11-11T18:09:02","slug":"interliber-2025-program-promocija-skolske-knjige","status":"publish","type":"post","link":"https:\/\/historiografija.hr\/?p=49493","title":{"rendered":"Interliber 2025: Program promocija \u0160KOLSKE KNJIGE"},"content":{"rendered":"\n<p>UTORAK,\u00a0 11. STUDENOGA<\/p>\n\n\n\n<hr class=\"wp-block-separator has-alpha-channel-opacity\"\/>\n\n\n\n<p>12:00 <strong>ZVRK<\/strong><\/p>\n\n\n\n<p><strong>Ivan ARALICA<\/strong><\/p>\n\n\n\n<p>Knjigu pri\u010da predstavit \u0107e dr. sc. <strong>Ante \u017dU\u017dUL,<\/strong> predsjednik Upravnog odbora \u0160kolske knjige, dr. sc. <strong>Damir PE\u0160ORDA <\/strong>i urednica <strong>Miroslava VU\u010cI\u0106<\/strong><\/p>\n\n\n\n<hr class=\"wp-block-separator has-alpha-channel-opacity\"\/>\n\n\n\n<p>17:00 <strong>STALJINOVA OSVETA<\/strong><\/p>\n\n\n\n<p><strong>Nikolaj TOLSTOJ<\/strong><\/p>\n\n\n\n<p>Knjigu \u0107e predstaviti dr. sc. <strong>Ante \u017dU\u017dUL,<\/strong> predsjednik Upravnog odbora \u0160kolske knjige, dr. sc. <strong>Robin HARRIS<\/strong> i urednik knjige dr. sc. <strong>Deniver VUKELI\u0106.<\/strong><\/p>\n\n\n\n<hr class=\"wp-block-separator has-alpha-channel-opacity\"\/>\n\n\n\n<p>18:00 <strong>MODA: POVIJEST ODIJEVANJA, MODE I MODNOG DIZAJNA<\/strong><\/p>\n\n\n\n<p><strong>Katarina Nina SIMON\u010cI\u010c<\/strong><\/p>\n\n\n\n<p>Sveu\u010dili\u0161ni ud\u017ebenik predstavit \u0107e dr. sc. <strong>Iva JAZBEC TOMAI\u0106,<\/strong> docentica na Akademiji primijenjenih umjetnosti Sveu\u010dili\u0161ta u Rijeci, dr. sc. <strong>Duje KOD\u017dOMAN,<\/strong> vi\u0161i asistent na Tekstilno-tehnolo\u0161kom fakultetu Sveu\u010dili\u0161ta u Zagrebu, <strong>Silvio VUJI\u010cI\u0106,<\/strong> vizualni umjetnik i modni dizajner, autorica dr. sc. Katarina Nina SIMON\u010cI\u010c, redovita profesorica na Tekstilno-tehnolo\u0161kom fakultetu Sveu\u010dili\u0161ta u Zagrebu, i urednica<strong> Jozefina \u0106URKOVI\u0106.<\/strong><\/p>\n\n\n\n<hr class=\"wp-block-separator has-alpha-channel-opacity\"\/>\n\n\n\n<p>SRIJEDA,\u00a0 12. STUDENOGA<\/p>\n\n\n\n<hr class=\"wp-block-separator has-alpha-channel-opacity\"\/>\n\n\n\n<p>12:00 <strong>REX CROATORUM TOMISLAV<\/strong><\/p>\n\n\n\n<p><strong>Hrvoje Hitrec<\/strong><\/p>\n\n\n\n<p>Povijesni roman <em>Rex Croatorum Tomislav<\/em> predstavit \u0107e dr. sc. <strong>Ante \u017dU\u017dUL<\/strong>, predsjednik Upravnog odbora \u0160kolske knjige, akademkinja <strong>Helena SABLI\u0106 TOMI\u0106<\/strong> i urednica <strong>Miroslava VU\u010cI\u0106.<\/strong><\/p>\n\n\n\n<p>Ulomke iz romana kazivat \u0107e glumci Kazali\u0161ta TRE\u0160NJA<strong> Lucija RUKAVINA <\/strong>i<strong> Kruno KLABU\u010cAR.<\/strong><\/p>\n\n\n\n<hr class=\"wp-block-separator has-alpha-channel-opacity\"\/>\n\n\n\n<p>13:00 <strong>TRE\u0106E KOLO DJELA MIROSLAVA KRLE\u017dE<\/strong><\/p>\n\n\n\n<p>Tre\u0107e kolo <em>Djela Miroslava Krle\u017ee (<\/em>romani<em> Tri kavaljera frajle Melanije i Vra\u017eji otok, Na rubu pameti, <\/em>dramska zbirka<em> Legende, <\/em>novele<em> Hrvatski bog Mars, Poezija, <\/em>putopisi, feljtoni, eseji i studije<em> Izlet u Rusiju <\/em>te trosve\u0161\u010dani izbor<em> Eseji, kritike i zapisi u <\/em>3 knjige) predstavit \u0107e Velimir Neidhardt, predsjednik HAZU-a, dr. sc. <strong>Ante \u017dU\u017dUL,<\/strong> predsjednik Upravnog odbora \u0160kolske knjige, akademik <strong>Kre\u0161imir NEMEC,<\/strong> akademik <strong>Boris SENKER,<\/strong> akademkinja <strong>Helena SABLI\u0106 TOMI\u0106,<\/strong> dr. sc. <strong>Slaven JURI\u0106,<\/strong> dr. sc. <strong>Suzana MARJANI\u0106<\/strong> i urednica <strong>Miroslava VU\u010cI\u0106.<\/strong><\/p>\n\n\n\n<hr class=\"wp-block-separator has-alpha-channel-opacity\"\/>\n\n\n\n<p>15:00 <strong>SABRANA DJELA DRAGUTINA TADIJANOVI\u0106A<\/strong><\/p>\n\n\n\n<p><em>Sabrana djela Dragutina Tadijanovi\u0107a<\/em> predstavit \u0107e <strong>Velimir NEIDHARDT,<\/strong> predsjednik HAZU-a, dr. sc. <strong>Ante \u017dU\u017dUL,<\/strong> predsjednik Upravnog odbora \u0160kolske knjige, <strong>Miroslav MI\u0106ANOVI\u0106,<\/strong> akademkinja <strong>Helena SABLI\u0106 TOMI\u0106, Katica IVANKOVI\u0106, Andy JEL\u010cI\u0106, Mate MARAS<\/strong> i urednica <strong>Miroslava VU\u010cI\u0106.<\/strong><\/p>\n\n\n\n<p>Stihove \u0107e kazivati glumci <strong>Sini\u0161a RU\u017dI\u0106<\/strong> i<strong> Vedran MLIKOTA.<\/strong><\/p>\n\n\n\n<hr class=\"wp-block-separator has-alpha-channel-opacity\"\/>\n\n\n\n<p>17:00 <strong>KRSTO FRANKAPAN MODRU\u0160KI: ORATIO AD ADRIANUM<\/strong><\/p>\n\n\n\n<p>(prir. <strong>Ivan JURKOVI\u0106<\/strong> i <strong>Violeta MORETTI<\/strong>)<\/p>\n\n\n\n<p>Knjigu \u0107e predstaviti dr. sc. Ante \u017du\u017eul, predsjednik Upravnog odbora \u0160kolske knjige, prof. dr. sc. Ivan Jurkovi\u0107, izv. prof. dr. sc. Violeta Moretti, prof. dr. sc. Mirjana Matijevi\u0107 Sokol, doc. dr. sc. Luka \u0160poljari\u0107 i urednik knjige dr. sc. Deniver Vukeli\u0107.<\/p>\n\n\n\n<figure class=\"wp-block-image size-large is-resized\"><img data-recalc-dims=\"1\" loading=\"lazy\" decoding=\"async\" width=\"860\" height=\"946\" data-attachment-id=\"49494\" data-permalink=\"https:\/\/historiografija.hr\/?attachment_id=49494\" data-orig-file=\"https:\/\/i0.wp.com\/historiografija.hr\/wp-content\/uploads\/2025\/11\/2025_11_12_Krsto-Frankapan_Oratio-ad-Adrianum.jpg?fit=1181%2C1299&amp;ssl=1\" data-orig-size=\"1181,1299\" data-comments-opened=\"1\" data-image-meta=\"{&quot;aperture&quot;:&quot;0&quot;,&quot;credit&quot;:&quot;&quot;,&quot;camera&quot;:&quot;&quot;,&quot;caption&quot;:&quot;&quot;,&quot;created_timestamp&quot;:&quot;0&quot;,&quot;copyright&quot;:&quot;&quot;,&quot;focal_length&quot;:&quot;0&quot;,&quot;iso&quot;:&quot;0&quot;,&quot;shutter_speed&quot;:&quot;0&quot;,&quot;title&quot;:&quot;&quot;,&quot;orientation&quot;:&quot;0&quot;}\" data-image-title=\"2025_11_12_Krsto Frankapan_Oratio ad Adrianum\" data-image-description=\"\" data-image-caption=\"\" data-large-file=\"https:\/\/i0.wp.com\/historiografija.hr\/wp-content\/uploads\/2025\/11\/2025_11_12_Krsto-Frankapan_Oratio-ad-Adrianum.jpg?fit=860%2C946&amp;ssl=1\" src=\"https:\/\/i0.wp.com\/historiografija.hr\/wp-content\/uploads\/2025\/11\/2025_11_12_Krsto-Frankapan_Oratio-ad-Adrianum.jpg?resize=860%2C946&#038;ssl=1\" alt=\"\" class=\"wp-image-49494\" style=\"width:455px;height:auto\" srcset=\"https:\/\/i0.wp.com\/historiografija.hr\/wp-content\/uploads\/2025\/11\/2025_11_12_Krsto-Frankapan_Oratio-ad-Adrianum.jpg?resize=931%2C1024&amp;ssl=1 931w, https:\/\/i0.wp.com\/historiografija.hr\/wp-content\/uploads\/2025\/11\/2025_11_12_Krsto-Frankapan_Oratio-ad-Adrianum.jpg?resize=273%2C300&amp;ssl=1 273w, https:\/\/i0.wp.com\/historiografija.hr\/wp-content\/uploads\/2025\/11\/2025_11_12_Krsto-Frankapan_Oratio-ad-Adrianum.jpg?resize=768%2C845&amp;ssl=1 768w, https:\/\/i0.wp.com\/historiografija.hr\/wp-content\/uploads\/2025\/11\/2025_11_12_Krsto-Frankapan_Oratio-ad-Adrianum.jpg?w=1181&amp;ssl=1 1181w\" sizes=\"auto, (max-width: 860px) 100vw, 860px\" \/><\/figure>\n\n\n\n<hr class=\"wp-block-separator has-alpha-channel-opacity\"\/>\n\n\n\n<p>\u010cETVRTAK,\u00a0 13. STUDENOGA<\/p>\n\n\n\n<hr class=\"wp-block-separator has-alpha-channel-opacity\"\/>\n\n\n\n<p>14:00 <strong>VELIKA GEOGRAFIJA HRVATSKE,<\/strong> knjiga 4, stanovni\u0161tvo i naselja<\/p>\n\n\n\n<p><strong>skupina autora<\/strong><\/p>\n\n\n\n<p>Knjigu \u0107e predstaviti dr. sc. <strong>Ante \u017dU\u017dUL,<\/strong> predsjednik Upravnog odbora \u0160kolske knjige, prof. dr. sc. <strong>Josip FARI\u010cI\u0106,<\/strong> rektor Sveu\u010dili\u0161ta u Zadru, recenzenti akademik prof. dr. sc. <strong>An\u0111elko AKRAP <\/strong>i izv. prof. dr. sc. <strong>Ivan ZUPANC,<\/strong> glavni urednik prof. dr. sc. <strong>Damir MAGA\u0160 <\/strong>te autori. Predstavljanje \u0107e voditi urednica <strong>Snje\u017eana BAKARI\u0106 PALI\u010cKA.<\/strong><\/p>\n\n\n\n<hr class=\"wp-block-separator has-alpha-channel-opacity\"\/>\n\n\n\n<p>15:00 <strong>SLOBODA<\/strong><\/p>\n\n\n\n<p><strong>Angela MERKEL i Beate BAUMANN<\/strong><\/p>\n\n\n\n<p>Memoare <em>Sloboda <\/em>predstavit \u0107e dr. sc. <strong>Ante \u017dU\u017dUL,<\/strong> predsjednik Upravnog odbora \u0160kolske knjige, prevoditeljica <strong>Lidija \u0160IMUNI\u0106<\/strong> <strong>MESI\u0106 <\/strong>i urednica <strong>Ru\u017eica MILJANI\u0106.<\/strong><\/p>\n\n\n\n<hr class=\"wp-block-separator has-alpha-channel-opacity\"\/>\n\n\n\n<p>18:00 <strong>SUVREMENE MIGRACIJE I OPSTANAK NACIJE<\/strong><\/p>\n\n\n\n<p><strong>Tado JURI\u0106<\/strong><\/p>\n\n\n\n<p>Knjigu \u0107e predstaviti dr. sc. <strong>Ante \u017dU\u017dUL,<\/strong> predsjednik Upravnog odbora \u0160kolske knjige, recenzenti prof. dr. sc. <strong>Ivan ROGI\u0106<\/strong> i doc. dr. sc. <strong>Stjepan \u0160TERC,<\/strong> autor dr. sc. Tado JURI\u0106 i urednik <strong>Goran BUKAN BREBERI\u0106.<\/strong><\/p>\n\n\n\n<hr class=\"wp-block-separator has-alpha-channel-opacity\"\/>\n\n\n\n<p>Izvor i dodatne obavijesti:<\/p>\n\n\n\n<figure class=\"wp-block-embed is-type-wp-embed is-provider-kolska-knjiga-tu-za-vas wp-block-embed-kolska-knjiga-tu-za-vas\"><div class=\"wp-block-embed__wrapper\">\n<blockquote class=\"wp-embedded-content\" data-secret=\"cXoVAdbi91\"><a href=\"https:\/\/www.skolskiportal.hr\/aktualno\/program-promocija-skolske-knjige\/\">Program promocija \u0160KOLSKE KNJIGE<\/a><\/blockquote><iframe loading=\"lazy\" class=\"wp-embedded-content\" sandbox=\"allow-scripts\" security=\"restricted\" style=\"position: absolute; visibility: hidden;\" title=\"&#8220;Program promocija \u0160KOLSKE KNJIGE&#8221; &#8212; \u0160kolska knjiga - tu za vas\" src=\"https:\/\/www.skolskiportal.hr\/aktualno\/program-promocija-skolske-knjige\/embed\/#?secret=cXoVAdbi91\" data-secret=\"cXoVAdbi91\" width=\"600\" height=\"338\" frameborder=\"0\" marginwidth=\"0\" marginheight=\"0\" scrolling=\"no\"><\/iframe>\n<\/div><\/figure>\n\n\n\n<p><a href=\"https:\/\/shop.skolskaknjiga.hr\">https:\/\/shop.skolskaknjiga.hr<\/a><\/p>\n\n\n\n<p><a href=\"https:\/\/www.facebook.com\/SkolskaKnjiga\">https:\/\/www.facebook.com\/SkolskaKnjiga<\/a><\/p>\n\n\n\n<hr class=\"wp-block-separator has-alpha-channel-opacity\"\/>\n\n\n\n<p><\/p>\n","protected":false},"excerpt":{"rendered":"","protected":false},"author":2,"featured_media":49497,"comment_status":"open","ping_status":"open","sticky":false,"template":"","format":"standard","meta":{"_acf_changed":false,"jetpack_post_was_ever_published":false,"_jetpack_newsletter_access":"","_jetpack_dont_email_post_to_subs":false,"_jetpack_newsletter_tier_id":0,"_jetpack_memberships_contains_paywalled_content":false,"_jetpack_memberships_contains_paid_content":false,"footnotes":"","jetpack_publicize_message":"","jetpack_publicize_feature_enabled":true,"jetpack_social_post_already_shared":true,"jetpack_social_options":{"image_generator_settings":{"template":"highway","default_image_id":0,"font":"","enabled":false},"version":2}},"categories":[3],"tags":[],"class_list":["post-49493","post","type-post","status-publish","format-standard","has-post-thumbnail","hentry","category-novosti"],"acf":{"facebook_opis":""},"jetpack_publicize_connections":[],"jetpack_featured_media_url":"https:\/\/i0.wp.com\/historiografija.hr\/wp-content\/uploads\/2025\/11\/Interliber_SK.jpg?fit=513%2C640&ssl=1","jetpack_sharing_enabled":true,"jetpack-related-posts":[],"_links":{"self":[{"href":"https:\/\/historiografija.hr\/index.php?rest_route=\/wp\/v2\/posts\/49493","targetHints":{"allow":["GET"]}}],"collection":[{"href":"https:\/\/historiografija.hr\/index.php?rest_route=\/wp\/v2\/posts"}],"about":[{"href":"https:\/\/historiografija.hr\/index.php?rest_route=\/wp\/v2\/types\/post"}],"author":[{"embeddable":true,"href":"https:\/\/historiografija.hr\/index.php?rest_route=\/wp\/v2\/users\/2"}],"replies":[{"embeddable":true,"href":"https:\/\/historiografija.hr\/index.php?rest_route=%2Fwp%2Fv2%2Fcomments&post=49493"}],"version-history":[{"count":5,"href":"https:\/\/historiografija.hr\/index.php?rest_route=\/wp\/v2\/posts\/49493\/revisions"}],"predecessor-version":[{"id":49500,"href":"https:\/\/historiografija.hr\/index.php?rest_route=\/wp\/v2\/posts\/49493\/revisions\/49500"}],"wp:featuredmedia":[{"embeddable":true,"href":"https:\/\/historiografija.hr\/index.php?rest_route=\/wp\/v2\/media\/49497"}],"wp:attachment":[{"href":"https:\/\/historiografija.hr\/index.php?rest_route=%2Fwp%2Fv2%2Fmedia&parent=49493"}],"wp:term":[{"taxonomy":"category","embeddable":true,"href":"https:\/\/historiografija.hr\/index.php?rest_route=%2Fwp%2Fv2%2Fcategories&post=49493"},{"taxonomy":"post_tag","embeddable":true,"href":"https:\/\/historiografija.hr\/index.php?rest_route=%2Fwp%2Fv2%2Ftags&post=49493"}],"curies":[{"name":"wp","href":"https:\/\/api.w.org\/{rel}","templated":true}]}}