{"id":49488,"date":"2025-11-11T17:39:08","date_gmt":"2025-11-11T17:39:08","guid":{"rendered":"https:\/\/historiografija.hr\/?p=49488"},"modified":"2025-11-11T17:41:24","modified_gmt":"2025-11-11T17:41:24","slug":"nakladnicka-kuca-srednja-europa-predstavljanje-knjiga-na-interliberu","status":"publish","type":"post","link":"https:\/\/historiografija.hr\/?p=49488","title":{"rendered":"Nakladni\u010dka ku\u0107a Srednja Europa &#8211; predstavljanje knjiga na Interliberu"},"content":{"rendered":"\n<p>Nakladni\u010dka ku\u0107a Srednja Europa poziva vas na predstavljanje knjige Mitje Sajea <em><a href=\"https:\/\/maia.ffzg.hr\/att\/2025\/11\/Pozivnica-Interliber-2025-Povijest-Kine.jpg\" target=\"_blank\" rel=\"noreferrer noopener\">Povijest Kine<\/a><\/em>, koje \u0107e se u sklopu 47. me\u0111unarodnog sajma knjiga Interliber (11.-16. studenoga 2025) odr\u017eati u utorak 11. studenog 2025., od 16 do 16.45 sati, na Otvorenoj pozornici Interlibera u Paviljonu 7.<\/p>\n\n\n\n<p>Sudjeluju: Kre\u0161imir Jurak, Mitja Saje, Kre\u0161imir Maligec, Ivica Bakota.<\/p>\n\n\n\n<p>Predstavljanje organizira Konfucijev institut u Zagrebu.<\/p>\n\n\n\n<hr class=\"wp-block-separator has-alpha-channel-opacity\"\/>\n\n\n\n<p>Nakladni\u010dka ku\u0107a Srednja Europa poziva vas na predstavljanje knjige Dubravke Botice <em><a href=\"https:\/\/maia.ffzg.hr\/att\/2025\/11\/Pozivnica-INterlibe-2025-Dubravka-Botica.jpg\" target=\"_blank\" rel=\"noreferrer noopener\">Urbem zagrabiensem adventus. Sve\u010danosti povodom posjeta cara Franje I. Zagrebu 1818. godine<\/a><\/em>, koje \u0107e se u sklopu 47. me\u0111unarodnog sajma knjiga Interliber (11.-16. studenoga) odr\u017eati u srijedu 12. studenog 2025., od 12 do 12.45 sati, na Otvorenoj pozornici Interlibera u Paviljonu 7.<\/p>\n\n\n\n<p>Sudjeluju: Dubravka Botica, Marko \u0160piki\u0107, Dora Kosor\u010di\u0107 Janu\u0161.<\/p>\n\n\n\n<hr class=\"wp-block-separator has-alpha-channel-opacity\"\/>\n\n\n\n<p>Nakladni\u010dka ku\u0107a Srednja Europa poziva vas na predstavljanje knjige Tine Ilgo, Mojce Seljak, Tja\u0161e Viloti\u010d i Katje Simon\u010di\u010d<a href=\"https:\/\/maia.ffzg.hr\/att\/2025\/11\/Pozivnica-Interliber-2025-Kineski-mitovi-i-legende.jpg\" target=\"_blank\" rel=\"noreferrer noopener\"> <\/a><em><a href=\"https:\/\/maia.ffzg.hr\/att\/2025\/11\/Pozivnica-Interliber-2025-Kineski-mitovi-i-legende.jpg\" target=\"_blank\" rel=\"noreferrer noopener\">Kineski mitovi i legende<\/a><\/em>, u prijevodu Anite Peti-Stanti\u0107, koje \u0107e se u sklopu 47. me\u0111unarodnog sajma knjiga Interliber (11.-16. studenoga) odr\u017eati u \u010detvrtak 13. studenog 2025., od 16 do 16.45 sati, na Otvorenoj pozornici Interlibera u Paviljonu 7.<\/p>\n\n\n\n<p>Sudjeluju: Anita Peti-Stanti\u0107, Ivana Buljan, Alenka Bari\u0161i\u0107, Florence Fabijanec, Donata Lucia Toli\u0107, Bernarda Zori\u010di\u0107, Daniel Borojevi\u0107.<\/p>\n\n\n\n<p>Predstavljanje organizira Konfucijev institut u Zagrebu.<\/p>\n\n\n\n<hr class=\"wp-block-separator has-alpha-channel-opacity\"\/>\n\n\n\n<p>Izvor:<\/p>\n\n\n\n<p><a href=\"https:\/\/srednja-europa.hr\/novosti\">https:\/\/srednja-europa.hr\/novosti<\/a><\/p>\n\n\n\n<hr class=\"wp-block-separator has-alpha-channel-opacity\"\/>\n","protected":false},"excerpt":{"rendered":"","protected":false},"author":2,"featured_media":49491,"comment_status":"open","ping_status":"open","sticky":false,"template":"","format":"standard","meta":{"_acf_changed":false,"jetpack_post_was_ever_published":false,"_jetpack_newsletter_access":"","_jetpack_dont_email_post_to_subs":false,"_jetpack_newsletter_tier_id":0,"_jetpack_memberships_contains_paywalled_content":false,"_jetpack_memberships_contains_paid_content":false,"footnotes":"","jetpack_publicize_message":"","jetpack_publicize_feature_enabled":true,"jetpack_social_post_already_shared":true,"jetpack_social_options":{"image_generator_settings":{"template":"highway","default_image_id":0,"font":"","enabled":false},"version":2}},"categories":[3],"tags":[],"class_list":["post-49488","post","type-post","status-publish","format-standard","has-post-thumbnail","hentry","category-novosti"],"acf":{"facebook_opis":""},"jetpack_publicize_connections":[],"jetpack_featured_media_url":"https:\/\/i0.wp.com\/historiografija.hr\/wp-content\/uploads\/2025\/11\/Pozivnica-INterliber-2025.-Dubravka-Botica.jpg?fit=2000%2C943&ssl=1","jetpack_sharing_enabled":true,"jetpack-related-posts":[],"_links":{"self":[{"href":"https:\/\/historiografija.hr\/index.php?rest_route=\/wp\/v2\/posts\/49488","targetHints":{"allow":["GET"]}}],"collection":[{"href":"https:\/\/historiografija.hr\/index.php?rest_route=\/wp\/v2\/posts"}],"about":[{"href":"https:\/\/historiografija.hr\/index.php?rest_route=\/wp\/v2\/types\/post"}],"author":[{"embeddable":true,"href":"https:\/\/historiografija.hr\/index.php?rest_route=\/wp\/v2\/users\/2"}],"replies":[{"embeddable":true,"href":"https:\/\/historiografija.hr\/index.php?rest_route=%2Fwp%2Fv2%2Fcomments&post=49488"}],"version-history":[{"count":2,"href":"https:\/\/historiografija.hr\/index.php?rest_route=\/wp\/v2\/posts\/49488\/revisions"}],"predecessor-version":[{"id":49492,"href":"https:\/\/historiografija.hr\/index.php?rest_route=\/wp\/v2\/posts\/49488\/revisions\/49492"}],"wp:featuredmedia":[{"embeddable":true,"href":"https:\/\/historiografija.hr\/index.php?rest_route=\/wp\/v2\/media\/49491"}],"wp:attachment":[{"href":"https:\/\/historiografija.hr\/index.php?rest_route=%2Fwp%2Fv2%2Fmedia&parent=49488"}],"wp:term":[{"taxonomy":"category","embeddable":true,"href":"https:\/\/historiografija.hr\/index.php?rest_route=%2Fwp%2Fv2%2Fcategories&post=49488"},{"taxonomy":"post_tag","embeddable":true,"href":"https:\/\/historiografija.hr\/index.php?rest_route=%2Fwp%2Fv2%2Ftags&post=49488"}],"curies":[{"name":"wp","href":"https:\/\/api.w.org\/{rel}","templated":true}]}}