{"id":49480,"date":"2025-11-11T17:32:40","date_gmt":"2025-11-11T17:32:40","guid":{"rendered":"https:\/\/historiografija.hr\/?p=49480"},"modified":"2025-11-24T23:21:07","modified_gmt":"2025-11-24T23:21:07","slug":"skriptinar-diskretni-sarma-nacionalizma-uvod-u-suvremene-pristupe-naciji-i-nacionalizma","status":"publish","type":"post","link":"https:\/\/historiografija.hr\/?p=49480","title":{"rendered":"SKRIPTINAR \u2013 Diskretni \u0161arm nacionalizma: uvod u suvremene pristupe naciji i nacionalizmu"},"content":{"rendered":"\n<p>Nacionalizam je jedan od onih fenomena kojima se redovito prori\u010de kraj, a koji se ipak uvijek iznova javljaju kao potentna povijesna sila. \u0160to ga \u010dini tako dugotrajnim i otpornim, fleksibilnim i prilagodljivim novim dru\u0161tvenim okolnostima? \u0160to ga \u010dini tako privla\u010dnim?<\/p>\n\n\n\n<p>Pozivamo vas na \u0161esto izdanje Skriptinara &#8211; Diskretni \u0161arm nacionalizma: uvod u suvremene pristupe naciji i nacionalizmu &#8211; u Klubu studenata Filozofskog fakulteta u Zagrebu, 13. studenog (\u010detvrtak) u 19 sati. Pridru\u017eit \u0107e nam se profesor Nikola Toma\u0161egovi\u0107, koji \u0107e nas uvesti u diskusiju o suvremenim pristupima o naciji i nacionalizmu.<\/p>\n\n\n\n<p>Mo\u017eemo li govoriti o nacionalizmu u jednini i je li njegov globalni put tek \u0161irenje jednog (zapadno)europskog proizvoda na cijeli svijet? Na ovo i srodna pitanja, svoje odgovore ponudit \u0107e Toma\u0161egovi\u0107, ali tako\u0111er \u2013 kako to na Skriptinaru biva \u2013 svi prisutni dobrodo\u0161li su pridonijeti raspravi svojim idejama i razmi\u0161ljanjima.<\/p>\n\n\n\n<p>Nikola je vi\u0161i asistent na odsjeku za povijest FFZG-a, ro\u0111en 1991. u Zagrebu, gdje je zavr\u0161io srednju \u0161kolu. Pri Filozofskome Fakultetu u Zagrebu diplomirao je 2016. studij povijesti i filozofije. Iste godine upisuje poslijediplomski studij moderne i suvremene hrvatske povijesti u europskom i svjetskom kontekstu. Od 2018. zaposlen je kao asistent pri odsjeku za povijest. Brani disertaciju 2022. godine na temu \u201cModernisti\u010dki pokret mladih u hrvatskoj kulturi i politici na prijelomu 19. i 20. stolje\u0107a\u201d.<\/p>\n\n\n\n<p>Izlaga\u010d ovoga izdanja nam je pripremio i popratne materijale koje mo\u017eete prona\u0107i na linktreeju u bio!<\/p>\n\n\n\n<p>Diskretni \u0161arm nacionalizma: uvod u suvremene pristupe naciji i nacionalizmu<\/p>\n\n\n\n<p>\u010detvrtak 13. 11. 2025. | 19:00 | KSFF<\/p>\n\n\n\n<hr class=\"wp-block-separator has-alpha-channel-opacity\"\/>\n\n\n\n<figure class=\"wp-block-image size-large is-resized\"><img data-recalc-dims=\"1\" loading=\"lazy\" decoding=\"async\" width=\"819\" height=\"1024\" data-attachment-id=\"49481\" data-permalink=\"https:\/\/historiografija.hr\/?attachment_id=49481\" data-orig-file=\"https:\/\/i0.wp.com\/historiografija.hr\/wp-content\/uploads\/2025\/11\/Tomsasegovic.jpg?fit=1080%2C1350&amp;ssl=1\" data-orig-size=\"1080,1350\" data-comments-opened=\"1\" data-image-meta=\"{&quot;aperture&quot;:&quot;0&quot;,&quot;credit&quot;:&quot;&quot;,&quot;camera&quot;:&quot;&quot;,&quot;caption&quot;:&quot;&quot;,&quot;created_timestamp&quot;:&quot;0&quot;,&quot;copyright&quot;:&quot;&quot;,&quot;focal_length&quot;:&quot;0&quot;,&quot;iso&quot;:&quot;0&quot;,&quot;shutter_speed&quot;:&quot;0&quot;,&quot;title&quot;:&quot;&quot;,&quot;orientation&quot;:&quot;0&quot;}\" data-image-title=\"Tomsa\u0161egovi\u0107\" data-image-description=\"\" data-image-caption=\"\" data-large-file=\"https:\/\/i0.wp.com\/historiografija.hr\/wp-content\/uploads\/2025\/11\/Tomsasegovic.jpg?fit=819%2C1024&amp;ssl=1\" src=\"https:\/\/i0.wp.com\/historiografija.hr\/wp-content\/uploads\/2025\/11\/Tomsasegovic.jpg?resize=819%2C1024&#038;ssl=1\" alt=\"\" class=\"wp-image-49481\" style=\"width:537px;height:auto\" srcset=\"https:\/\/i0.wp.com\/historiografija.hr\/wp-content\/uploads\/2025\/11\/Tomsasegovic.jpg?resize=819%2C1024&amp;ssl=1 819w, https:\/\/i0.wp.com\/historiografija.hr\/wp-content\/uploads\/2025\/11\/Tomsasegovic.jpg?resize=240%2C300&amp;ssl=1 240w, https:\/\/i0.wp.com\/historiografija.hr\/wp-content\/uploads\/2025\/11\/Tomsasegovic.jpg?resize=768%2C960&amp;ssl=1 768w, https:\/\/i0.wp.com\/historiografija.hr\/wp-content\/uploads\/2025\/11\/Tomsasegovic.jpg?w=1080&amp;ssl=1 1080w\" sizes=\"auto, (max-width: 819px) 100vw, 819px\" \/><\/figure>\n\n\n\n<hr class=\"wp-block-separator has-alpha-channel-opacity\"\/>\n\n\n\n<p>Izvor:<\/p>\n\n\n\n<p><a href=\"https:\/\/www.facebook.com\/plenumffzg\">https:\/\/www.facebook.com\/plenumffzg<\/a><\/p>\n\n\n\n<p><a href=\"https:\/\/www.instagram.com\/plenumffzg\">https:\/\/www.instagram.com\/plenumffzg<\/a><\/p>\n\n\n\n<hr class=\"wp-block-separator has-alpha-channel-opacity\"\/>\n\n\n\n<p>Op\u0161irnije:<\/p>\n\n\n\n<figure class=\"wp-block-embed is-type-wp-embed is-provider-maz wp-block-embed-maz\"><div class=\"wp-block-embed__wrapper\">\n<blockquote class=\"wp-embedded-content\" data-secret=\"tNE520QYrr\"><a href=\"https:\/\/www.maz.hr\/2025\/11\/17\/skriptinar-diskretni-sarm-nacionalizma\/\">Skriptinar: Diskretni \u0161arm nacionalizma<\/a><\/blockquote><iframe loading=\"lazy\" class=\"wp-embedded-content\" sandbox=\"allow-scripts\" security=\"restricted\" style=\"position: absolute; visibility: hidden;\" title=\"&#8220;Skriptinar: Diskretni \u0161arm nacionalizma&#8221; &#8212; MAZ\" src=\"https:\/\/www.maz.hr\/2025\/11\/17\/skriptinar-diskretni-sarm-nacionalizma\/embed\/#?secret=tNE520QYrr\" data-secret=\"tNE520QYrr\" width=\"600\" height=\"338\" frameborder=\"0\" marginwidth=\"0\" marginheight=\"0\" scrolling=\"no\"><\/iframe>\n<\/div><\/figure>\n\n\n\n<hr class=\"wp-block-separator has-alpha-channel-opacity\"\/>\n","protected":false},"excerpt":{"rendered":"","protected":false},"author":2,"featured_media":49481,"comment_status":"open","ping_status":"open","sticky":false,"template":"","format":"standard","meta":{"_acf_changed":false,"jetpack_post_was_ever_published":false,"_jetpack_newsletter_access":"","_jetpack_dont_email_post_to_subs":false,"_jetpack_newsletter_tier_id":0,"_jetpack_memberships_contains_paywalled_content":false,"_jetpack_memberships_contains_paid_content":false,"footnotes":"","jetpack_publicize_message":"","jetpack_publicize_feature_enabled":true,"jetpack_social_post_already_shared":true,"jetpack_social_options":{"image_generator_settings":{"template":"highway","default_image_id":0,"font":"","enabled":false},"version":2}},"categories":[3],"tags":[],"class_list":["post-49480","post","type-post","status-publish","format-standard","has-post-thumbnail","hentry","category-novosti"],"acf":{"facebook_opis":""},"jetpack_publicize_connections":[],"jetpack_featured_media_url":"https:\/\/i0.wp.com\/historiografija.hr\/wp-content\/uploads\/2025\/11\/Tomsasegovic.jpg?fit=1080%2C1350&ssl=1","jetpack_sharing_enabled":true,"jetpack-related-posts":[],"_links":{"self":[{"href":"https:\/\/historiografija.hr\/index.php?rest_route=\/wp\/v2\/posts\/49480","targetHints":{"allow":["GET"]}}],"collection":[{"href":"https:\/\/historiografija.hr\/index.php?rest_route=\/wp\/v2\/posts"}],"about":[{"href":"https:\/\/historiografija.hr\/index.php?rest_route=\/wp\/v2\/types\/post"}],"author":[{"embeddable":true,"href":"https:\/\/historiografija.hr\/index.php?rest_route=\/wp\/v2\/users\/2"}],"replies":[{"embeddable":true,"href":"https:\/\/historiografija.hr\/index.php?rest_route=%2Fwp%2Fv2%2Fcomments&post=49480"}],"version-history":[{"count":8,"href":"https:\/\/historiografija.hr\/index.php?rest_route=\/wp\/v2\/posts\/49480\/revisions"}],"predecessor-version":[{"id":49849,"href":"https:\/\/historiografija.hr\/index.php?rest_route=\/wp\/v2\/posts\/49480\/revisions\/49849"}],"wp:featuredmedia":[{"embeddable":true,"href":"https:\/\/historiografija.hr\/index.php?rest_route=\/wp\/v2\/media\/49481"}],"wp:attachment":[{"href":"https:\/\/historiografija.hr\/index.php?rest_route=%2Fwp%2Fv2%2Fmedia&parent=49480"}],"wp:term":[{"taxonomy":"category","embeddable":true,"href":"https:\/\/historiografija.hr\/index.php?rest_route=%2Fwp%2Fv2%2Fcategories&post=49480"},{"taxonomy":"post_tag","embeddable":true,"href":"https:\/\/historiografija.hr\/index.php?rest_route=%2Fwp%2Fv2%2Ftags&post=49480"}],"curies":[{"name":"wp","href":"https:\/\/api.w.org\/{rel}","templated":true}]}}