{"id":49473,"date":"2025-11-11T17:18:01","date_gmt":"2025-11-11T17:18:01","guid":{"rendered":"https:\/\/historiografija.hr\/?p=49473"},"modified":"2025-11-11T17:18:01","modified_gmt":"2025-11-11T17:18:01","slug":"atena-provjera-tvrdnji-jelene-trivic-o-vojnoj-redarstvenoj-operaciji-oluja-i-polozaju-srpske-manjine-u-republici-hrvatskoj","status":"publish","type":"post","link":"https:\/\/historiografija.hr\/?p=49473","title":{"rendered":"ATENA: Provjera tvrdnji Jelene Trivi\u0107 o vojnoj-redarstvenoj operaciji &#8220;Oluja&#8221; i polo\u017eaju srpske manjine u Republici Hrvatskoj"},"content":{"rendered":"\n<p>Na portalu ATENA objavljen je 10. studenog 2025. prilog Ante Letice \u201eJelena Trivi\u0107 tvrdi da je vojno-redarstvena operacija &#8220;Oluja&#8221; bila etni\u010dko \u010di\u0161\u0107enje Srba te da je na snazi kulturno i duhovno zatiranje Srba u Hrvatskoj\u201c.<\/p>\n\n\n\n<hr class=\"wp-block-separator has-alpha-channel-opacity\"\/>\n\n\n\n<p>Prilog je dostupan na sljede\u0107oj poveznici:<\/p>\n\n\n\n<p><a href=\"https:\/\/iihs.hr\/objave\/id\/4482\">https:\/\/iihs.hr\/objave\/id\/4482<\/a><\/p>\n\n\n\n<hr class=\"wp-block-separator has-alpha-channel-opacity\"\/>\n\n\n\n<p>Prilog je objavljen i na poveznici:<\/p>\n\n\n\n<p><a href=\"https:\/\/www.tocnotako.hr\/clanak\/-Jelena-Trivic-tvrdi-da-je-vojno-redarstvena-operacija-Oluja-bila-etnicko-ciscenje-Srba-te-da-je-na-snazi-kulturno-i-duhovno-zatiranje-Srba-u-Hrvatskoj_ATENA\/2298\">https:\/\/www.tocnotako.hr\/clanak\/-Jelena-Trivic-tvrdi-da-je-vojno-redarstvena-operacija-Oluja-bila-etnicko-ciscenje-Srba-te-da-je-na-snazi-kulturno-i-duhovno-zatiranje-Srba-u-Hrvatskoj_ATENA\/2298<\/a><\/p>\n\n\n\n<hr class=\"wp-block-separator has-alpha-channel-opacity\"\/>\n","protected":false},"excerpt":{"rendered":"","protected":false},"author":2,"featured_media":49474,"comment_status":"open","ping_status":"open","sticky":false,"template":"","format":"standard","meta":{"_acf_changed":false,"jetpack_post_was_ever_published":false,"_jetpack_newsletter_access":"","_jetpack_dont_email_post_to_subs":false,"_jetpack_newsletter_tier_id":0,"_jetpack_memberships_contains_paywalled_content":false,"_jetpack_memberships_contains_paid_content":false,"footnotes":"","jetpack_publicize_message":"","jetpack_publicize_feature_enabled":true,"jetpack_social_post_already_shared":true,"jetpack_social_options":{"image_generator_settings":{"template":"highway","default_image_id":0,"font":"","enabled":false},"version":2}},"categories":[3],"tags":[],"class_list":["post-49473","post","type-post","status-publish","format-standard","has-post-thumbnail","hentry","category-novosti"],"acf":{"facebook_opis":""},"jetpack_publicize_connections":[],"jetpack_featured_media_url":"https:\/\/i0.wp.com\/historiografija.hr\/wp-content\/uploads\/2025\/11\/Oluja.jpg?fit=1149%2C575&ssl=1","jetpack_sharing_enabled":true,"jetpack-related-posts":[],"_links":{"self":[{"href":"https:\/\/historiografija.hr\/index.php?rest_route=\/wp\/v2\/posts\/49473","targetHints":{"allow":["GET"]}}],"collection":[{"href":"https:\/\/historiografija.hr\/index.php?rest_route=\/wp\/v2\/posts"}],"about":[{"href":"https:\/\/historiografija.hr\/index.php?rest_route=\/wp\/v2\/types\/post"}],"author":[{"embeddable":true,"href":"https:\/\/historiografija.hr\/index.php?rest_route=\/wp\/v2\/users\/2"}],"replies":[{"embeddable":true,"href":"https:\/\/historiografija.hr\/index.php?rest_route=%2Fwp%2Fv2%2Fcomments&post=49473"}],"version-history":[{"count":1,"href":"https:\/\/historiografija.hr\/index.php?rest_route=\/wp\/v2\/posts\/49473\/revisions"}],"predecessor-version":[{"id":49475,"href":"https:\/\/historiografija.hr\/index.php?rest_route=\/wp\/v2\/posts\/49473\/revisions\/49475"}],"wp:featuredmedia":[{"embeddable":true,"href":"https:\/\/historiografija.hr\/index.php?rest_route=\/wp\/v2\/media\/49474"}],"wp:attachment":[{"href":"https:\/\/historiografija.hr\/index.php?rest_route=%2Fwp%2Fv2%2Fmedia&parent=49473"}],"wp:term":[{"taxonomy":"category","embeddable":true,"href":"https:\/\/historiografija.hr\/index.php?rest_route=%2Fwp%2Fv2%2Fcategories&post=49473"},{"taxonomy":"post_tag","embeddable":true,"href":"https:\/\/historiografija.hr\/index.php?rest_route=%2Fwp%2Fv2%2Ftags&post=49473"}],"curies":[{"name":"wp","href":"https:\/\/api.w.org\/{rel}","templated":true}]}}