{"id":49470,"date":"2025-11-11T17:10:58","date_gmt":"2025-11-11T17:10:58","guid":{"rendered":"https:\/\/historiografija.hr\/?p=49470"},"modified":"2025-11-11T17:10:58","modified_gmt":"2025-11-11T17:10:58","slug":"dogadanja-ckpis-a-predavanje-milice-popovic-o-dezerterima-iz-jugoslavenskih-ratova","status":"publish","type":"post","link":"https:\/\/historiografija.hr\/?p=49470","title":{"rendered":"Doga\u0111anja CKPIS-a: Predavanje Milice Popovi\u0107 o dezerterima iz jugoslavenskih ratova"},"content":{"rendered":"\n<p>U organizaciji CKPIS-a&nbsp;\u2013&nbsp;u srijedu, 12. studenog 2025., u 16.00 sati u dv. 221 na Filozofskom fakultetu u Puli (Negrijeva 6, prvi kat, lijevo krilo) \u2013&nbsp;gostuju\u0107e javno predavanje pod naslovom <em>Ti\u0161ina odbijanja: (ne)zaborav dezertera iz jugoslavenskih ratova<\/em> odr\u017eat \u0107e dr. sc. Milica Popovi\u0107 s Austrijske akademije znanosti u Be\u010du.<\/p>\n\n\n\n<p>Socijalisti\u010dka Federativna Republika Jugoslavija (SFRJ) do\u017eivjela je raspad i prate\u0107e ratove tijekom devedesetih godina pro\u0161log stolje\u0107a, koji su doveli do gubitka preko 140.000 \u017eivota i nezamislivih posljedica za postjugoslavenska dru\u0161tva. Politi\u010dke elite, u potrebi za legitimizacijom ratnih sukoba, okrenule su se razli\u010ditim oblicima nacionalisti\u010dkih mobilizacija i nametnutim etnocentri\u010dnim narativima. Ipak, mediji i nevladine udruge izvje\u0161tavali su o tisu\u0107ama slu\u010dajeva dezerterstva i izbjegavanja odaziva na vojne pozive. Ratni re\u017eimi odgovarali su su\u0111enjima, prijetnjama, torturom i prinudnim mobilizacijama. Danas su \u010dinovi antiratnog, ali i anti-etnonacionalnog, otpora tijekom i nakon jugoslavenskih ratova uklju\u010deni ili isklju\u010deni iz slu\u017ebenih politika sje\u0107anja: ili ih predstavljaju kao ultimativne eti\u010dke akte, ili ih namjerno guraju u zaborav. Predstavljanjem okvira projekta <em>The Silence of Saying No: (Un)Remembering Deserters from the Yugoslav Wars<\/em> i ranih rezultata terenskog istra\u017eivanja predavanje namjerava otvoriti pitanje kako, u interakciji javnih i privatnih narativa sje\u0107anja, razli\u010diti mnemoni\u010dki akteri stvaraju pri\u010du dezertera iz jugoslavenskih ratova u dana\u0161njem postjugoslavenskom prostoru.<\/p>\n\n\n\n<p>Dr. sc. <a href=\"https:\/\/www.oeaw.ac.at\/en\/ikw\/das-institut\/team\/wissenschaftliche-mitarbeiterinnen\/milica-popovic\" target=\"_blank\" rel=\"noreferrer noopener\">Milica Popovi\u0107<\/a> je vi\u0161a poslijedoktorandica i voditeljica projekta na Institutu za kulturne studije Austrijske akademije znanosti u Be\u010du. Doktorirala je komparativnu politi\u010dku sociologiju na Sciences Po u Parizu i balkanske studije na Sveu\u010dili\u0161tu u Ljubljani. Prethodno je radila kao poslijedoktorandica na Srednjoeuropskom sveu\u010dili\u0161tu u Be\u010du (CEU), kao predava\u010dica na Sciences Po u Parizu te je bila je gostuju\u0107a istra\u017eiva\u010dica na Sveu\u010dili\u0161tu u Be\u010du, Sveu\u010dili\u0161tu u Warwicku, Institutu za suvremenu povijest u Ljubljani, Open Society Archives u Budimpe\u0161ti i na Sveu\u010dili\u0161tu u Konstanzu.<\/p>\n\n\n\n<hr class=\"wp-block-separator has-alpha-channel-opacity\"\/>\n\n\n\n<p>Izvor:<\/p>\n\n\n\n<p><a href=\"https:\/\/www.unipu.hr\/ckpis\/dogadanja\">https:\/\/www.unipu.hr\/ckpis\/dogadanja<\/a><\/p>\n\n\n\n<hr class=\"wp-block-separator has-alpha-channel-opacity\"\/>\n","protected":false},"excerpt":{"rendered":"","protected":false},"author":2,"featured_media":49471,"comment_status":"open","ping_status":"open","sticky":false,"template":"","format":"standard","meta":{"_acf_changed":false,"jetpack_post_was_ever_published":false,"_jetpack_newsletter_access":"","_jetpack_dont_email_post_to_subs":false,"_jetpack_newsletter_tier_id":0,"_jetpack_memberships_contains_paywalled_content":false,"_jetpack_memberships_contains_paid_content":false,"footnotes":"","jetpack_publicize_message":"","jetpack_publicize_feature_enabled":true,"jetpack_social_post_already_shared":true,"jetpack_social_options":{"image_generator_settings":{"template":"highway","default_image_id":0,"font":"","enabled":false},"version":2}},"categories":[3],"tags":[],"class_list":["post-49470","post","type-post","status-publish","format-standard","has-post-thumbnail","hentry","category-novosti"],"acf":{"facebook_opis":""},"jetpack_publicize_connections":[],"jetpack_featured_media_url":"https:\/\/i0.wp.com\/historiografija.hr\/wp-content\/uploads\/2025\/11\/Popovic_12-11-2025.png?fit=960%2C540&ssl=1","jetpack_sharing_enabled":true,"jetpack-related-posts":[],"_links":{"self":[{"href":"https:\/\/historiografija.hr\/index.php?rest_route=\/wp\/v2\/posts\/49470","targetHints":{"allow":["GET"]}}],"collection":[{"href":"https:\/\/historiografija.hr\/index.php?rest_route=\/wp\/v2\/posts"}],"about":[{"href":"https:\/\/historiografija.hr\/index.php?rest_route=\/wp\/v2\/types\/post"}],"author":[{"embeddable":true,"href":"https:\/\/historiografija.hr\/index.php?rest_route=\/wp\/v2\/users\/2"}],"replies":[{"embeddable":true,"href":"https:\/\/historiografija.hr\/index.php?rest_route=%2Fwp%2Fv2%2Fcomments&post=49470"}],"version-history":[{"count":1,"href":"https:\/\/historiografija.hr\/index.php?rest_route=\/wp\/v2\/posts\/49470\/revisions"}],"predecessor-version":[{"id":49472,"href":"https:\/\/historiografija.hr\/index.php?rest_route=\/wp\/v2\/posts\/49470\/revisions\/49472"}],"wp:featuredmedia":[{"embeddable":true,"href":"https:\/\/historiografija.hr\/index.php?rest_route=\/wp\/v2\/media\/49471"}],"wp:attachment":[{"href":"https:\/\/historiografija.hr\/index.php?rest_route=%2Fwp%2Fv2%2Fmedia&parent=49470"}],"wp:term":[{"taxonomy":"category","embeddable":true,"href":"https:\/\/historiografija.hr\/index.php?rest_route=%2Fwp%2Fv2%2Fcategories&post=49470"},{"taxonomy":"post_tag","embeddable":true,"href":"https:\/\/historiografija.hr\/index.php?rest_route=%2Fwp%2Fv2%2Ftags&post=49470"}],"curies":[{"name":"wp","href":"https:\/\/api.w.org\/{rel}","templated":true}]}}