{"id":49463,"date":"2025-11-11T16:33:33","date_gmt":"2025-11-11T16:33:33","guid":{"rendered":"https:\/\/historiografija.hr\/?p=49463"},"modified":"2025-11-11T16:34:16","modified_gmt":"2025-11-11T16:34:16","slug":"ranosrednjovjekovni-trogir-i-hrvatsko-kraljevstvo-predavanja-povodom-1100-obljetnice-hrvatskog-kraljevstva","status":"publish","type":"post","link":"https:\/\/historiografija.hr\/?p=49463","title":{"rendered":"\u201cRanosrednjovjekovni Trogir i Hrvatsko Kraljevstvo\u201d, predavanja povodom 1100. obljetnice Hrvatskog Kraljevstva"},"content":{"rendered":"\n<p>\u010cetvrtak, <strong>13. 11. 2025.<\/strong><br><\/p>\n\n\n\n<p><strong>18:00, Galerija Cate Duj\u0161in Ribar<\/strong><br><\/p>\n\n\n\n<p><strong>\u201cRanosrednjovjekovni Trogir i Hrvatsko Kraljevstvo\u201d<\/strong>, predavanja povodom 1100. obljetnice Hrvatskog Kraljevstva;<br>predava\u010di:<strong> dr. sc. Ivan Basi\u0107 <\/strong>\u2013 \u201cRanosrednjovjekovni Trogir na razme\u0111u dru\u0161tava: gre\u0161ni Pavao i njegov natpis\u201d, <strong>Lujana Paraman, dipl. arheol. <\/strong>\u2013 \u201cTrogir u ranom srednjem vijeku\u201d, uvodni osvrt.<\/p>\n\n\n\n<hr class=\"wp-block-separator has-alpha-channel-opacity\"\/>\n\n\n\n<figure class=\"wp-block-image size-large is-resized\"><img data-recalc-dims=\"1\" loading=\"lazy\" decoding=\"async\" width=\"728\" height=\"1024\" data-attachment-id=\"49464\" data-permalink=\"https:\/\/historiografija.hr\/?attachment_id=49464\" data-orig-file=\"https:\/\/i0.wp.com\/historiografija.hr\/wp-content\/uploads\/2025\/11\/Stivanja_2025.jpg?fit=1137%2C1600&amp;ssl=1\" data-orig-size=\"1137,1600\" data-comments-opened=\"1\" data-image-meta=\"{&quot;aperture&quot;:&quot;0&quot;,&quot;credit&quot;:&quot;&quot;,&quot;camera&quot;:&quot;&quot;,&quot;caption&quot;:&quot;&quot;,&quot;created_timestamp&quot;:&quot;0&quot;,&quot;copyright&quot;:&quot;&quot;,&quot;focal_length&quot;:&quot;0&quot;,&quot;iso&quot;:&quot;0&quot;,&quot;shutter_speed&quot;:&quot;0&quot;,&quot;title&quot;:&quot;&quot;,&quot;orientation&quot;:&quot;0&quot;}\" data-image-title=\"Stivanja_2025\" data-image-description=\"\" data-image-caption=\"\" data-large-file=\"https:\/\/i0.wp.com\/historiografija.hr\/wp-content\/uploads\/2025\/11\/Stivanja_2025.jpg?fit=728%2C1024&amp;ssl=1\" src=\"https:\/\/i0.wp.com\/historiografija.hr\/wp-content\/uploads\/2025\/11\/Stivanja_2025.jpg?resize=728%2C1024&#038;ssl=1\" alt=\"\" class=\"wp-image-49464\" style=\"width:620px;height:auto\" srcset=\"https:\/\/i0.wp.com\/historiografija.hr\/wp-content\/uploads\/2025\/11\/Stivanja_2025.jpg?resize=728%2C1024&amp;ssl=1 728w, https:\/\/i0.wp.com\/historiografija.hr\/wp-content\/uploads\/2025\/11\/Stivanja_2025.jpg?resize=213%2C300&amp;ssl=1 213w, https:\/\/i0.wp.com\/historiografija.hr\/wp-content\/uploads\/2025\/11\/Stivanja_2025.jpg?resize=768%2C1081&amp;ssl=1 768w, https:\/\/i0.wp.com\/historiografija.hr\/wp-content\/uploads\/2025\/11\/Stivanja_2025.jpg?resize=1092%2C1536&amp;ssl=1 1092w, https:\/\/i0.wp.com\/historiografija.hr\/wp-content\/uploads\/2025\/11\/Stivanja_2025.jpg?w=1137&amp;ssl=1 1137w\" sizes=\"auto, (max-width: 728px) 100vw, 728px\" \/><\/figure>\n\n\n\n<hr class=\"wp-block-separator has-alpha-channel-opacity\"\/>\n\n\n\n<p>Izvor:<\/p>\n\n\n\n<figure class=\"wp-block-embed is-type-wp-embed is-provider-muzej-grada-trogira wp-block-embed-muzej-grada-trogira\"><div class=\"wp-block-embed__wrapper\">\n<blockquote class=\"wp-embedded-content\" data-secret=\"q4wwAxipCn\"><a href=\"https:\/\/muzej-grada-trogira.hr\/2025\/11\/04\/stivanja-2025\/\">Donosimo program Stivanje 2025.!<\/a><\/blockquote><iframe loading=\"lazy\" class=\"wp-embedded-content\" sandbox=\"allow-scripts\" security=\"restricted\" style=\"position: absolute; visibility: hidden;\" title=\"&#8220;Donosimo program Stivanje 2025.!&#8221; &#8212; Muzej grada Trogira\" src=\"https:\/\/muzej-grada-trogira.hr\/2025\/11\/04\/stivanja-2025\/embed\/#?secret=q4wwAxipCn\" data-secret=\"q4wwAxipCn\" width=\"600\" height=\"338\" frameborder=\"0\" marginwidth=\"0\" marginheight=\"0\" scrolling=\"no\"><\/iframe>\n<\/div><\/figure>\n\n\n\n<hr class=\"wp-block-separator has-alpha-channel-opacity\"\/>\n","protected":false},"excerpt":{"rendered":"","protected":false},"author":2,"featured_media":49464,"comment_status":"open","ping_status":"open","sticky":false,"template":"","format":"standard","meta":{"_acf_changed":false,"jetpack_post_was_ever_published":false,"_jetpack_newsletter_access":"","_jetpack_dont_email_post_to_subs":false,"_jetpack_newsletter_tier_id":0,"_jetpack_memberships_contains_paywalled_content":false,"_jetpack_memberships_contains_paid_content":false,"footnotes":"","jetpack_publicize_message":"","jetpack_publicize_feature_enabled":true,"jetpack_social_post_already_shared":true,"jetpack_social_options":{"image_generator_settings":{"template":"highway","default_image_id":0,"font":"","enabled":false},"version":2}},"categories":[3],"tags":[],"class_list":["post-49463","post","type-post","status-publish","format-standard","has-post-thumbnail","hentry","category-novosti"],"acf":{"facebook_opis":""},"jetpack_publicize_connections":[],"jetpack_featured_media_url":"https:\/\/i0.wp.com\/historiografija.hr\/wp-content\/uploads\/2025\/11\/Stivanja_2025.jpg?fit=1137%2C1600&ssl=1","jetpack_sharing_enabled":true,"jetpack-related-posts":[],"_links":{"self":[{"href":"https:\/\/historiografija.hr\/index.php?rest_route=\/wp\/v2\/posts\/49463","targetHints":{"allow":["GET"]}}],"collection":[{"href":"https:\/\/historiografija.hr\/index.php?rest_route=\/wp\/v2\/posts"}],"about":[{"href":"https:\/\/historiografija.hr\/index.php?rest_route=\/wp\/v2\/types\/post"}],"author":[{"embeddable":true,"href":"https:\/\/historiografija.hr\/index.php?rest_route=\/wp\/v2\/users\/2"}],"replies":[{"embeddable":true,"href":"https:\/\/historiografija.hr\/index.php?rest_route=%2Fwp%2Fv2%2Fcomments&post=49463"}],"version-history":[{"count":2,"href":"https:\/\/historiografija.hr\/index.php?rest_route=\/wp\/v2\/posts\/49463\/revisions"}],"predecessor-version":[{"id":49466,"href":"https:\/\/historiografija.hr\/index.php?rest_route=\/wp\/v2\/posts\/49463\/revisions\/49466"}],"wp:featuredmedia":[{"embeddable":true,"href":"https:\/\/historiografija.hr\/index.php?rest_route=\/wp\/v2\/media\/49464"}],"wp:attachment":[{"href":"https:\/\/historiografija.hr\/index.php?rest_route=%2Fwp%2Fv2%2Fmedia&parent=49463"}],"wp:term":[{"taxonomy":"category","embeddable":true,"href":"https:\/\/historiografija.hr\/index.php?rest_route=%2Fwp%2Fv2%2Fcategories&post=49463"},{"taxonomy":"post_tag","embeddable":true,"href":"https:\/\/historiografija.hr\/index.php?rest_route=%2Fwp%2Fv2%2Ftags&post=49463"}],"curies":[{"name":"wp","href":"https:\/\/api.w.org\/{rel}","templated":true}]}}