{"id":49434,"date":"2025-11-10T11:50:50","date_gmt":"2025-11-10T11:50:50","guid":{"rendered":"https:\/\/historiografija.hr\/?p=49434"},"modified":"2025-11-10T11:53:12","modified_gmt":"2025-11-10T11:53:12","slug":"47-medunarodni-sajam-knjige-interliber-2025","status":"publish","type":"post","link":"https:\/\/historiografija.hr\/?p=49434","title":{"rendered":"47. me\u0111unarodni sajam knjige Interliber 2025."},"content":{"rendered":"\n<p><a href=\"https:\/\/www.zv.hr\/sajmovi-7\/interliber-2519\/2519\" target=\"_blank\" rel=\"noreferrer noopener\"><strong>Interliber, 47. me\u0111unarodni sajam knjige<\/strong><\/a>, odr\u017eat \u0107e se <strong>od 11. do 16. studenoga 2025. godine<\/strong>, na Zagreba\u010dkom velesajmu.<\/p>\n\n\n\n<p>Kao najva\u017eniji nacionalni knji\u017eevni doga\u0111aj, Interliber slu\u017ei kao platforma klju\u010dna za promociju i distribuciju knjiga, znanosti i znanja u Hrvatskoj. Njegova temeljna uloga jest poticanje \u010ditanja i podr\u0161ka cjelokupnoj nakladni\u010dkoj industriji.<br>\u00a0<br>Sajam tradicionalno okuplja sve relevantne doma\u0107e nakladnike i knji\u017eare, koji \u0107e publici predstaviti bogat i raznovrstan program novih izdanja iz svih podru\u010dja. Kontinuiranim odr\u017eavanjem i visokom razinom ponude, Interliber svake godine potvr\u0111uje snagu, stabilnost i raznolikost hrvatskog nakladni\u0161tva te istovremeno osigurava izravan kontakt stru\u010dne i \u0161ire javnosti s aktualnom svjetskom i doma\u0107om produkcijom pisane rije\u010di.<br>\u00a0<br>Interliber se odr\u017eava pod pokroviteljstvom <a href=\"https:\/\/min-kulture.gov.hr\/\" target=\"_blank\" rel=\"noreferrer noopener\">Ministarstva kulture i medija Republike Hrvatske<\/a> i <a href=\"https:\/\/www.zagreb.hr\/\" target=\"_blank\" rel=\"noreferrer noopener\">Grada Zagreba<\/a>.<br>\u00a0<br>Paviljone 5, 6, 7 i 7a ispunit \u0107e vi\u0161e od <strong>360 izlaga\u010da<\/strong> iz <strong>15 zemalja<\/strong> (Austrija, Bosna i Hercegovina, Bugarska, Crna Gora, Francuska, Hrvatska, Italija, Nizozemska, Njema\u010dka, SAD, Slovenija, Srbija, \u0160kotska, \u0160vedska, Velika Britanija i Sjeverna Irska) na <strong>vi\u0161e od 13.000 m2<\/strong>.<\/p>\n\n\n\n<p><strong>GLAVNI GOST INTERLIBERA &#8211;&nbsp;PAUL LYNCH<\/strong><\/p>\n\n\n\n<p>Jedan od vrhunaca ovogodi\u0161njeg sajma je gostovanje renomiranog irskog pisca <strong>Paula Lyncha<\/strong>, dobitnika presti\u017ene <strong>nagrade Booker za 2023. godinu, za roman &#8220;Prorokova pjesma&#8221;.<\/strong><br>&nbsp;<br>Promocija knjige uz dru\u017eenje i potpisivanje bit \u0107e u \u010detvrtak, <strong>13. studenog u 18:00 sati na pozornici u paviljonu 7<\/strong>.<br>&nbsp;<br>&#8220;Prorokova pjesma&#8221;, Lynchov peti roman, iznimno je uzbudljiv, propulzivan i konfrontacijski portret obitelji i cijele zemlje na rubu katastrofe \u010dija se radnja odvija u zami\u0161ljenoj Irskoj koja polako tone u tiraniju.<br>&nbsp;<br>Paul Lynch (ro\u0111en 1977. u Limericku, \u017eivi u Dublinu) etablirao se kao jedan od najva\u017enijih suvremenih pisaca. Romanom &#8220;Prorokova pjesma\u201c postao je \u0161esti irski autor koji je osvojio nagradu Booker. Autor je i romana Beyond the Sea, Grace, The Black Snow i Red Sky in Morning.<br>&nbsp;<br>Lynch je cijenjen zbog svog sna\u017enog i poeti\u010dnog stila pisanja, a njegovi romani \u010desto istra\u017euju duboke moralne i dru\u0161tvene teme. Njegovo prisustvo na Interliberu prilika je za hrvatsku publiku da iz prve ruke \u010duje uvide i razmi\u0161ljanja jednog od najva\u017enijih suvremenih knji\u017eevnika.<\/p>\n\n\n\n<p><strong>PRI\u010cAM TI PRI\u010cU &#8211; BAJKA U NA\u0160IM RUKAMA<\/strong><\/p>\n\n\n\n<p>Ovogodi\u0161nji Interliber stavlja poseban naglasak na najmla\u0111e posjetitelje, prepoznaju\u0107i va\u017enost knjige u razvoju djeteta i poticanju ma\u0161te. Interliber time potvr\u0111uje svoju misiju promicanja \u010ditanja i pismenosti me\u0111u svim generacijama, s posebnim fokusom na stvaranje baze budu\u0107ih \u010ditatelja.<br><br>Pod nazivom <a href=\"https:\/\/www.zv.hr\/sajmovi-7\/interliber-2519\/posjetitelji-2707\/djecji-program\/4250\" target=\"_blank\" rel=\"noreferrer noopener\"><strong>&#8220;Pri\u010dam ti pri\u010du &#8211; bajka u na\u0161im rukama&#8221;<\/strong><\/a>, na <strong>galeriji paviljona 5<\/strong> odr\u017eat \u0107e se svakodnevno<strong> od 17:00 do 20:00 sati <\/strong>niz interaktivnih i inovativnih doga\u0111anja koja \u0107e djecu uvesti u \u010darobni svijet pri\u010da. Dje\u010dji kutak prava je oaza kreativnosti i u\u010denja, osmi\u0161ljena kao sigurno mjesto s ciljem razvijanja trajne ljubavi prema knjizi i vra\u0107anja fokusa na &#8220;dobru staru bajku&#8221; od najranije dobi.<br><br>Program obuhva\u0107a interaktivne pop-up predstave za sve uzraste (ve\u0107 od 6 mjeseci nadalje), edukativne igre na knji\u017eevnom kvizu te kreativne knji\u017eevne radionice poput pri\u010daonica, \u010ditaonica, pisanja vlastitih pri\u010da i izrade stripova, a sve je upotpunjeno likovnim radionicama &#8220;\u010carobne ruke&#8221; gdje bajka o\u017eivljava kroz origami i \u010doko-radionice uz prigodnu izlo\u017ebu starih slikovnica.<br><br>Knjiga bajki je prvi dodir djeteta s navikom \u010ditanja, a kroz ovakve sadr\u017eaje Interliber \u017eeli pokazati da \u010ditanje nije samo obveza, ve\u0107 nepresu\u0161an izvor zabave, znanja i emocionalnog razvoja.<\/p>\n\n\n\n<p><strong>\u010cITA\u0160 LI \u017dENE?<\/strong><\/p>\n\n\n\n<p>Novost je pokretanje <strong>Interliber Book cluba &#8220;\u010cita\u0161 li \u017eene?&#8221;<\/strong>, \u010dije je prvo uspje\u0161no izdanje u rujnu okupilo poslovne \u017eene na raspravi o knjizi. Ovom inicijativom Zagreba\u010dki velesajam potvr\u0111uje svoju misiju da Interliber ne bude samo sajam knjiga, nego i mjesto stvaranja \u017eive \u010ditateljske zajednice, \u010dime nadogra\u0111uje svoje dugogodi\u0161nje projekte i donosi nova, oboga\u0107uju\u0107a iskustva svim ljubiteljima pisane rije\u010di.<br><br>Posebnost ovog \u010ditateljskog kluba le\u017ei u njegovim \u010dlanicama, uspje\u0161nim \u017eenama iz poslovnog svijeta, zajednice koja je duboko utkana u identitet Velesajma. Okupljanja book cluba susreti su u ugodnom, neformalnom ozra\u010dju koji okupljaju zajednicu \u017eena iz poslovnog svijeta koje \u010ditaju, vode i inspiriraju, na kojima \u010dlanice kroz razgovor o odabranim naslovima \u017eenskog autorstva imaju priliku u\u017eivati, predahnuti od poslovnih obveza te se povezati na razini koju samo knji\u017eevnost mo\u017ee potaknuti.<\/p>\n\n\n\n<p><strong>PROGRAM DOGA\u0110ANJA<\/strong><\/p>\n\n\n\n<p>Osim iznimno bogate ponude knjiga, Interliber svake godine veliku pa\u017enju posve\u0107uje i <a href=\"https:\/\/www.zv.hr\/sajmovi-7\/interliber-2519\/program-dogadjanja-2717\/2717\" target=\"_blank\" rel=\"noreferrer noopener\"><strong>popratnom programu doga\u0111anja<\/strong><\/a>, koji redovito privla\u010di brojne posjetitelje. Paneli, radionice, predavanja i susreti s autorima su klju\u010dni dio sajma, jer stvaraju interaktivnu atmosferu koja poti\u010de kulturnu razmjenu i razvoj \u010ditateljske zajednice.<\/p>\n\n\n\n<p><strong>AUTOR GREGOVIH DNEVNIKA, KORADO KORLEVI\u0106, GIBONNI I BROJNI DRUGI<\/strong><\/p>\n\n\n\n<p>Za ovogodi\u0161nji sajam najavljujemo <strong>vi\u0161e od 200 sati raznolikog programa<\/strong>, koji \u0107e se odvijati na \u010dak <strong>\u010detiri pozornice<\/strong> raspore\u0111ene <strong>u paviljonima 5, 6, 7 te postavljenom kupolom na otvorenom prostoru<\/strong>.<br>&nbsp;<br>Uz Paula Lyncha, zvijezda ovogodi\u0161njeg Interlibera je svakako i <strong>Jeff Kinney, autor popularnog serijala GREGOV DNEVNIK<\/strong>, koji \u0107e <strong>u srijedu, 12. studenog<\/strong> imati dvije promocije <strong>u 10:00 i 18:00 sati<\/strong> na galeriji paviljona 5 kako bi svi zaljubljenici u malog junaka Grega stigli poslu\u0161ati \u0161to ima novoga u njegovom svijetu.<br><br><strong>Tuomas Kyr\u00f6<\/strong>, poznati finski pisac, karikaturist, satiri\u010dar, u utorak \u0107e predstaviti svoj roman &#8220;Savez\u201c.<br><br>Izdvajamo i promocije knjiga <strong>Jurice Pavi\u010di\u0107a<\/strong> (Usta puna mora), <strong>Zorana Predina<\/strong> (Cirkus Astralis), <strong>Tonija Miluna<\/strong> (Budi financijski fit), <strong>Martine Mlinarevi\u0107<\/strong> (Prenijet \u0107u te preko Praga), <strong>Marine Vuj\u010di\u0107<\/strong> koje \u0107e sigurno privu\u0107i veliku pozornost posjetitelja.&nbsp;<br>&nbsp;<br><strong>Korado Korlevi\u0107, <\/strong>jedan od vode\u0107ih hrvatskih astronoma te iznimno inspirativan i edukativan predava\u010d, <strong>u \u010detvrtak, 13. studenog u 17.00 sati<\/strong> u paviljonu 6 odr\u017eat \u0107e predavanje na temu <strong>\u201ePosljednje stolje\u0107e Homo sapiensa\u201c.<\/strong><br>&nbsp;<br><strong>Zajednica nakladnika i knji\u017eara pri HGK <\/strong>organizira bogat ovogodi\u0161nji <strong>PREMIUM PROGRAM, <\/strong>a izdvajamo promociju knjige i razgovor s <strong>Borisom Joki\u0107em \u201e60 otkucaja &#8211; glazbena lektira\u201c<\/strong>, predstavljanje knjige <strong>Gibonnijeve poezije \u201eBandire potonulog carstva\u201c<\/strong>, kao i nastupi dviju autorica &#8211;&nbsp;<strong>Martine Divi\u0107<\/strong> s knjigom <strong>\u201eTamo gdje duga dobiva boju\u201c <\/strong>te <strong>Marine Jurani\u0107 <\/strong>s knjigom<strong> \u201eIspovijest na putu u Santiago\u201c.<\/strong> U okviru programa bit \u0107e odr\u017eana i prezentacija te panel rasprava o novom projektu Ministarstva kulture i medija &#8211; Kulturna iskaznica. Rije\u010d je o projektu kojim sve osobe koje navr\u0161e 18 godina dobivaju vau\u010der koji mogu koristiti za razli\u010dite kulturne sadr\u017eaje.<br>&nbsp;<br>U sklopu <strong>Programa za djecu i mlade<\/strong> pod nazivom &#8220;<strong>Sto posto pismeni&#8221;<\/strong>&nbsp;Zagreba\u010dki velesajam organizira nekoliko vrlo edukativnih i zanimljivih radionica: &#8220;<strong>Kako smanjiti digitalni otisak?&#8221;<\/strong>&#8211; Marina Kne\u017eevi\u0107, <strong>Mala<\/strong> <strong>radionica glagoljice <\/strong>&#8211; prof. Darko \u017dubrini\u0107, predsjednik Dru\u0161tva prijatelja glagoljice, \u201c<strong>Kako razmi\u0161ljati br\u017ee, pametnije i mirnije u AI eri:&nbsp; matemati\u010dki trik koji mijenja poslovne odluke, ali i spa\u0161ava \u017eivote i nov\u010danike<\/strong>&#8220;, dr. sc. Petra Posedel \u0160imovi\u0107.<br>&nbsp;<br>Posjetitelje na \u0161tandu i na pozornici paviljona 7 o\u010dekuje atraktivan program panela, predstavljanja notnih izdanja i razgovora u organizaciji Muzi\u010dkog informativnog centra, a vrhunac je <strong>Koncert Prohaska Big Banda i Lane Janjanin<\/strong> u nedjelju, povodom 100. obljetnice ro\u0111enja Miljenka Prohaske u nedjelju, 16. studenog.<br>&nbsp;<br>Odr\u017eat \u0107e se i <strong>High Five<\/strong> <strong>kviz<\/strong> za u\u010denike osnovnih i srednjih \u0161kola. U subotu, Hrvatski kviz savez organizira&nbsp;<strong>Dr\u017eavno ekipno prvenstvo u kvizu<\/strong>.<\/p>\n\n\n\n<p><strong>\u0160TO SU NAM PRIPREMILI NAKLADNICI?<\/strong><\/p>\n\n\n\n<p><strong>AGM<\/strong>&#8211; iz Biblioteke XXI za ovogodi\u0161nji Interliber izdvajaju <strong>Donatella Di Cesare &#8211; <\/strong>Tortura, <strong>Ellen Meiksins Wood &#8211; <\/strong>Od gra\u0111ana do gospodara, <strong>Alain Corbin &#8211; <\/strong>Povijest ti\u0161ine, <strong>Pierre Charbonnier &#8211; <\/strong>Obilje i sloboda<strong>, Eva von Redecker &#8211; <\/strong>Sloboda ostanka<strong>, Jonathan Crary &#8211; <\/strong>Spaljena zemlja<strong>.<\/strong><br>\u00a0<br><strong>ALFA <\/strong>&#8211; izdvajaju: <strong>Ivan Majnari\u0107, Tomislav \u0160arlija, Nikola \u0160tambak <\/strong>&#8211; MOJ ZADAR I JA integrirana radna bilje\u017enica o povijesti grada Zadra<strong>, \u017deljko Bo\u0161njak, Tatjana Bre\u0161\u0107anski, Kristina Vu\u010di\u0107, Natalija Zvelf &#8211; <\/strong>PRIHVATI MATEMATI\u010cKI IZAZOV 6 zbirka zadataka iz matematike za darovite u\u010denike<strong>, Jelena Tadi\u0107 Cegnar &#8211; <\/strong>AVANTURE MALOG JURE<strong>, Lara Branilovi\u0107, Beata Guszak &#8211; <\/strong>\u010cOKOLADA NA KVADRAT &#8211; MEKO IZDANJE<strong>, Bo\u017eidar Prosenjak &#8211; <\/strong>DJE\u010cJI ORKESTAR<strong>, Dubravka Glasnovi\u0107 &#8211; <\/strong>A GDJE \u0106U JA SPAVATI?,<strong> Stjepan Pepeljnjak &#8211; <\/strong>KAPLJI\u010cICA<strong>, Sanja Pili\u0107 &#8211; <\/strong>KIKIJEVE ZGODE<strong>, I. Majnari\u0107, T. \u0160arlija, N. \u0160tambak &#8211; <\/strong>MY BELOVED ZADAR<strong>, Melita Rundek &#8211; <\/strong>3 TANJURA + 2<strong>, Mladen Kopjar &#8211; <\/strong>AUTOBUS ZA MJESEC<strong>, Ljerka \u0160imara &#8211; <\/strong>KRALJ TOMISLAV<strong>, Branka Primorac &#8211; <\/strong>NESTALA<strong>, Ljiljana Vidovi\u0107 &#8211; <\/strong>\u0160TO IMA NOVO NA MARSU?<strong>, Beatrix Beck &#8211; <\/strong>LEON MORIN, SVE\u0106ENIK<strong>, Marina Kljajo-Radi\u0107 &#8211; <\/strong>NEBESKI CVJETOVI<strong>, Lima Barreto &#8211; <\/strong>NESRETAN KRAJ POLICARPA QUARESME,<strong> Bo\u017eidar Petra\u010d &#8211; <\/strong>NOVA \u010cITANJA TRADICIJE<strong>, Gani Mehmetaj &#8211; <\/strong>RAT TALACA<strong>, Nikolaj Danilevski &#8211; <\/strong>RUSIJA I EUROPA<strong>, Emilia Pardo Bazan &#8211; <\/strong>SUN\u010cANICA<strong>, Nada Mihokovi\u0107-Kumri\u0107 &#8211; <\/strong>ZBOG PRINCA NA BIJELOM KONJU<strong>, \u0160imun \u0160ito \u0106ori\u0107 &#8211; <\/strong>BILO JEDNOM U ZEMLJI JEDNOJ,<strong> Paula Vazquez <\/strong>&#8211; KNJI\u017dARA I BO\u017dICA<strong>, Gerald Durrell &#8211; <\/strong>PTICE, ZVIJERI I RO\u0110ACI<strong>.<\/strong><br><br><strong>DISPUT<\/strong>&#8211; izdvajaju tri naslova: <strong>Mihail Bulgakov &#8211; <\/strong>\u017divot gospodina de Moli\u00e8rea, <strong>Marguerite Yourcenar &#8211; <\/strong>Mishima ili vizija praznine i <strong>Wendell Berry &#8211; <\/strong>Za\u0161to ne\u0107u kupiti kompjuter.<br>\u00a0<br><strong>FRAKTURA\/BODONI<\/strong>&#8211; ove godine predstavljaju <strong>An\u0111eo grada Eve Garc\u00edje S\u00e1enz de Urturi<\/strong>, <strong>Perzijanke Sanam Mahloudji<\/strong>, <strong>U tvojim rukama Malin Persson Giolito<\/strong>, <strong>Time-out Emily Rudolf<\/strong> te <strong>Zatvorim o\u010di i molim Alexa Ahndorila<\/strong>. Od gostovanja izdvajaju Goran Gavranovi\u0107 i Boris Ra\u0161eta koji \u0107e predstaviti knjigu \u201eOsam dana u svibnju\u201c, Bruno \u0160imle\u0161a s predavanjem \u201eKako kreirati najbolju godinu u svom \u017eivotu?&#8221;, a Marina Vuj\u010di\u0107 \u0107e predstaviti knjigu \u201eA onda je Bo\u017eo krenuo ispo\u010detka\u201c. U okviru programa &#8220;Pri\u010dam ti pri\u010du &#8211; bajka u na\u0161im rukama&#8221; pripremili su knji\u017eevnu radionicu za najmla\u0111e koju \u0107e voditi autorice Ivana \u0110ula i Milica Sinkauz.<br>\u00a0<br><strong>LUMEN &#8211; <\/strong>ove godine predstavljaju<strong> Samantha Harvey<\/strong>, Orbita,<strong> C. W. Gortner, <\/strong>trilogija Kronike me\u0161tra uhoda Elizabete I. &#8211; Tajna Tudora, Urota Tudora i Osveta Tudora<strong>, George R. R. Martin, <\/strong>Vitez Sedam Kraljevina,<strong> J. R. R. Tolkien, <\/strong>Pri\u010de iz Pogibeljne Zemlje i Pad Gondolina<strong>, Keanu Reeves <\/strong>i<strong> China Mi\u00e9ville, <\/strong>Knjiga iz drugog svijeta,<strong> Robin Hobb, <\/strong>Magi\u010dna la\u0111a,<strong> James Clavell, \u0160ogun, John Gwynne, <\/strong>Sjena bogova<strong>, Elise Kova, <\/strong>Savez s Kraljem Vilenjaka<strong>.<\/strong><br>\u00a0<br><strong>NAKLADA LJEVAK &#8211; <\/strong>od novih naslova isti\u010du <strong>Ivana \u0160ojat \u201c<\/strong>Sanjao sam snijeg<strong>\u201d, David Lynch i Kristine McKenna \u201c<\/strong>Soba za snove<strong>\u201d, Gaj Trifkovi\u0107 \u201c<\/strong>More krvi &#8211; Vojna povijest partizanskog pokreta u Jugoslaviji 1941. &#8211; 1945.<strong>\u201d, Dubravka Zima \u201c<\/strong>Hodanje &#8211; poglavlja iz kulturne povijesti<strong>\u201d, Paul Lynch \u201c<\/strong>Prorokova pjesma<strong>\u201d, Jean-Baptiste Andrea \u201c<\/strong>Bdiju\u0107i nad njom<strong>\u201d, Dorta Jagi\u0107 \u201c<\/strong>Kafi\u0107 Dan<strong>\u201d, Tuomas Kyr\u00f6 \u201c<\/strong>Savez<strong>\u201d.<\/strong><br>\u00a0<br><strong>NA\u0160A DJECA <\/strong>&#8211; na \u0161tandu \u0107e imati promociju knjige \u201e<strong>Jo\u0161 505 fora viceva za djecu<\/strong>\u201c autora <strong>Mane Galovi\u0107.<\/strong><br>\u00a0<br><strong>MEANDAR MEDIA <\/strong>&#8211; od noviteta predstavljaju <strong>Anka \u017dagar, <\/strong>Ursule \u017eute minute svete Ur\u0161ule<strong>, N\u00e9gar Djavadi, <\/strong>Posljednje mjesto<strong>, Robert Mak\u0142owicz, <\/strong>CAF\u00c9 MUSEUM<strong>, Gis\u00e8le Sapiro, <\/strong>SOCIOLOGIJA KNJI\u017dEVNOSTI<strong>, Zvonko Makovi\u0107, <\/strong>O DRUGOME<strong>, Branko \u010cegec <\/strong>LJEPOTA PONORA, Lenjinovo dupe<strong>, Nata\u0161a Govedi\u0107<\/strong>, Knjiga prve pomo\u0107i<strong>, Nada Topi\u0107, <\/strong>Soba od papira<strong>.<\/strong><br>\u00a0<br><strong>MOZAIK &#8211; <\/strong>izdvajaju za ovu godinu<strong> Asako Yuzuki, <\/strong>Maslac<strong>, Bram Stoker, <\/strong>Drakula<strong>, Dav Pilkey, <\/strong>Grimizni dlaka\u010d.<br>\u00a0<br><strong>PROFIL <\/strong>&#8211; od novih izdanja isti\u010du\u00a0 <strong>David McKee \/ Marysia Milewski\u00a0 <\/strong>Elmer i bijeli medvjed<strong>, David <\/strong>Mckee\u00a0\u00a0 Elmer i Bo\u017ei\u0107<strong>, Bruce Springsteen <\/strong>Born to Run &#8211; drugo izdanje<strong>, Smriti Halls \/ Nila Aye <\/strong>Jedan u milijun<strong>, Jules Howard \/ Gosia Herba <\/strong>Po\u0161tuj kukce<strong>, Simon Philip \/ Lucia Gaggiotti <\/strong>Stvarno \u017eelim pomo\u0107i<strong>, C\u00e9dric Sapin-Defour <\/strong>Njegov miris poslije ki\u0161e<strong>, Yuval Zommer <\/strong>Na\u0161i otoci,<strong> Rick Riordan <\/strong>Kale\u017e bogova &#8211; Percy Jackson i bogovi Olimpa,<strong> Sibel Roller <\/strong>Putnik &#8211; Memoari moga oca iz Jasenovca<strong>, Oliver Jeffers <\/strong>Gdje skriti zvijezdu,<strong> C. S. Lewis Narnia 1<\/strong>: \u010carobnjakov ne\u0107ak<strong>, C. S. Lewis Narnia 2: <\/strong>Lav, vje\u0161tica i ormar<strong>, Tom Percival <\/strong>Stidljivi Teo<strong>, Isabel Thomas, <\/strong>Margarida <strong>Esteves <\/strong>Jo\u0161 nevjerojatnija pitanja i odgovori za laku no\u0107<strong>, Peyo \u0160trumpfovi 1 &#8211; 4, Jelena Pervan, Vibor Juhas Mak i Keksosaur, Maja \u0160imle\u0161a, Sven Nemet<\/strong>, Slikopri\u010dom po svijetu: 10 dr\u017eava,<strong> Aaron Blabey <\/strong>Lo\u0161i momci 19<strong>, Aaron Blabey <\/strong>Lo\u0161i momci 20<strong>, Eva Amores, Matt Cosgrove <\/strong>Najgori tjedan u \u017eivotu, petak<strong>, Eva Amores , Matt Cosgrove <\/strong>Najgori tjedan u \u017eivotu, subota,<strong> Thomas Piketty i Michael J. Sandel <\/strong>Jednakost,<strong> Anne Enright <\/strong>Cari\u0107, cari\u0107,<strong> Markus Zusak <\/strong>Tri divlja psa (i istina)<strong>, Michiko Aoyama <\/strong>Ono \u0161to tra\u017ei\u0161, u knji\u017enici je<strong>, Patti Smith <\/strong>Kruh an\u0111ela.<br>\u00a0<br><strong>PROFIL KLETT &#8211;\u00a0<\/strong>od noviteta izdvajaju <strong>nova radnu bilje\u017enicu PIN It! 8<\/strong> za u\u010denike osmih razreda, <strong>PIN mementa<\/strong> kao i priru\u010dnik <strong>Od pro\u010ditane rije\u010di do napisane rije\u010di <\/strong>namijenjen u\u010denicima srednjih \u0161kola za pripremu ispita iz Hrvatskoga jezika na dr\u017eavnoj maturi.<br>\u00a0<br><strong>STILUS KNJIGA <\/strong>&#8211; od noviteta izla\u017eu <strong>Coco Mellors: <\/strong>Kleopatra i Frankenstein<strong>, Arundhati Roy: <\/strong>Moje uto\u010di\u0161te i moja oluja<strong>, Jurica Pavi\u010di\u0107: <\/strong>Usta puna mora,<strong> James Norbury<\/strong>: Predivan svijet<strong>, Caroline Criado Perez: <\/strong>Nevidljive<strong>, Timothy W. Ryback: <\/strong>Uvod u katastrofu &#8211; Hitlerov zavr\u0161ni pohod na vlast, <strong>Chris Anderson: <\/strong>TED govori<strong>, Ilyse Dobrow DiMarco: <\/strong>Mama, ne mora\u0161 biti savr\u0161ena.<br>\u00a0<br><strong>\u0160KOLSKA KNJIGA<\/strong> &#8211; za ovu godinu isti\u010du <strong>MinaLima Classics, Dante Alighieri, <\/strong>Bo\u017eanstvena komedija,<strong> Tre\u0107e kolo biblioteke Djela Miroslava Krle\u017ee, Sabrana djela Dragutina Tadijanovi\u0107a, <\/strong>Izabrane pjesme Petra Gudelja &#8211; Ponor i trstika<strong>,<\/strong> <strong>Hrvoje Hitrec: <\/strong>Rex Croatorum Tomislav<strong>, Mladen Tomorad: <\/strong>Stara povijest<strong>, Robin Harris: <\/strong>Povijest Hrvatske &#8211; od revolucije do nezavisnosti<strong>, Mitja Ferenc, Uro\u0161 Ko\u0161ir, <\/strong>Prikrivena grobi\u0161ta Hrvata u Sloveniji,<strong> Nikolaj Tolstoj: Staljinova osveta &#8211; <\/strong>Kona\u010dna istina o brutalnoj prevari, izdaji i prisilnom povratku Kozaka i Hrvata nakon Drugoga svjetskog rata,<strong> Mirjana Kasapovi\u0107, <\/strong>Jeruzalemski muftija El Huseini i muslimani BiH &#8211; Zamra\u010dena pri\u010da iz Drugoga svjetskog rata<strong>, Angela Merkel i Beate Baumann, <\/strong>Sloboda &#8211; Sje\u0107anja 1954. &#8211; 2021., Sun Tzu, Umije\u0107e ratovanja<strong>, Mijamoto Musa\u0161i, <\/strong>Knjiga pet prstenova<strong>,<\/strong> <strong>Mirela Holy, Nikolina Bor\u010di\u0107: <\/strong>Propaganda slavnih,<strong> Irena Miljkovi\u0107 Kre\u010dar, <\/strong>Cyber-psihologija<strong>, Jonathan Haidt, Anksiozna generacija &#8211; Kako je veliko premre\u017eivanje djetinjstva uzrokovalo epidemiju du\u0161evnih bolesti, Leonard Mlodinow, <\/strong>Subliminalno &#8211; Kako va\u0161e nesvjesno upravlja va\u0161im pona\u0161anjem<strong>, Elijah Wald, Bob Dylan &#8211; <\/strong>Elektri\u010dna pobuna!,<strong> Katarina Nina Simon\u010di\u010d: <\/strong>Moda &#8211; Povijest odijevanja, mode i modnog dizajna<strong>,<\/strong> <strong>dr. James Lees, John Farndon, Matematika &#8211; od drevnog do suvremenog svijeta, Mark Hyman, Hrana: <\/strong>\u0160to bismo trebali kuhati?,<strong> Andrew Chevallier, <\/strong>Enciklopedija ljekovitog bilja<strong>.<\/strong><br>\u00a0<br><strong>VBZ <\/strong>&#8211; od noviteta posebno izdvajaju dugo o\u010dekivanu knjigu <strong>Dana Browna &#8211; <\/strong>Tajna svih tajni. Od publicistike i biografija tu su <strong>Mel Robbins &#8211; <\/strong>Teorija pusti ih, <strong>Dr. Kate Lister &#8211; <\/strong>Zanimljiva povijest seksa, <strong>Marc Zao Sanders &#8211; <\/strong>Timeboxing, <strong>Al Pacino &#8211; <\/strong>Sonny Boy. Me\u0111u doma\u0107im publicisti\u010dkim naslovima isti\u010du <strong>Hrvoje Prpi\u0107 &#8211; <\/strong>Prvo poluvrijeme, <strong>Nikola Paleka &#8211; <\/strong>Inquizus 2. Tu su jo\u0161 <strong>Semezdin Mehmedinovi\u0107 &#8211; <\/strong>Mali roman o ti\u0161ini, nova knjiga <strong>Charlesa Bukowskog &#8211; <\/strong>O ljubavi, izbor iz poezije 1957. &#8211; 1994., <strong>Tadej Golub &#8211; <\/strong>Jezero, <strong>Boris Akunina &#8211; <\/strong>Pelagija i crveni pijetao. Za najmla\u0111e \u010ditatelje izdvajaju <strong>Harriet Muncaster &#8211; <\/strong>Mirabella na pikniku i Mirabella i pono\u0107na gozba te slikovnica doma\u0107e autorice <strong>Marijane Kri\u017eanovi\u0107 <\/strong>\u017delim.<br>\u00a0<br><strong>ZNANJE <\/strong>&#8211; za ovu godinu izdvajaju: <strong>Danielle L. Jensen &#8211; <\/strong>Sudbina ispisana krvlju<strong>, Lauren Roberts &#8211; <\/strong>Nemo\u0107na,<strong> Laurie Gilmore &#8211; <\/strong>Kafi\u0107 koji miri\u0161e na medenjake<strong>, Patrick King &#8211; <\/strong>\u010citaj ljude kao knjigu<strong>, dr. Lauren Cook &#8211; <\/strong>Anksiozna generacija<strong>, Bernardo Stamateas &#8211; <\/strong>Toksi\u010dni ljudi<strong>, Anthony Hopkins &#8211; <\/strong>Dobro smo ispali, mali<strong>, Steven Bartlett &#8211; <\/strong>Dnevnik jednog direktora<strong>, Giuliano da Empoli &#8211; <\/strong>Doba predatora,<strong> Hayley Morris &#8211; <\/strong>Ja protiv mozga,<strong> Papa Franjo &#8211; <\/strong>Nadaj se<strong>, Gillian Anderson &#8211; <\/strong>\u017delim,<strong> Kristin Hannah &#8211; <\/strong>Izme\u0111u sestara,<strong> Sarah Leipciger &#8211; <\/strong>Mjese\u010deva cesta<strong>, Karine Tuil &#8211; <\/strong>Odluka, A.<strong> K. Blakemore &#8211; <\/strong>Glad,<strong> Joseph Conrad &#8211; <\/strong>Srce tame<strong>, Matt Haig &#8211; <\/strong>Nemogu\u0107i \u017eivot<strong>, Andrzej Sapkowski <\/strong>&#8211; Narrenturm<strong>, Anna Metcalfe &#8211; <\/strong>Kukuljica, Pri\u010de za laku no\u0107 za mlade buntovnice 4.<\/p>\n\n\n\n<p><strong>NOVI VIZUALNI IDENTITET<\/strong><\/p>\n\n\n\n<p>Jedna od ovogodi\u0161njih novosti je i novi vizualni identitet sajma. Interliber je, u suradnji s <a href=\"https:\/\/www.kofein.hr\/\" target=\"_blank\" rel=\"noreferrer noopener\"><strong>agencijom Kofein<\/strong><\/a>, dobio moderan vizualni identitet, \u010dime je napravljen jasan strate\u0161ki iskorak i potvr\u0111en status sajma kao va\u017enog kulturnog doga\u0111aja. Novi vizualni identitet simbolizira klju\u010dne vrijednosti Interlibera: otvorenost, znanje i dijalog, koriste\u0107i motiv otvorene knjige.<\/p>\n\n\n\n<p><strong>OTVORENJE SAJMA<\/strong><\/p>\n\n\n\n<p>Sve\u010dano otvorenje bit \u0107e u utorak, <strong>11. studenog 2025. godine u 13:00 sati na galeriji paviljona 5<\/strong>.<\/p>\n\n\n\n<p><strong>RADNO VRIJEME<\/strong><\/p>\n\n\n\n<ul class=\"wp-block-list\">\n<li>utorak, srijeda, \u010detvrtak 10.00 do 20.00 sati<\/li>\n\n\n\n<li>petak\u00a010.00 do 21.00 sat<\/li>\n\n\n\n<li>subota 09.00 do 21.00 sat<\/li>\n\n\n\n<li>nedjelja\u00a009.00 do 19.00 sati\u00a0<\/li>\n<\/ul>\n\n\n\n<p>Ulaz na sajam je besplatan.<\/p>\n\n\n\n<hr class=\"wp-block-separator has-alpha-channel-opacity\"\/>\n\n\n\n<p>Izvor:<\/p>\n\n\n\n<p><a href=\"https:\/\/www.zv.hr\/press-10\/press-informacije\/interliber-najveci-susret-autora-izdavaca-i-citatelja\/10155\">https:\/\/www.zv.hr\/press-10\/press-informacije\/interliber-najveci-susret-autora-izdavaca-i-citatelja\/10155<\/a><\/p>\n\n\n\n<hr class=\"wp-block-separator has-alpha-channel-opacity\"\/>\n","protected":false},"excerpt":{"rendered":"","protected":false},"author":2,"featured_media":49435,"comment_status":"open","ping_status":"open","sticky":false,"template":"","format":"standard","meta":{"_acf_changed":false,"jetpack_post_was_ever_published":false,"_jetpack_newsletter_access":"","_jetpack_dont_email_post_to_subs":false,"_jetpack_newsletter_tier_id":0,"_jetpack_memberships_contains_paywalled_content":false,"_jetpack_memberships_contains_paid_content":false,"footnotes":"","jetpack_publicize_message":"","jetpack_publicize_feature_enabled":true,"jetpack_social_post_already_shared":true,"jetpack_social_options":{"image_generator_settings":{"template":"highway","default_image_id":0,"font":"","enabled":false},"version":2}},"categories":[3],"tags":[],"class_list":["post-49434","post","type-post","status-publish","format-standard","has-post-thumbnail","hentry","category-novosti"],"acf":{"facebook_opis":""},"jetpack_publicize_connections":[],"jetpack_featured_media_url":"https:\/\/i0.wp.com\/historiografija.hr\/wp-content\/uploads\/2025\/11\/Interliber-2025.png?fit=1430%2C500&ssl=1","jetpack_sharing_enabled":true,"jetpack-related-posts":[],"_links":{"self":[{"href":"https:\/\/historiografija.hr\/index.php?rest_route=\/wp\/v2\/posts\/49434","targetHints":{"allow":["GET"]}}],"collection":[{"href":"https:\/\/historiografija.hr\/index.php?rest_route=\/wp\/v2\/posts"}],"about":[{"href":"https:\/\/historiografija.hr\/index.php?rest_route=\/wp\/v2\/types\/post"}],"author":[{"embeddable":true,"href":"https:\/\/historiografija.hr\/index.php?rest_route=\/wp\/v2\/users\/2"}],"replies":[{"embeddable":true,"href":"https:\/\/historiografija.hr\/index.php?rest_route=%2Fwp%2Fv2%2Fcomments&post=49434"}],"version-history":[{"count":3,"href":"https:\/\/historiografija.hr\/index.php?rest_route=\/wp\/v2\/posts\/49434\/revisions"}],"predecessor-version":[{"id":49438,"href":"https:\/\/historiografija.hr\/index.php?rest_route=\/wp\/v2\/posts\/49434\/revisions\/49438"}],"wp:featuredmedia":[{"embeddable":true,"href":"https:\/\/historiografija.hr\/index.php?rest_route=\/wp\/v2\/media\/49435"}],"wp:attachment":[{"href":"https:\/\/historiografija.hr\/index.php?rest_route=%2Fwp%2Fv2%2Fmedia&parent=49434"}],"wp:term":[{"taxonomy":"category","embeddable":true,"href":"https:\/\/historiografija.hr\/index.php?rest_route=%2Fwp%2Fv2%2Fcategories&post=49434"},{"taxonomy":"post_tag","embeddable":true,"href":"https:\/\/historiografija.hr\/index.php?rest_route=%2Fwp%2Fv2%2Ftags&post=49434"}],"curies":[{"name":"wp","href":"https:\/\/api.w.org\/{rel}","templated":true}]}}