{"id":49426,"date":"2025-11-10T11:18:27","date_gmt":"2025-11-10T11:18:27","guid":{"rendered":"https:\/\/historiografija.hr\/?p=49426"},"modified":"2025-11-10T11:18:50","modified_gmt":"2025-11-10T11:18:50","slug":"znanstvena-tribina-koliko-se-jos-sjecamo-vukovara-91","status":"publish","type":"post","link":"https:\/\/historiografija.hr\/?p=49426","title":{"rendered":"Znanstvena tribina \u201eKoliko se jo\u0161 sje\u0107amo Vukovara \u201991.?\u201c"},"content":{"rendered":"\n<p>U povodu Dana sje\u0107anja na \u017ertvu Vukovara 1991.-2025. Institut dru\u0161tvenih znanosti Ivo Pilar poziva na znanstvenu tribinu \u201eKoliko se jo\u0161 sje\u0107amo Vukovara \u201991.?\u201c koja \u0107e se odr\u017eati 14. studenoga 2025. u 11 sati u Knji\u017enici Podru\u010dnog centra Vukovar Instituta Pilar u Vukovaru, ul. J.J. Strossmayera 25.<\/p>\n\n\n\n<hr class=\"wp-block-separator has-alpha-channel-opacity\"\/>\n\n\n\n<figure class=\"wp-block-image size-full\"><img data-recalc-dims=\"1\" loading=\"lazy\" decoding=\"async\" width=\"620\" height=\"861\" data-attachment-id=\"49427\" data-permalink=\"https:\/\/historiografija.hr\/?attachment_id=49427\" data-orig-file=\"https:\/\/i0.wp.com\/historiografija.hr\/wp-content\/uploads\/2025\/11\/Pilar_Vukovar.jpg?fit=620%2C861&amp;ssl=1\" data-orig-size=\"620,861\" data-comments-opened=\"1\" data-image-meta=\"{&quot;aperture&quot;:&quot;0&quot;,&quot;credit&quot;:&quot;&quot;,&quot;camera&quot;:&quot;&quot;,&quot;caption&quot;:&quot;&quot;,&quot;created_timestamp&quot;:&quot;0&quot;,&quot;copyright&quot;:&quot;&quot;,&quot;focal_length&quot;:&quot;0&quot;,&quot;iso&quot;:&quot;0&quot;,&quot;shutter_speed&quot;:&quot;0&quot;,&quot;title&quot;:&quot;&quot;,&quot;orientation&quot;:&quot;0&quot;}\" data-image-title=\"Pilar_Vukovar\" data-image-description=\"\" data-image-caption=\"\" data-large-file=\"https:\/\/i0.wp.com\/historiografija.hr\/wp-content\/uploads\/2025\/11\/Pilar_Vukovar.jpg?fit=620%2C861&amp;ssl=1\" src=\"https:\/\/i0.wp.com\/historiografija.hr\/wp-content\/uploads\/2025\/11\/Pilar_Vukovar.jpg?resize=620%2C861&#038;ssl=1\" alt=\"\" class=\"wp-image-49427\" srcset=\"https:\/\/i0.wp.com\/historiografija.hr\/wp-content\/uploads\/2025\/11\/Pilar_Vukovar.jpg?w=620&amp;ssl=1 620w, https:\/\/i0.wp.com\/historiografija.hr\/wp-content\/uploads\/2025\/11\/Pilar_Vukovar.jpg?resize=216%2C300&amp;ssl=1 216w\" sizes=\"auto, (max-width: 620px) 100vw, 620px\" \/><\/figure>\n\n\n\n<hr class=\"wp-block-separator has-alpha-channel-opacity\"\/>\n\n\n\n<p>Izvor:<\/p>\n\n\n\n<figure class=\"wp-block-embed is-type-wp-embed is-provider-institut-dru-tvenih-znanosti-ivo-pilar wp-block-embed-institut-dru-tvenih-znanosti-ivo-pilar\"><div class=\"wp-block-embed__wrapper\">\n<blockquote class=\"wp-embedded-content\" data-secret=\"iPTyGyRB0k\"><a href=\"https:\/\/www.pilar.hr\/2025\/11\/znanstvena-tribina-koliko-se-jos-sjecamo-vukovara-91-vukovar-14-11-2025\/\">Znanstvena tribina: Koliko se jo\u0161 sje\u0107amo Vukovara &#8217;91.?; Vukovar, 14. 11. 2025.<\/a><\/blockquote><iframe loading=\"lazy\" class=\"wp-embedded-content\" sandbox=\"allow-scripts\" security=\"restricted\" style=\"position: absolute; visibility: hidden;\" title=\"&#8220;Znanstvena tribina: Koliko se jo\u0161 sje\u0107amo Vukovara &#8217;91.?; Vukovar, 14. 11. 2025.&#8221; &#8212; Institut dru\u0161tvenih znanosti Ivo Pilar\" src=\"https:\/\/www.pilar.hr\/2025\/11\/znanstvena-tribina-koliko-se-jos-sjecamo-vukovara-91-vukovar-14-11-2025\/embed\/#?secret=D7UNtZXzSz#?secret=iPTyGyRB0k\" data-secret=\"iPTyGyRB0k\" width=\"600\" height=\"338\" frameborder=\"0\" marginwidth=\"0\" marginheight=\"0\" scrolling=\"no\"><\/iframe>\n<\/div><\/figure>\n\n\n\n<hr class=\"wp-block-separator has-alpha-channel-opacity\"\/>\n","protected":false},"excerpt":{"rendered":"","protected":false},"author":2,"featured_media":49427,"comment_status":"open","ping_status":"open","sticky":false,"template":"","format":"standard","meta":{"_acf_changed":false,"jetpack_post_was_ever_published":false,"_jetpack_newsletter_access":"","_jetpack_dont_email_post_to_subs":false,"_jetpack_newsletter_tier_id":0,"_jetpack_memberships_contains_paywalled_content":false,"_jetpack_memberships_contains_paid_content":false,"footnotes":"","jetpack_publicize_message":"","jetpack_publicize_feature_enabled":true,"jetpack_social_post_already_shared":true,"jetpack_social_options":{"image_generator_settings":{"template":"highway","default_image_id":0,"font":"","enabled":false},"version":2}},"categories":[3],"tags":[],"class_list":["post-49426","post","type-post","status-publish","format-standard","has-post-thumbnail","hentry","category-novosti"],"acf":{"facebook_opis":""},"jetpack_publicize_connections":[],"jetpack_featured_media_url":"https:\/\/i0.wp.com\/historiografija.hr\/wp-content\/uploads\/2025\/11\/Pilar_Vukovar.jpg?fit=620%2C861&ssl=1","jetpack_sharing_enabled":true,"jetpack-related-posts":[],"_links":{"self":[{"href":"https:\/\/historiografija.hr\/index.php?rest_route=\/wp\/v2\/posts\/49426","targetHints":{"allow":["GET"]}}],"collection":[{"href":"https:\/\/historiografija.hr\/index.php?rest_route=\/wp\/v2\/posts"}],"about":[{"href":"https:\/\/historiografija.hr\/index.php?rest_route=\/wp\/v2\/types\/post"}],"author":[{"embeddable":true,"href":"https:\/\/historiografija.hr\/index.php?rest_route=\/wp\/v2\/users\/2"}],"replies":[{"embeddable":true,"href":"https:\/\/historiografija.hr\/index.php?rest_route=%2Fwp%2Fv2%2Fcomments&post=49426"}],"version-history":[{"count":3,"href":"https:\/\/historiografija.hr\/index.php?rest_route=\/wp\/v2\/posts\/49426\/revisions"}],"predecessor-version":[{"id":49430,"href":"https:\/\/historiografija.hr\/index.php?rest_route=\/wp\/v2\/posts\/49426\/revisions\/49430"}],"wp:featuredmedia":[{"embeddable":true,"href":"https:\/\/historiografija.hr\/index.php?rest_route=\/wp\/v2\/media\/49427"}],"wp:attachment":[{"href":"https:\/\/historiografija.hr\/index.php?rest_route=%2Fwp%2Fv2%2Fmedia&parent=49426"}],"wp:term":[{"taxonomy":"category","embeddable":true,"href":"https:\/\/historiografija.hr\/index.php?rest_route=%2Fwp%2Fv2%2Fcategories&post=49426"},{"taxonomy":"post_tag","embeddable":true,"href":"https:\/\/historiografija.hr\/index.php?rest_route=%2Fwp%2Fv2%2Ftags&post=49426"}],"curies":[{"name":"wp","href":"https:\/\/api.w.org\/{rel}","templated":true}]}}