{"id":49422,"date":"2025-11-10T11:12:24","date_gmt":"2025-11-10T11:12:24","guid":{"rendered":"https:\/\/historiografija.hr\/?p=49422"},"modified":"2025-11-12T19:31:38","modified_gmt":"2025-11-12T19:31:38","slug":"predstavljanje-monografije-usora-1991-1995","status":"publish","type":"post","link":"https:\/\/historiografija.hr\/?p=49422","title":{"rendered":"Predstavljanje monografije \u201cUsora 1991. \u2013 1995.\u201d"},"content":{"rendered":"\n<p>Predstavljanje monografije \u201cUsora 1991. \u2013 1995.\u201d odr\u017eat \u0107e se u ponedjeljak, 10. studenog 2025. u 13 sati u prostorijama Hrvatske matice iseljenika u Zagrebu (Trg Stjepana Radi\u0107a 3). Doga\u0111aj zajedno organiziraju Hrvatska matica iseljenika i Op\u0107ina Usora, a radi se o prvoj cjelovitoj knjizi koja govori o povijesti usorskog kraja, posebno o ratnom razdoblju i ulozi 110. brigade HVO-a.<\/p>\n\n\n\n<p>O monografiji \u0107e govoriti prof. dr. Ante Nazor, ravnatelj Hrvatskoga memorijalno-dokumentacijskog centra Domovinskoga rata, dr. sc. Davor Marijan s Hrvatskog instituta za povijest te prof. dr. sc. Ivica Lu\u010di\u0107, rektor Sveu\u010dili\u0161ta obrane i sigurnosti \u201cdr. Franjo Tu\u0111man\u201d.<\/p>\n\n\n\n<hr class=\"wp-block-separator has-alpha-channel-opacity\"\/>\n\n\n\n<figure class=\"wp-block-image size-large\"><img data-recalc-dims=\"1\" loading=\"lazy\" decoding=\"async\" width=\"683\" height=\"1024\" data-attachment-id=\"49423\" data-permalink=\"https:\/\/historiografija.hr\/?attachment_id=49423\" data-orig-file=\"https:\/\/i0.wp.com\/historiografija.hr\/wp-content\/uploads\/2025\/11\/Usora.jpg?fit=1024%2C1536&amp;ssl=1\" data-orig-size=\"1024,1536\" data-comments-opened=\"1\" data-image-meta=\"{&quot;aperture&quot;:&quot;0&quot;,&quot;credit&quot;:&quot;&quot;,&quot;camera&quot;:&quot;&quot;,&quot;caption&quot;:&quot;&quot;,&quot;created_timestamp&quot;:&quot;0&quot;,&quot;copyright&quot;:&quot;&quot;,&quot;focal_length&quot;:&quot;0&quot;,&quot;iso&quot;:&quot;0&quot;,&quot;shutter_speed&quot;:&quot;0&quot;,&quot;title&quot;:&quot;&quot;,&quot;orientation&quot;:&quot;0&quot;}\" data-image-title=\"Usora\" data-image-description=\"\" data-image-caption=\"\" data-large-file=\"https:\/\/i0.wp.com\/historiografija.hr\/wp-content\/uploads\/2025\/11\/Usora.jpg?fit=683%2C1024&amp;ssl=1\" src=\"https:\/\/i0.wp.com\/historiografija.hr\/wp-content\/uploads\/2025\/11\/Usora.jpg?resize=683%2C1024&#038;ssl=1\" alt=\"\" class=\"wp-image-49423\" srcset=\"https:\/\/i0.wp.com\/historiografija.hr\/wp-content\/uploads\/2025\/11\/Usora.jpg?resize=683%2C1024&amp;ssl=1 683w, https:\/\/i0.wp.com\/historiografija.hr\/wp-content\/uploads\/2025\/11\/Usora.jpg?resize=200%2C300&amp;ssl=1 200w, https:\/\/i0.wp.com\/historiografija.hr\/wp-content\/uploads\/2025\/11\/Usora.jpg?resize=768%2C1152&amp;ssl=1 768w, https:\/\/i0.wp.com\/historiografija.hr\/wp-content\/uploads\/2025\/11\/Usora.jpg?w=1024&amp;ssl=1 1024w\" sizes=\"auto, (max-width: 683px) 100vw, 683px\" \/><\/figure>\n\n\n\n<hr class=\"wp-block-separator has-alpha-channel-opacity\"\/>\n\n\n\n<p>Izvori i dodatne obavijesti:<\/p>\n\n\n\n<p><a href=\"https:\/\/narod.hr\/vjera-i-kultura\/predstavljanje-monografije-usora-1991-1995-govore-nazor-marijan-lucic\">https:\/\/narod.hr\/vjera-i-kultura\/predstavljanje-monografije-usora-1991-1995-govore-nazor-marijan-lucic<\/a><\/p>\n\n\n\n<p><a href=\"https:\/\/www.artinfo.ba\/index.php\/zanimljivosti\/81248-zagreb-promocija-monografije-usora-1991-1995\">https:\/\/www.artinfo.ba\/index.php\/zanimljivosti\/81248-zagreb-promocija-monografije-usora-1991-1995<\/a><\/p>\n\n\n\n<hr class=\"wp-block-separator has-alpha-channel-opacity\"\/>\n\n\n\n<p><a href=\"https:\/\/narod.hr\/vjera-i-kultura\/usora-1991-1995-nevjerojatna-prica-o-hrvatima-koji-su-opstali-kada-nitko-nije-vjerovao\">https:\/\/narod.hr\/vjera-i-kultura\/usora-1991-1995-nevjerojatna-prica-o-hrvatima-koji-su-opstali-kada-nitko-nije-vjerovao<\/a><\/p>\n\n\n\n<hr class=\"wp-block-separator has-alpha-channel-opacity\"\/>\n","protected":false},"excerpt":{"rendered":"","protected":false},"author":2,"featured_media":49423,"comment_status":"open","ping_status":"open","sticky":false,"template":"","format":"standard","meta":{"_acf_changed":false,"jetpack_post_was_ever_published":false,"_jetpack_newsletter_access":"","_jetpack_dont_email_post_to_subs":false,"_jetpack_newsletter_tier_id":0,"_jetpack_memberships_contains_paywalled_content":false,"_jetpack_memberships_contains_paid_content":false,"footnotes":"","jetpack_publicize_message":"","jetpack_publicize_feature_enabled":true,"jetpack_social_post_already_shared":true,"jetpack_social_options":{"image_generator_settings":{"template":"highway","default_image_id":0,"font":"","enabled":false},"version":2}},"categories":[3],"tags":[],"class_list":["post-49422","post","type-post","status-publish","format-standard","has-post-thumbnail","hentry","category-novosti"],"acf":{"facebook_opis":""},"jetpack_publicize_connections":[],"jetpack_featured_media_url":"https:\/\/i0.wp.com\/historiografija.hr\/wp-content\/uploads\/2025\/11\/Usora.jpg?fit=1024%2C1536&ssl=1","jetpack_sharing_enabled":true,"jetpack-related-posts":[],"_links":{"self":[{"href":"https:\/\/historiografija.hr\/index.php?rest_route=\/wp\/v2\/posts\/49422","targetHints":{"allow":["GET"]}}],"collection":[{"href":"https:\/\/historiografija.hr\/index.php?rest_route=\/wp\/v2\/posts"}],"about":[{"href":"https:\/\/historiografija.hr\/index.php?rest_route=\/wp\/v2\/types\/post"}],"author":[{"embeddable":true,"href":"https:\/\/historiografija.hr\/index.php?rest_route=\/wp\/v2\/users\/2"}],"replies":[{"embeddable":true,"href":"https:\/\/historiografija.hr\/index.php?rest_route=%2Fwp%2Fv2%2Fcomments&post=49422"}],"version-history":[{"count":3,"href":"https:\/\/historiografija.hr\/index.php?rest_route=\/wp\/v2\/posts\/49422\/revisions"}],"predecessor-version":[{"id":49537,"href":"https:\/\/historiografija.hr\/index.php?rest_route=\/wp\/v2\/posts\/49422\/revisions\/49537"}],"wp:featuredmedia":[{"embeddable":true,"href":"https:\/\/historiografija.hr\/index.php?rest_route=\/wp\/v2\/media\/49423"}],"wp:attachment":[{"href":"https:\/\/historiografija.hr\/index.php?rest_route=%2Fwp%2Fv2%2Fmedia&parent=49422"}],"wp:term":[{"taxonomy":"category","embeddable":true,"href":"https:\/\/historiografija.hr\/index.php?rest_route=%2Fwp%2Fv2%2Fcategories&post=49422"},{"taxonomy":"post_tag","embeddable":true,"href":"https:\/\/historiografija.hr\/index.php?rest_route=%2Fwp%2Fv2%2Ftags&post=49422"}],"curies":[{"name":"wp","href":"https:\/\/api.w.org\/{rel}","templated":true}]}}