{"id":49417,"date":"2025-11-10T10:09:47","date_gmt":"2025-11-10T10:09:47","guid":{"rendered":"https:\/\/historiografija.hr\/?p=49417"},"modified":"2025-11-10T10:09:47","modified_gmt":"2025-11-10T10:09:47","slug":"svecana-akademija-u-povodu-75-obljetnice-utemeljenja-leksikografskog-zavoda-miroslav-krleza","status":"publish","type":"post","link":"https:\/\/historiografija.hr\/?p=49417","title":{"rendered":"Sve\u010dana akademija u povodu 75. obljetnice utemeljenja Leksikografskog zavoda Miroslav Krle\u017ea"},"content":{"rendered":"\n<p>U Leksikografskom zavodu Miroslav Krle\u017ea odr\u017eana je 4. studenoga 2025. Sve\u010dana akademija u povodu 75. obljetnice utemeljenja. Osnovan 1950. na poticaj i pod vodstvom Miroslava Krle\u017ee, oko kojega su se okupili i nositelji prija\u0161njih enciklopedijsko-leksikografskih projekata poput Mate Ujevi\u0107a, Leksikografski zavod izdao je vi\u0161e od 270 enciklopedija, leksikona, rje\u010dnika i drugih publikacija koje \u010dine jezgru mnogih javnih, \u0161kolskih i ku\u0107nih knji\u017enica.<\/p>\n\n\n\n<p>Glavnina tih izdanja danas je i besplatno internetski dostupna, uklju\u010duju\u0107i opse\u017enu Hrvatsku enciklopediju koja se svakodnevno a\u017eurira i pro\u0161iruje. Temeljni projekti su i <a href=\"https:\/\/www.lzmk.hr\/izdanja\/leksikoni\/hrvatski-biografski-leksikon\" target=\"_blank\" rel=\"noreferrer noopener\">Hrvatski biografski leksikon<\/a> te <a href=\"https:\/\/tehnika.lzmk.hr\/\" target=\"_blank\" rel=\"noreferrer noopener\">Hrvatska tehni\u010dka enciklopedija<\/a>, prvi osobit zbog svoje istra\u017eiva\u010dke sastavnice i \u0161irine zahvata, drugi zbog sustavnosti pristupa hrvatskoj tehni\u010dkoj ba\u0161tini, predstavljenoj i na istoimenom portalu.<\/p>\n\n\n\n<p>Uz prvi svezak <a href=\"https:\/\/www.lzmk.hr\/izdanja\/leksikoni\/leksikon-utvrda-hrvatske\" target=\"_blank\" rel=\"noreferrer noopener\">Leksikona utvrda Hrvatske<\/a>, najnovije su edicije drugo izdanje <a href=\"https:\/\/www.lzmk.hr\/izdanja\/enciklopedije\/enciklopedija-hrvatskoga-zagorja-drugo-dopunjeno-izdanje\" target=\"_blank\" rel=\"noreferrer noopener\">Enciklopedije Hrvatskoga zagorja<\/a> i tre\u0107e izdanje Hrvatskoga povijesnoga atlasa, oba dopunjena odnosno pro\u0161irena.<\/p>\n\n\n\n<p>O me\u0111unarodnoj prepoznatosti Zavoda svjedo\u010di i to \u0161to mu je povjereno predsjedanje koordinacijskom <a href=\"https:\/\/encyclopedianetwork.eu\/\" target=\"_blank\" rel=\"noreferrer noopener\">Mre\u017eom europskih enciklopedija<\/a>, osnovanom u Zagrebu 2022.<\/p>\n\n\n\n<p>Pred mnogobrojnim uzvanicima i suradnicima, o pro\u0161losti i budu\u0107nosti Leksikografskoga zavoda izlagali su glavni ravnatelj i glavni urednik Hrvatske enciklopedije dr. sc. Bruno Kragi\u0107, ravnatelj dr. sc. Filip Hamer\u0161ak, glavni urednik Hrvatskoga biografskoga leksikona mr. sc. Nik\u0161a Lu\u010di\u0107, glavni urednik Hrvatske tehni\u010dke enciklopedije dr. sc. Zdenko Jeci\u0107 i predsjednica Znanstvenoga vije\u0107a dr. sc. Tea Rogi\u0107 Musa.<\/p>\n\n\n\n<p>Nazo\u010dni su mogli preuzeti prigodnu knji\u017eicu s najnovijom bibliografijom svih zavodskih izdanja, opsega 134 stranice.<\/p>\n\n\n\n<p>Glazbeni program izvela je vokalna umjetnica Renata Sabljak u pratnji Berislava Arlavija.<\/p>\n\n\n\n<p>U poslijepodnevnom dijelu sve\u010danosti projicirane su dokumentarne emisije o Zavodu iz arhiva Hrvatske radiotelevizije, snimljene u sklopu ciklusa Objektiv 350 (1972) i Pam\u0107enje naroda (2000). &nbsp;<\/p>\n\n\n\n<p>Zbog izrazita javnoga zanimanja, izlaganja sa Sve\u010dane akademije te razgovori i izjave leksikografa o poslanju i praksi enciklopedijsko-leksikografske djelatnosti, uklju\u010duju\u0107i i promjenjivi kontekst obilje\u017een, me\u0111u ostalim, daljnjim \u0161irenjem, ali i usitnjavanjem znanja, njegovom demokratizacijom (Wikipedija), ali i neotporno\u0161\u0107u na dezinformacije te sve izra\u017eenijim utjecajem velikih jezi\u010dnih modela odnosno umjetne inteligencije, objavljivat \u0107e se idu\u0107ih tjedana na internetskim stranicama <a href=\"https:\/\/www.lzmk.hr\/\" target=\"_blank\" rel=\"noreferrer noopener\">www.lzmk.hr<\/a>, na dru\u0161tvenim mre\u017eama te u tiskanim i elektroni\u010dkim medijima.<\/p>\n\n\n\n<hr class=\"wp-block-separator has-alpha-channel-opacity\"\/>\n\n\n\n<p>Izvor i fotogalerija:<\/p>\n\n\n\n<p><a href=\"https:\/\/www.lzmk.hr\/vijesti\/svecana-akademija-u-povodu-75-obljetnice-utemeljenja\">https:\/\/www.lzmk.hr\/vijesti\/svecana-akademija-u-povodu-75-obljetnice-utemeljenja<\/a><\/p>\n\n\n\n<hr class=\"wp-block-separator has-alpha-channel-opacity\"\/>\n","protected":false},"excerpt":{"rendered":"","protected":false},"author":2,"featured_media":49418,"comment_status":"open","ping_status":"open","sticky":false,"template":"","format":"standard","meta":{"_acf_changed":false,"jetpack_post_was_ever_published":false,"_jetpack_newsletter_access":"","_jetpack_dont_email_post_to_subs":false,"_jetpack_newsletter_tier_id":0,"_jetpack_memberships_contains_paywalled_content":false,"_jetpack_memberships_contains_paid_content":false,"footnotes":"","jetpack_publicize_message":"","jetpack_publicize_feature_enabled":true,"jetpack_social_post_already_shared":true,"jetpack_social_options":{"image_generator_settings":{"template":"highway","default_image_id":0,"font":"","enabled":false},"version":2}},"categories":[3],"tags":[],"class_list":["post-49417","post","type-post","status-publish","format-standard","has-post-thumbnail","hentry","category-novosti"],"acf":{"facebook_opis":""},"jetpack_publicize_connections":[],"jetpack_featured_media_url":"https:\/\/i0.wp.com\/historiografija.hr\/wp-content\/uploads\/2025\/11\/75_Naslovna-scaled.jpg?fit=2560%2C1441&ssl=1","jetpack_sharing_enabled":true,"jetpack-related-posts":[],"_links":{"self":[{"href":"https:\/\/historiografija.hr\/index.php?rest_route=\/wp\/v2\/posts\/49417","targetHints":{"allow":["GET"]}}],"collection":[{"href":"https:\/\/historiografija.hr\/index.php?rest_route=\/wp\/v2\/posts"}],"about":[{"href":"https:\/\/historiografija.hr\/index.php?rest_route=\/wp\/v2\/types\/post"}],"author":[{"embeddable":true,"href":"https:\/\/historiografija.hr\/index.php?rest_route=\/wp\/v2\/users\/2"}],"replies":[{"embeddable":true,"href":"https:\/\/historiografija.hr\/index.php?rest_route=%2Fwp%2Fv2%2Fcomments&post=49417"}],"version-history":[{"count":1,"href":"https:\/\/historiografija.hr\/index.php?rest_route=\/wp\/v2\/posts\/49417\/revisions"}],"predecessor-version":[{"id":49419,"href":"https:\/\/historiografija.hr\/index.php?rest_route=\/wp\/v2\/posts\/49417\/revisions\/49419"}],"wp:featuredmedia":[{"embeddable":true,"href":"https:\/\/historiografija.hr\/index.php?rest_route=\/wp\/v2\/media\/49418"}],"wp:attachment":[{"href":"https:\/\/historiografija.hr\/index.php?rest_route=%2Fwp%2Fv2%2Fmedia&parent=49417"}],"wp:term":[{"taxonomy":"category","embeddable":true,"href":"https:\/\/historiografija.hr\/index.php?rest_route=%2Fwp%2Fv2%2Fcategories&post=49417"},{"taxonomy":"post_tag","embeddable":true,"href":"https:\/\/historiografija.hr\/index.php?rest_route=%2Fwp%2Fv2%2Ftags&post=49417"}],"curies":[{"name":"wp","href":"https:\/\/api.w.org\/{rel}","templated":true}]}}