{"id":49410,"date":"2025-11-10T09:50:48","date_gmt":"2025-11-10T09:50:48","guid":{"rendered":"https:\/\/historiografija.hr\/?p=49410"},"modified":"2025-11-10T09:50:48","modified_gmt":"2025-11-10T09:50:48","slug":"program-mi-migranti","status":"publish","type":"post","link":"https:\/\/historiografija.hr\/?p=49410","title":{"rendered":"Program \u201eMi migranti\u201c"},"content":{"rendered":"\n<p>Etnografski muzej u suradnji sa znanstvenicama Instituta za etnologiju i folkloristiku 11. studenog 2025. organizira cjelodnevni program \u201cMi migranti\u201d posve\u0107en migracijama. Parafraziraju\u0107i znameniti \u010dlanak \u201cMi izbjeglice\u201d Hannah Arendt, ovim se programom pridru\u017eujemo globalnoj inicijativi protestnih predavanja i diskusija <a href=\"https:\/\/migrationscholarsmobilize.org\/tio\"><em><strong>Global Teach-In\/Teach-Out<\/strong><\/em><\/a><em>. <\/em>Program je namijenjen u\u010denicima, studentima i \u0161iroj zainteresiranoj publici.<\/p>\n\n\n\n<p>Pozivamo vas na stvaranje zajedni\u010dkog znanja kroz dijeljenje osobnih i obiteljskih iskustava migracija, putovanja, bijega i njihovo povezivanje s etnografskim istra\u017eivanjima iregulariziranih migracija, izlo\u017ebom <em>Putnici, <\/em>filmom <em>Suha roba<\/em> Tonija Jeleni\u0107a, muzejskim predmetima i kartama. Programom \u017eelimo potaknuti dublja promi\u0161ljanja i razgovore o pitanjima migracija, izbjegli\u0161tva, doma, pripadnosti i solidarnosti.<\/p>\n\n\n\n<p><strong>Program:<\/strong><\/p>\n\n\n\n<p>10:00 \u2013 11:30 <strong>Karte, migracije i <\/strong><em><strong>Putnici<\/strong><\/em><\/p>\n\n\n\n<p>(kratko vodstvo kroz izlo\u017ebu, izrada karata, diskusija \u2013 program za u\u010denike)<\/p>\n\n\n\n<p>11:50 \u2013 13:05 <strong>Karte, migracije i <\/strong><em><strong>Putnici<\/strong><\/em><\/p>\n\n\n\n<p>(kratko vodstvo kroz izlo\u017ebu, izrada karata, diskusija \u2013 program za u\u010denike)<\/p>\n\n\n\n<p>15:00 \u2013 16:30 <strong>Migracije, predmeti i <\/strong><em><strong>Putnici<\/strong><\/em><\/p>\n\n\n\n<p>(kratko vodstvo kroz izlo\u017ebu, radionica, diskusija \u2013 otvoreno za javnost)<\/p>\n\n\n\n<p>17:00 \u2013 18:30 <em><strong>Putnici<\/strong><\/em><strong> i <\/strong><em><strong>Suha roba<\/strong><\/em><\/p>\n\n\n\n<p>(kratko vodstvo kroz izlo\u017ebu, projekcija filma Tonija Jeleni\u0107a (9:13 min) i diskusija \u2013 otvoreno za javnost)<\/p>\n\n\n\n<p>Molimo vas da sudjelovanje na radionicama koje su otvorene za javnost (15:00; 17:00) prijavite <a href=\"https:\/\/forms.gle\/Y8kJHgDdsvdG3cdz9\">ovdje<\/a>.&nbsp; Sudjelovanje na svim radionicama je besplatno.<\/p>\n\n\n\n<p>Iskustvo migracija nas povezuje, a ne dijeli.<\/p>\n\n\n\n<p>ZA VI\u0160E INFORMACIJA O GLOBALNOJ INICIJATIVI:<\/p>\n\n\n\n<p><a href=\"https:\/\/migrationscholarsmobilize.org\">https:\/\/migrationscholarsmobilize.org<\/a><\/p>\n\n\n\n<hr class=\"wp-block-separator has-alpha-channel-opacity\"\/>\n\n\n\n<p>Izvori:<\/p>\n\n\n\n<figure class=\"wp-block-embed is-type-wp-embed is-provider-etnografski-muzej wp-block-embed-etnografski-muzej\"><div class=\"wp-block-embed__wrapper\">\n<blockquote class=\"wp-embedded-content\" data-secret=\"F9ai6gkLYW\"><a href=\"https:\/\/emz.hr\/dogadjanja\/mi-migranti\/\">Mi migranti<\/a><\/blockquote><iframe loading=\"lazy\" class=\"wp-embedded-content\" sandbox=\"allow-scripts\" security=\"restricted\" style=\"position: absolute; visibility: hidden;\" title=\"&#8220;Mi migranti&#8221; &#8212; etnografski muzej\" src=\"https:\/\/emz.hr\/dogadjanja\/mi-migranti\/embed\/#?secret=UpiORJnCxU#?secret=F9ai6gkLYW\" data-secret=\"F9ai6gkLYW\" width=\"600\" height=\"338\" frameborder=\"0\" marginwidth=\"0\" marginheight=\"0\" scrolling=\"no\"><\/iframe>\n<\/div><\/figure>\n\n\n\n<figure class=\"wp-block-embed is-type-wp-embed is-provider-institut-za-etnologiju-i-folkloristiku wp-block-embed-institut-za-etnologiju-i-folkloristiku\"><div class=\"wp-block-embed__wrapper\">\n<blockquote class=\"wp-embedded-content\" data-secret=\"2mGovx8iky\"><a href=\"https:\/\/www.ief.hr\/novosti\/the-global-teach-in-teach-out-od-casablance-do-zagreba-od-praga-do-toronta-mi-migranti-etnografski-muzej-11-studenog-2025\/\">The Global Teach-In\/Teach-Out od Casablance do Zagreba, od Praga do Toronta: &#8220;Mi migranti&#8221;, Etnografski muzej 11. studenog 2025.<\/a><\/blockquote><iframe loading=\"lazy\" class=\"wp-embedded-content\" sandbox=\"allow-scripts\" security=\"restricted\" style=\"position: absolute; visibility: hidden;\" title=\"&#8220;The Global Teach-In\/Teach-Out od Casablance do Zagreba, od Praga do Toronta: &#8220;Mi migranti&#8221;, Etnografski muzej 11. studenog 2025.&#8221; &#8212; Institut za etnologiju i folkloristiku\" src=\"https:\/\/www.ief.hr\/novosti\/the-global-teach-in-teach-out-od-casablance-do-zagreba-od-praga-do-toronta-mi-migranti-etnografski-muzej-11-studenog-2025\/embed\/#?secret=2mGovx8iky\" data-secret=\"2mGovx8iky\" width=\"600\" height=\"338\" frameborder=\"0\" marginwidth=\"0\" marginheight=\"0\" scrolling=\"no\"><\/iframe>\n<\/div><\/figure>\n\n\n\n<hr class=\"wp-block-separator has-alpha-channel-opacity\"\/>\n","protected":false},"excerpt":{"rendered":"","protected":false},"author":2,"featured_media":49411,"comment_status":"open","ping_status":"open","sticky":false,"template":"","format":"standard","meta":{"_acf_changed":false,"jetpack_post_was_ever_published":false,"_jetpack_newsletter_access":"","_jetpack_dont_email_post_to_subs":false,"_jetpack_newsletter_tier_id":0,"_jetpack_memberships_contains_paywalled_content":false,"_jetpack_memberships_contains_paid_content":false,"footnotes":"","jetpack_publicize_message":"","jetpack_publicize_feature_enabled":true,"jetpack_social_post_already_shared":true,"jetpack_social_options":{"image_generator_settings":{"template":"highway","default_image_id":0,"font":"","enabled":false},"version":2}},"categories":[3],"tags":[],"class_list":["post-49410","post","type-post","status-publish","format-standard","has-post-thumbnail","hentry","category-novosti"],"acf":{"facebook_opis":""},"jetpack_publicize_connections":[],"jetpack_featured_media_url":"https:\/\/i0.wp.com\/historiografija.hr\/wp-content\/uploads\/2025\/11\/Migranti.jpg?fit=1100%2C778&ssl=1","jetpack_sharing_enabled":true,"jetpack-related-posts":[],"_links":{"self":[{"href":"https:\/\/historiografija.hr\/index.php?rest_route=\/wp\/v2\/posts\/49410","targetHints":{"allow":["GET"]}}],"collection":[{"href":"https:\/\/historiografija.hr\/index.php?rest_route=\/wp\/v2\/posts"}],"about":[{"href":"https:\/\/historiografija.hr\/index.php?rest_route=\/wp\/v2\/types\/post"}],"author":[{"embeddable":true,"href":"https:\/\/historiografija.hr\/index.php?rest_route=\/wp\/v2\/users\/2"}],"replies":[{"embeddable":true,"href":"https:\/\/historiografija.hr\/index.php?rest_route=%2Fwp%2Fv2%2Fcomments&post=49410"}],"version-history":[{"count":1,"href":"https:\/\/historiografija.hr\/index.php?rest_route=\/wp\/v2\/posts\/49410\/revisions"}],"predecessor-version":[{"id":49412,"href":"https:\/\/historiografija.hr\/index.php?rest_route=\/wp\/v2\/posts\/49410\/revisions\/49412"}],"wp:featuredmedia":[{"embeddable":true,"href":"https:\/\/historiografija.hr\/index.php?rest_route=\/wp\/v2\/media\/49411"}],"wp:attachment":[{"href":"https:\/\/historiografija.hr\/index.php?rest_route=%2Fwp%2Fv2%2Fmedia&parent=49410"}],"wp:term":[{"taxonomy":"category","embeddable":true,"href":"https:\/\/historiografija.hr\/index.php?rest_route=%2Fwp%2Fv2%2Fcategories&post=49410"},{"taxonomy":"post_tag","embeddable":true,"href":"https:\/\/historiografija.hr\/index.php?rest_route=%2Fwp%2Fv2%2Ftags&post=49410"}],"curies":[{"name":"wp","href":"https:\/\/api.w.org\/{rel}","templated":true}]}}