{"id":49405,"date":"2025-11-08T00:07:04","date_gmt":"2025-11-08T00:07:04","guid":{"rendered":"https:\/\/historiografija.hr\/?p=49405"},"modified":"2025-11-08T00:09:56","modified_gmt":"2025-11-08T00:09:56","slug":"paja-jovanovic-memoari-slikara-prvi-deo","status":"publish","type":"post","link":"https:\/\/historiografija.hr\/?p=49405","title":{"rendered":"Paja Jovanovi\u0107, \u201eMEMOARI SLIKARA. Prvi deo\u201c"},"content":{"rendered":"\n<p>Priredio: Vladimir Petrovi\u0107<\/p>\n\n\n\n<hr class=\"wp-block-separator has-alpha-channel-opacity\"\/>\n\n\n\n<p><strong>PRVO IZDANJE MEMOARSKIH ZAPISA JEDNOG OD NAJZNA\u010cAJNIJIH SRPSKIH SLIKARA SVIH VREMENA<\/strong><\/p>\n\n\n\n<p><em><strong>Nagrada Udru\u017eenja likovnih umetnika primenjenih umetnosti i dizajnera Srbije za izdanje zna\u010dajno za istorijat umetnosti Republike Srbije, 2025.<\/strong><\/em><\/p>\n\n\n\n<p>Paja Jovanovi\u0107, jedan od najzna\u010dajnijih srpskih slikara svih vremena, zapo\u010deo je pisanje memoarskih zapisa u prvoj polovini dvadesetog veka. Njihov prvi deo je zavr\u0161io nakon Drugog svetskog rata, a veliku podr\u0161ku prilikom rada na rukopisu pru\u017eio mu je Milutin Milankovi\u0107, na\u0161 \u010duveni astronom i fizi\u010dar. Iako je objavljivanje knjige bilo ugovoreno, zbog niza okolnosti ona tada nije iza\u0161la iz \u0161tampe. Rukopis je ostao gotovo potpuno zaboravljen u zaostav\u0161tini Milutina Milankovi\u0107a u Arhivu SANU. Nakon vi\u0161e od sedam decenija, on sada prvi put izlazi na svetlost dana.<br>Predstavljaju\u0107i u ovoj romansiranoj autobiografiji okolnosti svoje mladosti, Paja Jovanovi\u0107 nam u isto vreme daje slikoviti prikaz dru\u0161tvenih, politi\u010dkih i kulturnih prilika u Austrougarskoj, najve\u0107im delom u rodnom Vr\u0161cu. Sjajno napisane minijature o pitoresknom, sada potpuno nestalom svetu Banata sjedinjuju se sa slikom susreta mladi\u0107a sa velegradom. Paja Jovanovi\u0107 po\u010dinje da poha\u0111a studije na Be\u010dkoj likovnoj akademiji. Prvi slikarski trijumfi, ali i porazi, prva zaljubljivanja, podjednako i ljubavni krahovi, kao i poku\u0161aji da se prona\u0111e svoje mesto u uzburkanom umetni\u010dkom svetu, zadobili su majstorsko portretisanje sa mnogo duha i ni\u0161ta manje humora.<br>Nenadma\u0161ni likovni stvaralac, \u010dije slike i danas privla\u010de veliku pa\u017enju, pokazao se i kao vrsni pisac. Najbolje o tome svedo\u010di njegova romansirana autobiografija <em>Memoari slikara<\/em>, koja se prvi put nalazi pred na\u0161om publikom.<\/p>\n\n\n\n<p class=\"has-text-align-center\">*<\/p>\n\n\n\n<p>\u201eSada, kada sam ga u celini ponovo pro\u010ditao, uvideo sam da je i kompozicija dela majstorska. Slabih mesta uop\u0161te nema, a kada po\u010dne da se \u010dita, ne ispu\u0161ta se iz ruku. A ko ga jedanput pro\u010dita, pro\u010dita\u0107e ga jo\u0161 koji put\u2026\u201c<\/p>\n\n\n\n<p><em>Milutin Milankovi\u0107<\/em> (u pismu Paji Jovanovi\u0107u, 1948)<\/p>\n\n\n\n<hr class=\"wp-block-separator has-alpha-channel-opacity\"\/>\n\n\n\n<p>O autoru:<\/p>\n\n\n\n<p>Paja (puno ime Pavle) Jovanovi\u0107 je ro\u0111en 1859. godine u porodici vr\u0161a\u010dkog fotografa Stevana Jovanovi\u0107a i Ernestine Deot. Nakon gimnazijskog \u0161kolovanja, upisao je studije slikarstva na Likovnoj akademiji u Be\u010du. Redovne studije je poha\u0111ao u klasi Kristijana Gripenkerla, a usavr\u0161avao se u majstorskoj \u0161koli Leopolda Karla Milera. Po zavr\u0161enim studijama pre\u0161ao je da \u017eivi u London. Preduzeo je brojna studijska putovanja po Balkanu, Bliskom istoku, Kavkazu i Africi. Docnije je \u017eiveo u Minhenu i Parizu, a Be\u010d je postao njegov dom po\u010detkom dvadesetog veka. U Beograd se preselio 1939, gde je \u017eiveo do 1950. godine. Preminuo je 1957. u Be\u010du. Autor je preko hiljadu radova. Posebno se isti\u010du njegove \u017eanr slike (\u201eRanjeni Crnogorac\u201c, \u201eMa\u010devanje\u201c, \u201eGuslar\u201c, \u201eKi\u0107enje neveste\u201c&#8230;), istorijske kompozicije (\u201eSeoba Srba\u201c, \u201eTakovski ustanak\u201c, \u201eKrunisanje cara Du\u0161ana\u201c&#8230;), portreti (Mihajla Pupina, Franca Jozefa, kraljice Marije, supruge Muni&#8230;), aktovi, crte\u017ei, ikone, ilustracije, \u010dak i dizajn jedne nov\u010danice. Autor je romansirane autobiografije Memoari slikara, koja do\u017eivljava prvo izdanje posle vi\u0161e od 70 godina od nastanka. Bio je \u010dlan Srpske akademije nauka i umetnosti, a za svoj rad je dobio mno\u0161tvo priznanja, me\u0111u kojima su nagrade na Svetskoj izlo\u017ebi i Pariskom salonu.<\/p>\n\n\n\n<hr class=\"wp-block-separator has-alpha-channel-opacity\"\/>\n\n\n\n<figure class=\"wp-block-image size-full is-resized\"><img data-recalc-dims=\"1\" loading=\"lazy\" decoding=\"async\" width=\"600\" height=\"900\" data-attachment-id=\"49406\" data-permalink=\"https:\/\/historiografija.hr\/?attachment_id=49406\" data-orig-file=\"https:\/\/i0.wp.com\/historiografija.hr\/wp-content\/uploads\/2025\/11\/Memoari-slikara.png?fit=600%2C900&amp;ssl=1\" data-orig-size=\"600,900\" data-comments-opened=\"1\" data-image-meta=\"{&quot;aperture&quot;:&quot;0&quot;,&quot;credit&quot;:&quot;&quot;,&quot;camera&quot;:&quot;&quot;,&quot;caption&quot;:&quot;&quot;,&quot;created_timestamp&quot;:&quot;0&quot;,&quot;copyright&quot;:&quot;&quot;,&quot;focal_length&quot;:&quot;0&quot;,&quot;iso&quot;:&quot;0&quot;,&quot;shutter_speed&quot;:&quot;0&quot;,&quot;title&quot;:&quot;&quot;,&quot;orientation&quot;:&quot;0&quot;}\" data-image-title=\"Memoari-slikara\" data-image-description=\"\" data-image-caption=\"\" data-large-file=\"https:\/\/i0.wp.com\/historiografija.hr\/wp-content\/uploads\/2025\/11\/Memoari-slikara.png?fit=600%2C900&amp;ssl=1\" src=\"https:\/\/i0.wp.com\/historiografija.hr\/wp-content\/uploads\/2025\/11\/Memoari-slikara.png?resize=600%2C900&#038;ssl=1\" alt=\"\" class=\"wp-image-49406\" style=\"width:443px;height:auto\" srcset=\"https:\/\/i0.wp.com\/historiografija.hr\/wp-content\/uploads\/2025\/11\/Memoari-slikara.png?w=600&amp;ssl=1 600w, https:\/\/i0.wp.com\/historiografija.hr\/wp-content\/uploads\/2025\/11\/Memoari-slikara.png?resize=200%2C300&amp;ssl=1 200w\" sizes=\"auto, (max-width: 600px) 100vw, 600px\" \/><\/figure>\n\n\n\n<hr class=\"wp-block-separator has-alpha-channel-opacity\"\/>\n\n\n\n<p>Godina izdanja: 2025<\/p>\n\n\n\n<p>Pismo: \u0107irilica<\/p>\n\n\n\n<p>Broj stranica: 336 str.<\/p>\n\n\n\n<p>Pro\u010ditaj odlomak:<\/p>\n\n\n\n<p><a href=\"https:\/\/akademskaknjiga.com\/katalog\/memoari-slikara\">https:\/\/akademskaknjiga.com\/katalog\/memoari-slikara<\/a><\/p>\n\n\n\n<hr class=\"wp-block-separator has-alpha-channel-opacity\"\/>\n","protected":false},"excerpt":{"rendered":"","protected":false},"author":2,"featured_media":49406,"comment_status":"open","ping_status":"open","sticky":false,"template":"","format":"standard","meta":{"_acf_changed":false,"jetpack_post_was_ever_published":false,"_jetpack_newsletter_access":"","_jetpack_dont_email_post_to_subs":false,"_jetpack_newsletter_tier_id":0,"_jetpack_memberships_contains_paywalled_content":false,"_jetpack_memberships_contains_paid_content":false,"footnotes":"","jetpack_publicize_message":"","jetpack_publicize_feature_enabled":true,"jetpack_social_post_already_shared":true,"jetpack_social_options":{"image_generator_settings":{"template":"highway","default_image_id":0,"font":"","enabled":false},"version":2}},"categories":[8,3],"tags":[],"class_list":["post-49405","post","type-post","status-publish","format-standard","has-post-thumbnail","hentry","category-knjige","category-novosti"],"acf":{"facebook_opis":""},"jetpack_publicize_connections":[],"jetpack_featured_media_url":"https:\/\/i0.wp.com\/historiografija.hr\/wp-content\/uploads\/2025\/11\/Memoari-slikara.png?fit=600%2C900&ssl=1","jetpack_sharing_enabled":true,"jetpack-related-posts":[],"_links":{"self":[{"href":"https:\/\/historiografija.hr\/index.php?rest_route=\/wp\/v2\/posts\/49405","targetHints":{"allow":["GET"]}}],"collection":[{"href":"https:\/\/historiografija.hr\/index.php?rest_route=\/wp\/v2\/posts"}],"about":[{"href":"https:\/\/historiografija.hr\/index.php?rest_route=\/wp\/v2\/types\/post"}],"author":[{"embeddable":true,"href":"https:\/\/historiografija.hr\/index.php?rest_route=\/wp\/v2\/users\/2"}],"replies":[{"embeddable":true,"href":"https:\/\/historiografija.hr\/index.php?rest_route=%2Fwp%2Fv2%2Fcomments&post=49405"}],"version-history":[{"count":3,"href":"https:\/\/historiografija.hr\/index.php?rest_route=\/wp\/v2\/posts\/49405\/revisions"}],"predecessor-version":[{"id":49409,"href":"https:\/\/historiografija.hr\/index.php?rest_route=\/wp\/v2\/posts\/49405\/revisions\/49409"}],"wp:featuredmedia":[{"embeddable":true,"href":"https:\/\/historiografija.hr\/index.php?rest_route=\/wp\/v2\/media\/49406"}],"wp:attachment":[{"href":"https:\/\/historiografija.hr\/index.php?rest_route=%2Fwp%2Fv2%2Fmedia&parent=49405"}],"wp:term":[{"taxonomy":"category","embeddable":true,"href":"https:\/\/historiografija.hr\/index.php?rest_route=%2Fwp%2Fv2%2Fcategories&post=49405"},{"taxonomy":"post_tag","embeddable":true,"href":"https:\/\/historiografija.hr\/index.php?rest_route=%2Fwp%2Fv2%2Ftags&post=49405"}],"curies":[{"name":"wp","href":"https:\/\/api.w.org\/{rel}","templated":true}]}}