{"id":49389,"date":"2025-11-07T22:53:36","date_gmt":"2025-11-07T22:53:36","guid":{"rendered":"https:\/\/historiografija.hr\/?p=49389"},"modified":"2025-11-07T22:54:14","modified_gmt":"2025-11-07T22:54:14","slug":"otvorenje-izlozbe-efemeris-legat-dejana-medakovica-u-sjeni-okupljanja-vece-skupine-maskiranih-muskaraca","status":"publish","type":"post","link":"https:\/\/historiografija.hr\/?p=49389","title":{"rendered":"Otvorenje izlo\u017ebe \u201cEfemeris \u2013 legat Dejana Medakovi\u0107a\u201d u sjeni okupljanja \u201eve\u0107e skupine maskiranih mu\u0161karaca\u201c"},"content":{"rendered":"\n<p>Nakon \u0161to su prekinuli program Dana srpske kulture u Splitu, maskirani navija\u010di u crnom okupili su i uo\u010di otvaranja izlo\u017ebe \u201cEfemeris \u2013 legat Dejana Medakovi\u0107a\u201d u sklopu Dana srpske kulture u Zagrebu, gdje su ih ovoga puta do\u010dekale jake policijske snage.<\/p>\n\n\n\n<hr class=\"wp-block-separator has-alpha-channel-opacity\"\/>\n\n\n\n<p>Op\u0161irnije:<\/p>\n\n\n\n<p><a href=\"https:\/\/vijesti.hrt.hr\/hrvatska\/pedesetak-maskiranih-muskaraca-ispred-srpskog-kulturnog-centra-u-zagrebu-12417163\">https:\/\/vijesti.hrt.hr\/hrvatska\/pedesetak-maskiranih-muskaraca-ispred-srpskog-kulturnog-centra-u-zagrebu-12417163<\/a><\/p>\n\n\n\n<hr class=\"wp-block-separator has-alpha-channel-opacity\"\/>\n\n\n\n<figure class=\"wp-block-embed is-type-wp-embed is-provider-historiografija-hr wp-block-embed-historiografija-hr\"><div class=\"wp-block-embed__wrapper\">\n<blockquote class=\"wp-embedded-content\" data-secret=\"xJQNHf5RuM\"><a href=\"https:\/\/historiografija.hr\/?p=49300\">Izlo\u017eba &#8220;Efemeris &#8211; legat Dejana Medakovi\u0107a&#8221; u sklopu Dana srpske kulture 2025.<\/a><\/blockquote><iframe loading=\"lazy\" class=\"wp-embedded-content\" sandbox=\"allow-scripts\" security=\"restricted\" style=\"position: absolute; visibility: hidden;\" title=\"&#8220;Izlo\u017eba &#8220;Efemeris &#8211; legat Dejana Medakovi\u0107a&#8221; u sklopu Dana srpske kulture 2025.&#8221; &#8212; Historiografija.hr\" src=\"https:\/\/historiografija.hr\/?p=49300&#038;embed=true#?secret=8qGnMOMbFW#?secret=xJQNHf5RuM\" data-secret=\"xJQNHf5RuM\" width=\"600\" height=\"338\" frameborder=\"0\" marginwidth=\"0\" marginheight=\"0\" scrolling=\"no\"><\/iframe>\n<\/div><\/figure>\n\n\n\n<figure class=\"wp-block-embed is-type-wp-embed is-provider-historiografija-hr wp-block-embed-historiografija-hr\"><div class=\"wp-block-embed__wrapper\">\n<blockquote class=\"wp-embedded-content\" data-secret=\"kH1TPKpMsL\"><a href=\"https:\/\/historiografija.hr\/?p=49293\">Povodom prekinutog programa Dana srpske kulture u Splitu<\/a><\/blockquote><iframe loading=\"lazy\" class=\"wp-embedded-content\" sandbox=\"allow-scripts\" security=\"restricted\" style=\"position: absolute; visibility: hidden;\" title=\"&#8220;Povodom prekinutog programa Dana srpske kulture u Splitu&#8221; &#8212; Historiografija.hr\" src=\"https:\/\/historiografija.hr\/?p=49293&#038;embed=true#?secret=wO0NgK3ibO#?secret=kH1TPKpMsL\" data-secret=\"kH1TPKpMsL\" width=\"600\" height=\"338\" frameborder=\"0\" marginwidth=\"0\" marginheight=\"0\" scrolling=\"no\"><\/iframe>\n<\/div><\/figure>\n\n\n\n<hr class=\"wp-block-separator has-alpha-channel-opacity\"\/>\n","protected":false},"excerpt":{"rendered":"","protected":false},"author":2,"featured_media":49390,"comment_status":"open","ping_status":"open","sticky":false,"template":"","format":"standard","meta":{"_acf_changed":false,"jetpack_post_was_ever_published":false,"_jetpack_newsletter_access":"","_jetpack_dont_email_post_to_subs":false,"_jetpack_newsletter_tier_id":0,"_jetpack_memberships_contains_paywalled_content":false,"_jetpack_memberships_contains_paid_content":false,"footnotes":"","jetpack_publicize_message":"","jetpack_publicize_feature_enabled":true,"jetpack_social_post_already_shared":true,"jetpack_social_options":{"image_generator_settings":{"template":"highway","default_image_id":0,"font":"","enabled":false},"version":2}},"categories":[10,3],"tags":[],"class_list":["post-49389","post","type-post","status-publish","format-standard","has-post-thumbnail","hentry","category-izlozbe","category-novosti"],"acf":{"facebook_opis":""},"jetpack_publicize_connections":[],"jetpack_featured_media_url":"https:\/\/i0.wp.com\/historiografija.hr\/wp-content\/uploads\/2025\/11\/Pixsell.jpg?fit=1200%2C720&ssl=1","jetpack_sharing_enabled":true,"jetpack-related-posts":[],"_links":{"self":[{"href":"https:\/\/historiografija.hr\/index.php?rest_route=\/wp\/v2\/posts\/49389","targetHints":{"allow":["GET"]}}],"collection":[{"href":"https:\/\/historiografija.hr\/index.php?rest_route=\/wp\/v2\/posts"}],"about":[{"href":"https:\/\/historiografija.hr\/index.php?rest_route=\/wp\/v2\/types\/post"}],"author":[{"embeddable":true,"href":"https:\/\/historiografija.hr\/index.php?rest_route=\/wp\/v2\/users\/2"}],"replies":[{"embeddable":true,"href":"https:\/\/historiografija.hr\/index.php?rest_route=%2Fwp%2Fv2%2Fcomments&post=49389"}],"version-history":[{"count":3,"href":"https:\/\/historiografija.hr\/index.php?rest_route=\/wp\/v2\/posts\/49389\/revisions"}],"predecessor-version":[{"id":49393,"href":"https:\/\/historiografija.hr\/index.php?rest_route=\/wp\/v2\/posts\/49389\/revisions\/49393"}],"wp:featuredmedia":[{"embeddable":true,"href":"https:\/\/historiografija.hr\/index.php?rest_route=\/wp\/v2\/media\/49390"}],"wp:attachment":[{"href":"https:\/\/historiografija.hr\/index.php?rest_route=%2Fwp%2Fv2%2Fmedia&parent=49389"}],"wp:term":[{"taxonomy":"category","embeddable":true,"href":"https:\/\/historiografija.hr\/index.php?rest_route=%2Fwp%2Fv2%2Fcategories&post=49389"},{"taxonomy":"post_tag","embeddable":true,"href":"https:\/\/historiografija.hr\/index.php?rest_route=%2Fwp%2Fv2%2Ftags&post=49389"}],"curies":[{"name":"wp","href":"https:\/\/api.w.org\/{rel}","templated":true}]}}