{"id":49373,"date":"2025-11-07T21:25:01","date_gmt":"2025-11-07T21:25:01","guid":{"rendered":"https:\/\/historiografija.hr\/?p=49373"},"modified":"2025-11-07T21:25:01","modified_gmt":"2025-11-07T21:25:01","slug":"predavanje-ewe-wroblewske-trochimiuk-politike-vidljivosti-i-nelagode-komparacije-slike-i-prosvjedi-u-hrvatskoj-i-srbiji","status":"publish","type":"post","link":"https:\/\/historiografija.hr\/?p=49373","title":{"rendered":"Predavanje Ewe Wr\u00f3blewske-Trochimiuk \u201ePolitike vidljivosti i nelagode komparacije. Slike i prosvjedi u Hrvatskoj i Srbiji\u201c"},"content":{"rendered":"\n<p>Ewa Wr\u00f3blewska-Trochimiuk s Instituta za slavistiku Poljske akademije znanosti odr\u017eala je 4. studenog 2025. u Institutu za etnologiju i folkloristiku u Zagrebu predavanje \u201ePolitike vidljivosti i nelagode komparacije. Slike i prosvjedi u Hrvatskoj i Srbiji\u201c. Ewa Wr\u00f3blewska-Trochimiuk u predavanju je predstavila istra\u017eivanje iz svoje nove knjige, &#8220;Naszego nie damy. Spory i obrazy polityczne w Serbii i Chorwacji po roku 2000 [Na\u0161e ne damo. Politi\u010dki sporovi i slike u Srbiji i Hrvatskoj nakon 2000.] (2024).<\/p>\n\n\n\n<hr class=\"wp-block-separator has-alpha-channel-opacity\"\/>\n\n\n\n<p>Izvori i dodatne obavijesti:<\/p>\n\n\n\n<figure class=\"wp-block-embed is-type-rich is-provider-upravlja-ki-sklop-ugradbenog-koda wp-block-embed-upravlja-ki-sklop-ugradbenog-koda\"><div class=\"wp-block-embed__wrapper\">\n<p><a href=\"https:\/\/www.ief.hr\/wp-content\/uploads\/2025\/10\/tribina-EWA.pdf\" target=\"_blank\" rel=\"noopener noreferrer nofollow\">Click to access tribina-EWA.pdf<\/a><\/p>\n<\/div><\/figure>\n\n\n\n<p><a href=\"https:\/\/www.facebook.com\/institutzaetnologijuifolkloristiku\">https:\/\/www.facebook.com\/institutzaetnologijuifolkloristiku<\/a><\/p>\n\n\n\n<figure class=\"wp-block-embed is-type-wp-embed is-provider-institut-za-etnologiju-i-folkloristiku wp-block-embed-institut-za-etnologiju-i-folkloristiku\"><div class=\"wp-block-embed__wrapper\">\n<blockquote class=\"wp-embedded-content\" data-secret=\"GsqI81D42n\"><a href=\"https:\/\/www.ief.hr\/\">Naslovna<\/a><\/blockquote><iframe loading=\"lazy\" class=\"wp-embedded-content\" sandbox=\"allow-scripts\" security=\"restricted\" style=\"position: absolute; visibility: hidden;\" title=\"&#8220;Naslovna&#8221; &#8212; Institut za etnologiju i folkloristiku\" src=\"https:\/\/www.ief.hr\/embed\/#?secret=GsqI81D42n\" data-secret=\"GsqI81D42n\" width=\"600\" height=\"338\" frameborder=\"0\" marginwidth=\"0\" marginheight=\"0\" scrolling=\"no\"><\/iframe>\n<\/div><\/figure>\n\n\n\n<hr class=\"wp-block-separator has-alpha-channel-opacity\"\/>\n","protected":false},"excerpt":{"rendered":"","protected":false},"author":2,"featured_media":49374,"comment_status":"open","ping_status":"open","sticky":false,"template":"","format":"standard","meta":{"_acf_changed":false,"jetpack_post_was_ever_published":false,"_jetpack_newsletter_access":"","_jetpack_dont_email_post_to_subs":false,"_jetpack_newsletter_tier_id":0,"_jetpack_memberships_contains_paywalled_content":false,"_jetpack_memberships_contains_paid_content":false,"footnotes":"","jetpack_publicize_message":"","jetpack_publicize_feature_enabled":true,"jetpack_social_post_already_shared":true,"jetpack_social_options":{"image_generator_settings":{"template":"highway","default_image_id":0,"font":"","enabled":false},"version":2}},"categories":[3],"tags":[],"class_list":["post-49373","post","type-post","status-publish","format-standard","has-post-thumbnail","hentry","category-novosti"],"acf":{"facebook_opis":""},"jetpack_publicize_connections":[],"jetpack_featured_media_url":"https:\/\/i0.wp.com\/historiografija.hr\/wp-content\/uploads\/2025\/11\/Ewa.jpg?fit=1600%2C1200&ssl=1","jetpack_sharing_enabled":true,"jetpack-related-posts":[],"_links":{"self":[{"href":"https:\/\/historiografija.hr\/index.php?rest_route=\/wp\/v2\/posts\/49373","targetHints":{"allow":["GET"]}}],"collection":[{"href":"https:\/\/historiografija.hr\/index.php?rest_route=\/wp\/v2\/posts"}],"about":[{"href":"https:\/\/historiografija.hr\/index.php?rest_route=\/wp\/v2\/types\/post"}],"author":[{"embeddable":true,"href":"https:\/\/historiografija.hr\/index.php?rest_route=\/wp\/v2\/users\/2"}],"replies":[{"embeddable":true,"href":"https:\/\/historiografija.hr\/index.php?rest_route=%2Fwp%2Fv2%2Fcomments&post=49373"}],"version-history":[{"count":1,"href":"https:\/\/historiografija.hr\/index.php?rest_route=\/wp\/v2\/posts\/49373\/revisions"}],"predecessor-version":[{"id":49375,"href":"https:\/\/historiografija.hr\/index.php?rest_route=\/wp\/v2\/posts\/49373\/revisions\/49375"}],"wp:featuredmedia":[{"embeddable":true,"href":"https:\/\/historiografija.hr\/index.php?rest_route=\/wp\/v2\/media\/49374"}],"wp:attachment":[{"href":"https:\/\/historiografija.hr\/index.php?rest_route=%2Fwp%2Fv2%2Fmedia&parent=49373"}],"wp:term":[{"taxonomy":"category","embeddable":true,"href":"https:\/\/historiografija.hr\/index.php?rest_route=%2Fwp%2Fv2%2Fcategories&post=49373"},{"taxonomy":"post_tag","embeddable":true,"href":"https:\/\/historiografija.hr\/index.php?rest_route=%2Fwp%2Fv2%2Ftags&post=49373"}],"curies":[{"name":"wp","href":"https:\/\/api.w.org\/{rel}","templated":true}]}}