{"id":49363,"date":"2025-11-06T23:26:36","date_gmt":"2025-11-06T23:26:36","guid":{"rendered":"https:\/\/historiografija.hr\/?p=49363"},"modified":"2025-11-06T23:26:36","modified_gmt":"2025-11-06T23:26:36","slug":"znanstveni-skup-poetike-i-politike-etnografije-danas","status":"publish","type":"post","link":"https:\/\/historiografija.hr\/?p=49363","title":{"rendered":"Znanstveni skup \u201ePOETIKE I POLITIKE ETNOGRAFIJE DANAS\u201c"},"content":{"rendered":"\n<p>Znanstveni skup POETIKE I POLITIKE ETNOGRAFIJE DANAS. ZA\u0160TO? KAKO? S KIM I ZA KOGA? odr\u017eava se 6. i 7. studenoga 2025. u knji\u017enici Instituta za etnologiju i folkloristiku u Zagrebu (\u0160ubi\u0107eva 42\/V. kat).<\/p>\n\n\n\n<p>Skup se odr\u017eava u okviru projekta Poetike i politike etnografije danas (EPP) koji financira Europska unija \u2013 NextGenerationEU.<\/p>\n\n\n\n<p>Program i knji\u017eica sa\u017eetaka:<\/p>\n\n\n\n<figure class=\"wp-block-embed is-type-rich is-provider-upravlja-ki-sklop-ugradbenog-koda wp-block-embed-upravlja-ki-sklop-ugradbenog-koda\"><div class=\"wp-block-embed__wrapper\">\n<p><a href=\"https:\/\/www.ief.hr\/wp-content\/uploads\/2025\/10\/EPP_knjizica-sazetaka.pdf\" target=\"_blank\" rel=\"noopener noreferrer nofollow\">Click to access EPP_knjizica-sazetaka.pdf<\/a><\/p>\n<\/div><\/figure>\n\n\n\n<hr class=\"wp-block-separator has-alpha-channel-opacity\"\/>\n\n\n\n<p>Izvor:<\/p>\n\n\n\n<figure class=\"wp-block-embed is-type-wp-embed is-provider-institut-za-etnologiju-i-folkloristiku wp-block-embed-institut-za-etnologiju-i-folkloristiku\"><div class=\"wp-block-embed__wrapper\">\n<blockquote class=\"wp-embedded-content\" data-secret=\"WSNBdA3xws\"><a href=\"https:\/\/www.ief.hr\/\">Naslovna<\/a><\/blockquote><iframe loading=\"lazy\" class=\"wp-embedded-content\" sandbox=\"allow-scripts\" security=\"restricted\" style=\"position: absolute; visibility: hidden;\" title=\"&#8220;Naslovna&#8221; &#8212; Institut za etnologiju i folkloristiku\" src=\"https:\/\/www.ief.hr\/embed\/#?secret=WSNBdA3xws\" data-secret=\"WSNBdA3xws\" width=\"600\" height=\"338\" frameborder=\"0\" marginwidth=\"0\" marginheight=\"0\" scrolling=\"no\"><\/iframe>\n<\/div><\/figure>\n\n\n\n<hr class=\"wp-block-separator has-alpha-channel-opacity\"\/>\n","protected":false},"excerpt":{"rendered":"","protected":false},"author":2,"featured_media":49364,"comment_status":"open","ping_status":"open","sticky":false,"template":"","format":"standard","meta":{"_acf_changed":false,"jetpack_post_was_ever_published":false,"_jetpack_newsletter_access":"","_jetpack_dont_email_post_to_subs":false,"_jetpack_newsletter_tier_id":0,"_jetpack_memberships_contains_paywalled_content":false,"_jetpack_memberships_contains_paid_content":false,"footnotes":"","jetpack_publicize_message":"","jetpack_publicize_feature_enabled":true,"jetpack_social_post_already_shared":true,"jetpack_social_options":{"image_generator_settings":{"template":"highway","default_image_id":0,"font":"","enabled":false},"version":2}},"categories":[3,9],"tags":[],"class_list":["post-49363","post","type-post","status-publish","format-standard","has-post-thumbnail","hentry","category-novosti","category-skupovi"],"acf":{"facebook_opis":""},"jetpack_publicize_connections":[],"jetpack_featured_media_url":"https:\/\/i0.wp.com\/historiografija.hr\/wp-content\/uploads\/2025\/11\/IEF_skup.jpg?fit=509%2C720&ssl=1","jetpack_sharing_enabled":true,"jetpack-related-posts":[],"_links":{"self":[{"href":"https:\/\/historiografija.hr\/index.php?rest_route=\/wp\/v2\/posts\/49363","targetHints":{"allow":["GET"]}}],"collection":[{"href":"https:\/\/historiografija.hr\/index.php?rest_route=\/wp\/v2\/posts"}],"about":[{"href":"https:\/\/historiografija.hr\/index.php?rest_route=\/wp\/v2\/types\/post"}],"author":[{"embeddable":true,"href":"https:\/\/historiografija.hr\/index.php?rest_route=\/wp\/v2\/users\/2"}],"replies":[{"embeddable":true,"href":"https:\/\/historiografija.hr\/index.php?rest_route=%2Fwp%2Fv2%2Fcomments&post=49363"}],"version-history":[{"count":1,"href":"https:\/\/historiografija.hr\/index.php?rest_route=\/wp\/v2\/posts\/49363\/revisions"}],"predecessor-version":[{"id":49365,"href":"https:\/\/historiografija.hr\/index.php?rest_route=\/wp\/v2\/posts\/49363\/revisions\/49365"}],"wp:featuredmedia":[{"embeddable":true,"href":"https:\/\/historiografija.hr\/index.php?rest_route=\/wp\/v2\/media\/49364"}],"wp:attachment":[{"href":"https:\/\/historiografija.hr\/index.php?rest_route=%2Fwp%2Fv2%2Fmedia&parent=49363"}],"wp:term":[{"taxonomy":"category","embeddable":true,"href":"https:\/\/historiografija.hr\/index.php?rest_route=%2Fwp%2Fv2%2Fcategories&post=49363"},{"taxonomy":"post_tag","embeddable":true,"href":"https:\/\/historiografija.hr\/index.php?rest_route=%2Fwp%2Fv2%2Ftags&post=49363"}],"curies":[{"name":"wp","href":"https:\/\/api.w.org\/{rel}","templated":true}]}}