{"id":49360,"date":"2025-11-06T23:15:17","date_gmt":"2025-11-06T23:15:17","guid":{"rendered":"https:\/\/historiografija.hr\/?p=49360"},"modified":"2025-11-06T23:15:17","modified_gmt":"2025-11-06T23:15:17","slug":"luka-pejic-u-taboru-anarhista-zivot-ivana-zeppa","status":"publish","type":"post","link":"https:\/\/historiografija.hr\/?p=49360","title":{"rendered":"Luka Peji\u0107, \u201cU taboru anarhista: \u017divot Ivana Zeppa\u201d"},"content":{"rendered":"\n<p>U izdanju izdava\u010dke ku\u0107e DAF objavljena je nova knjiga Luke Peji\u0107a, <em><strong>U taboru anarhista: \u017divot Ivana Zeppa<\/strong><\/em>.<\/p>\n\n\n\n<p><strong>O knjizi:<\/strong><\/p>\n\n\n\n<p>Daleko od anarhisti\u010dkih kru\u017eoka i diskusija sa \u0161vicarskim drugovima, na obali Drave svoje je posljednje godine proveo Ivan Zepp (1889. \u2013 1967.). Opisav\u0161i ga kao \u201eposljednjeg anarhista u Osijeku\u201c, za publicista i kroni\u010dara radni\u010dkog pokreta Lavoslava Krausa Zepp je nakon Drugog svjetskog rata predstavljao neobi\u010dnu vrstu \u010dovjeka. Zeppova biografija otkriva \u017eivot u kojem se isprepli\u0107u migracije, sna\u017ena politi\u010dka uvjerenja i neumorno aktivisti\u010dko djelovanje. Od mladosti, kada je kao kroja\u010d sudjelovao u antimilitaristi\u010dkim akcijama diljem Europe, do starosti provedene u socijalisti\u010dkoj Jugoslaviji, Zepp je ostao vjeran svojim idealima \u2013 unato\u010d brojnim izazovima zadr\u017eao se \u201eu taboru anarhista\u201c. Ova knjiga, oslonjena na arhivske izvore, osobne zapise i suvremena historiografska istra\u017eivanja, nastoji rekonstruirati Zeppovu biografiju kao polazi\u0161te za analizu ideolo\u0161kih, dru\u0161tvenih i politi\u010dkih silnica koje su u prvoj polovici 20. stolje\u0107a oblikovale radni\u010dki pokret u Europi. Ukazuju\u0107i na va\u017enost individualnih sudbina u razumijevanju slo\u017eenih povijesnih struktura, knjiga nudi uvid u dinamiku anarhisti\u010dkog aktivizma ranog 20. stolje\u0107a. Zeppov \u017eivot, pro\u017eet subverzivnim djelovanjem, razo\u010daranjima te prijateljstvima s istaknutim aktivistima, istovremeno je i osobna drama te ogledalo jednog turbulentnog vremena.<\/p>\n\n\n\n<p><strong>Iz recenzije Nikole Toma\u0161egovi\u0107a:<\/strong><\/p>\n\n\n\n<p>Ova se studija uklapa u svojevrsni <em>revival<\/em> interesa za teme povijesti radni\u0161tva i radni\u010dkog pokreta koji se u okviru hrvatske historiografije javlja unazad desetak godina. Za razliku od starijih istra\u017eivanja, koja su se uglavnom bavila politi\u010dkom povijesti radni\u010dkog i socijalisti\u010dkog pokreta, kao i ekonomskom povijesti radni\u010dke klase, \u010desto s fokusom na 20. st., ove nove studije uklju\u010duju i intelektualnopovijesne te kulturnopovijesne aspekte, a u fokus stavljaju samo radni\u0161tvo, naj\u010de\u0161\u0107e u specifi\u010dnim lokalnim kontekstima formativnog perioda kasnog 19. st., kao i pojedince kroz \u010dije pri\u010de zahva\u0107aju \u0161ire problemske teme. U tom pogledu, ova nova, inovativna istra\u017eivanja, a u kojima je Luka Peji\u0107 svakako jedan od predvodnika, uklju\u010duju hrvatsku historiografiju u suvremena kretanja globalne historiografije, u kojoj se tako\u0111er zamje\u0107uje obnovljeni interes za navedene teme potaknut novim teorijskim i metodolo\u0161kim impulsima. Osim u pogledu afirmacije nove radni\u010dke povijesti, ova je studija va\u017ena i kao ogledni primjer utjecaja transnacionalnih pristupa u okviru hrvatske historiografije. Naime, va\u017ena komponenta prikaza djelatnosti Ivana Zeppa ti\u010de se njegove uloge kao posrednika izme\u0111u globalnih kretanja i lokalne sredine, pri \u010demu nije bio samo pasivni recipijent, nego aktivni suoblikovatelj preuzetih ideja koje je bilo potrebno modificirati za potrebe lokalne sredine. U tom se smislu i anarhizam u Hrvatskoj na prijelomu 19. i 20. st. ispostavlja kao lokalna iteracija globalnog fenomena, aktivno transnacionalno umre\u017een s drugim pokretima, a ne tek kao izolirani kuriozitet.<\/p>\n\n\n\n<hr class=\"wp-block-separator has-alpha-channel-opacity\"\/>\n\n\n\n<p>Izvori:<\/p>\n\n\n\n<figure class=\"wp-block-embed is-type-wp-embed is-provider-filozofski-fakultet-osijek wp-block-embed-filozofski-fakultet-osijek\"><div class=\"wp-block-embed__wrapper\">\n<blockquote class=\"wp-embedded-content\" data-secret=\"gFwqFR871J\"><a href=\"https:\/\/www.ffos.unios.hr\/nova-knjiga-luke-pejica-u-taboru-anarhista-zivot-ivana-zeppa\/\">Nova knjiga Luke Peji\u0107a: &#8220;U taboru anarhista: \u017divot Ivana Zeppa&#8221;<\/a><\/blockquote><iframe loading=\"lazy\" class=\"wp-embedded-content\" sandbox=\"allow-scripts\" security=\"restricted\" style=\"position: absolute; visibility: hidden;\" title=\"&#8220;Nova knjiga Luke Peji\u0107a: &#8220;U taboru anarhista: \u017divot Ivana Zeppa&#8221;&#8221; &#8212; Filozofski fakultet Osijek\" src=\"https:\/\/www.ffos.unios.hr\/nova-knjiga-luke-pejica-u-taboru-anarhista-zivot-ivana-zeppa\/embed\/#?secret=H7ds0H1b1i#?secret=gFwqFR871J\" data-secret=\"gFwqFR871J\" width=\"600\" height=\"338\" frameborder=\"0\" marginwidth=\"0\" marginheight=\"0\" scrolling=\"no\"><\/iframe>\n<\/div><\/figure>\n\n\n\n<p><a href=\"https:\/\/www.daf.hr\/novosti\/luka-pejic-u-taboru-anarhista-zivot-ivana-zeppa\">https:\/\/www.daf.hr\/novosti\/luka-pejic-u-taboru-anarhista-zivot-ivana-zeppa<\/a><\/p>\n\n\n\n<hr class=\"wp-block-separator has-alpha-channel-opacity\"\/>\n","protected":false},"excerpt":{"rendered":"","protected":false},"author":2,"featured_media":49361,"comment_status":"open","ping_status":"open","sticky":false,"template":"","format":"standard","meta":{"_acf_changed":false,"jetpack_post_was_ever_published":false,"_jetpack_newsletter_access":"","_jetpack_dont_email_post_to_subs":false,"_jetpack_newsletter_tier_id":0,"_jetpack_memberships_contains_paywalled_content":false,"_jetpack_memberships_contains_paid_content":false,"footnotes":"","jetpack_publicize_message":"","jetpack_publicize_feature_enabled":true,"jetpack_social_post_already_shared":true,"jetpack_social_options":{"image_generator_settings":{"template":"highway","default_image_id":0,"font":"","enabled":false},"version":2}},"categories":[8,3],"tags":[],"class_list":["post-49360","post","type-post","status-publish","format-standard","has-post-thumbnail","hentry","category-knjige","category-novosti"],"acf":{"facebook_opis":""},"jetpack_publicize_connections":[],"jetpack_featured_media_url":"https:\/\/i0.wp.com\/historiografija.hr\/wp-content\/uploads\/2025\/11\/Pejic.jpg?fit=574%2C790&ssl=1","jetpack_sharing_enabled":true,"jetpack-related-posts":[],"_links":{"self":[{"href":"https:\/\/historiografija.hr\/index.php?rest_route=\/wp\/v2\/posts\/49360","targetHints":{"allow":["GET"]}}],"collection":[{"href":"https:\/\/historiografija.hr\/index.php?rest_route=\/wp\/v2\/posts"}],"about":[{"href":"https:\/\/historiografija.hr\/index.php?rest_route=\/wp\/v2\/types\/post"}],"author":[{"embeddable":true,"href":"https:\/\/historiografija.hr\/index.php?rest_route=\/wp\/v2\/users\/2"}],"replies":[{"embeddable":true,"href":"https:\/\/historiografija.hr\/index.php?rest_route=%2Fwp%2Fv2%2Fcomments&post=49360"}],"version-history":[{"count":1,"href":"https:\/\/historiografija.hr\/index.php?rest_route=\/wp\/v2\/posts\/49360\/revisions"}],"predecessor-version":[{"id":49362,"href":"https:\/\/historiografija.hr\/index.php?rest_route=\/wp\/v2\/posts\/49360\/revisions\/49362"}],"wp:featuredmedia":[{"embeddable":true,"href":"https:\/\/historiografija.hr\/index.php?rest_route=\/wp\/v2\/media\/49361"}],"wp:attachment":[{"href":"https:\/\/historiografija.hr\/index.php?rest_route=%2Fwp%2Fv2%2Fmedia&parent=49360"}],"wp:term":[{"taxonomy":"category","embeddable":true,"href":"https:\/\/historiografija.hr\/index.php?rest_route=%2Fwp%2Fv2%2Fcategories&post=49360"},{"taxonomy":"post_tag","embeddable":true,"href":"https:\/\/historiografija.hr\/index.php?rest_route=%2Fwp%2Fv2%2Ftags&post=49360"}],"curies":[{"name":"wp","href":"https:\/\/api.w.org\/{rel}","templated":true}]}}