{"id":49349,"date":"2025-11-06T22:56:38","date_gmt":"2025-11-06T22:56:38","guid":{"rendered":"https:\/\/historiografija.hr\/?p=49349"},"modified":"2025-11-06T22:57:21","modified_gmt":"2025-11-06T22:57:21","slug":"predavanje-tomislava-galovica-nacionalna-obljetnica-1100-godina-hrvatskog-kraljevstva-i-krcka-kulturna-bastina","status":"publish","type":"post","link":"https:\/\/historiografija.hr\/?p=49349","title":{"rendered":"Predavanje Tomislava Galovi\u0107a &#8220;Nacionalna obljetnica 1100 godina Hrvatskog Kraljevstva i kr\u010dka kulturna ba\u0161tina&#8221;"},"content":{"rendered":"\n<p>Dru\u0161tvo Kr\u010dana i prijatelja otoka Krka vas poziva na&nbsp;predavanje&nbsp;<\/p>\n\n\n\n<p><strong>Nacionalna obljetnica 1100 godina Hrvatskog Kraljevstva i<\/strong> <strong>kr\u010dka kulturna ba\u0161tina<\/strong><\/p>\n\n\n\n<p><strong>10.11.2025. u 18 sati<\/strong><\/p>\n\n\n\n<p><strong>Knji\u017enica i \u010ditaonica Bogdana Ogrizovi\u0107a<\/strong>, Preradovi\u0107eva 5, Zagreb<\/p>\n\n\n\n<p>U izlaganju \u0107e se predstaviti velika nacionalna izlo\u017eba &#8220;U po\u010detku bija\u0161e kraljevstvo&#8221; koja je postavljena u Galeriji Klovi\u0107evi dvori te ukazati na va\u017enost i vrijednost kr\u010dke kulturne ba\u0161tine zastupljene u koncepciji ove kapitalne izlo\u017ebe.<\/p>\n\n\n\n<p><strong>Predava\u010d:&nbsp;<\/strong><strong>Izv. prof. dr. sc.&nbsp;TOMISLAV GALOVI\u0106&nbsp;<\/strong><\/p>\n\n\n\n<hr class=\"wp-block-separator has-alpha-channel-opacity\"\/>\n\n\n\n<div data-wp-interactive=\"core\/file\" class=\"wp-block-file\"><object data-wp-bind--hidden=\"!state.hasPdfPreview\" hidden class=\"wp-block-file__embed\" data=\"https:\/\/historiografija.hr\/wp-content\/uploads\/2025\/11\/Plakat_1100ghk.pdf\" type=\"application\/pdf\" style=\"width:100%;height:600px\" aria-label=\"Ugra\u0111eno Plakat_1100ghk.\"><\/object><a id=\"wp-block-file--media-5c7771e7-eaa1-4d17-b173-8f3482d37a57\" href=\"https:\/\/historiografija.hr\/wp-content\/uploads\/2025\/11\/Plakat_1100ghk.pdf\">Plakat_1100ghk<\/a><a href=\"https:\/\/historiografija.hr\/wp-content\/uploads\/2025\/11\/Plakat_1100ghk.pdf\" class=\"wp-block-file__button wp-element-button\" download aria-describedby=\"wp-block-file--media-5c7771e7-eaa1-4d17-b173-8f3482d37a57\">Preuzmi<\/a><\/div>\n\n\n\n<hr class=\"wp-block-separator has-alpha-channel-opacity\"\/>\n\n\n\n<p>Obavijest:<\/p>\n\n\n\n<p><a href=\"https:\/\/www.kgz.hr\/hr\/dogadjanja\/nacionalna-obljetnica-1100-godina-hrvatskog-kraljevstva-i-krcka-kulturna-bastina\/71756\">https:\/\/www.kgz.hr\/hr\/dogadjanja\/nacionalna-obljetnica-1100-godina-hrvatskog-kraljevstva-i-krcka-kulturna-bastina\/71756<\/a><\/p>\n\n\n\n<hr class=\"wp-block-separator has-alpha-channel-opacity\"\/>\n\n\n\n<p><\/p>\n","protected":false},"excerpt":{"rendered":"","protected":false},"author":2,"featured_media":49351,"comment_status":"open","ping_status":"open","sticky":false,"template":"","format":"standard","meta":{"_acf_changed":false,"jetpack_post_was_ever_published":false,"_jetpack_newsletter_access":"","_jetpack_dont_email_post_to_subs":false,"_jetpack_newsletter_tier_id":0,"_jetpack_memberships_contains_paywalled_content":false,"_jetpack_memberships_contains_paid_content":false,"footnotes":"","jetpack_publicize_message":"","jetpack_publicize_feature_enabled":true,"jetpack_social_post_already_shared":true,"jetpack_social_options":{"image_generator_settings":{"template":"highway","default_image_id":0,"font":"","enabled":false},"version":2}},"categories":[3],"tags":[],"class_list":["post-49349","post","type-post","status-publish","format-standard","has-post-thumbnail","hentry","category-novosti"],"acf":{"facebook_opis":""},"jetpack_publicize_connections":[],"jetpack_featured_media_url":"https:\/\/i0.wp.com\/historiografija.hr\/wp-content\/uploads\/2025\/11\/krk.jpg?fit=301%2C220&ssl=1","jetpack_sharing_enabled":true,"jetpack-related-posts":[],"_links":{"self":[{"href":"https:\/\/historiografija.hr\/index.php?rest_route=\/wp\/v2\/posts\/49349","targetHints":{"allow":["GET"]}}],"collection":[{"href":"https:\/\/historiografija.hr\/index.php?rest_route=\/wp\/v2\/posts"}],"about":[{"href":"https:\/\/historiografija.hr\/index.php?rest_route=\/wp\/v2\/types\/post"}],"author":[{"embeddable":true,"href":"https:\/\/historiografija.hr\/index.php?rest_route=\/wp\/v2\/users\/2"}],"replies":[{"embeddable":true,"href":"https:\/\/historiografija.hr\/index.php?rest_route=%2Fwp%2Fv2%2Fcomments&post=49349"}],"version-history":[{"count":2,"href":"https:\/\/historiografija.hr\/index.php?rest_route=\/wp\/v2\/posts\/49349\/revisions"}],"predecessor-version":[{"id":49353,"href":"https:\/\/historiografija.hr\/index.php?rest_route=\/wp\/v2\/posts\/49349\/revisions\/49353"}],"wp:featuredmedia":[{"embeddable":true,"href":"https:\/\/historiografija.hr\/index.php?rest_route=\/wp\/v2\/media\/49351"}],"wp:attachment":[{"href":"https:\/\/historiografija.hr\/index.php?rest_route=%2Fwp%2Fv2%2Fmedia&parent=49349"}],"wp:term":[{"taxonomy":"category","embeddable":true,"href":"https:\/\/historiografija.hr\/index.php?rest_route=%2Fwp%2Fv2%2Fcategories&post=49349"},{"taxonomy":"post_tag","embeddable":true,"href":"https:\/\/historiografija.hr\/index.php?rest_route=%2Fwp%2Fv2%2Ftags&post=49349"}],"curies":[{"name":"wp","href":"https:\/\/api.w.org\/{rel}","templated":true}]}}