{"id":49336,"date":"2025-11-05T16:15:02","date_gmt":"2025-11-05T16:15:02","guid":{"rendered":"https:\/\/historiografija.hr\/?p=49336"},"modified":"2025-11-05T16:15:34","modified_gmt":"2025-11-05T16:15:34","slug":"321-maticin-cetvrtak-omh-u-velikoj-gorici-uz-predstavljanje-posebnog-broja-casopisa-hrvatska-revija","status":"publish","type":"post","link":"https:\/\/historiografija.hr\/?p=49336","title":{"rendered":"321. Mati\u010din \u010detvrtak OMH u Velikoj Gorici uz predstavljanje posebnog broja \u010dasopisa &#8220;Hrvatska revija&#8221;"},"content":{"rendered":"\n<p>\u010cetvrtak 6. studenoga 2025. godine u 18:30 sati. Podru\u010dna knji\u017enica Gal\u017eenica, Trg Stjepana Radi\u0107a 5, Velika Gorica.<\/p>\n\n\n\n<hr class=\"wp-block-separator has-alpha-channel-opacity\"\/>\n\n\n\n<p><strong>OGRANAK MATICE HRVATSKE U VELIKOJ GORICI<\/strong><\/p>\n\n\n\n<p>Poziva Vas na&nbsp;<\/p>\n\n\n\n<p><strong>321. MATI\u010cIN \u010cETVRTAK<\/strong><\/p>\n\n\n\n<p><strong>6. studenoga\u00a02025. godine u 18:30 sati.<\/strong> Podru\u010dna knji\u017enica Gal\u017eenica, Trg Stjepana Radi\u0107a 5,<br>Velika Gorica i na \u00a0<a href=\"http:\/\/www.matica-gorica.hr\/\">www.matica-gorica.hr<\/a><\/p>\n\n\n\n<p>&nbsp;u sklopu koje \u0107e se odr\u017eati predstavljanje \u010dasopisa Matice hrvatske&nbsp;<\/p>\n\n\n\n<p><strong><em>HRVATSKA REVIJA br. 4\/2024.<\/em><\/strong><strong><em><br><strong>posve\u0107enog&nbsp;<\/strong><\/em><\/strong>1100. obljetnici Hrvatskoga Kraljevstva&nbsp;&nbsp;<\/p>\n\n\n\n<p>\u010dasopis \u0107e predstaviti&nbsp;<\/p>\n\n\n\n<p><strong>Tomislav Galovi\u0107<\/strong>, povjesni\u010dar<br><strong>Mirjana Poli\u0107 Bobi\u0107<\/strong>, glavna urednica&nbsp;<\/p>\n\n\n\n<p>Hrvatska revija \u010dasopis je Matice hrvatske za dru\u0161tvena i kulturna pitanja. U povodu 1100. obljetnice Hrvatskog Kraljevstva \u010detvrti je broj Hrvatske revije u cijelosti posve\u0107en povijesnoj li\u010dnosti kralja Tomislava i njegovom vremenu, povijesti prou\u010davanja te problematike, povijesnom pam\u0107enju i mitu o kralju Tomislavu u Hrvata, te prikazivanju Tomislavova lika i vremena u likovnim umjetnostima.<\/p>\n\n\n\n<p>Povjesni\u010darima su temeljni dokumenti diplomati\u010dkoga zna\u010daja oni u kojima se 925. godine hrvatski kralj Tomislav spominje kao jedan od presudnih sudionika uspostave splitske metropolije jer se time dokazuje da je Hrvatska Kne\u017eevina postala Hrvatsko Kraljevstvo.<\/p>\n\n\n\n<p>Obilje\u017eavanje 1000. obljetnice Hrvatskoga Kraljevstva prije stotinu godina bila je afirmacija ideje o hrvatskoj dr\u017eavnosti i poticaj na daljnji rad na obnovi ujedinjene hrvatske dr\u017eave, a simboli\u010dno je po\u010delo s po\u010detkom gradnje duvanjske spomen crkve, prvobitno blagoslovom tri temeljna kamena zagreba\u010dke katedrale.<\/p>\n\n\n\n<p>Dana\u0161nje obilje\u017eavanje 1100. obljetnice kad je&nbsp; ime Tomislava kao prvoga hrvatskog kralja&nbsp; neupitna \u010dinjenica prisutna u memoriji gotovo svakoga Hrvata, doga\u0111a se u zemlji dosanjanog sna \u2013 Republici Hrvatskoj.<\/p>\n\n\n\n<p><strong><em>Ulaz je slobodan, dobrodo\u0161li!<\/em><\/strong><\/p>\n\n\n\n<hr class=\"wp-block-separator has-alpha-channel-opacity\"\/>\n\n\n\n<p>Izvor:<\/p>\n\n\n\n<p><a href=\"https:\/\/www.matica.hr\/zbivanja\/321-maticin-cetvrtak-omh-u-velikoj-gorici-uz-predstavljanje-posebnog-broja-casopisa-hrvatska-revija-4994\">https:\/\/www.matica.hr\/zbivanja\/321-maticin-cetvrtak-omh-u-velikoj-gorici-uz-predstavljanje-posebnog-broja-casopisa-hrvatska-revija-4994<\/a><\/p>\n\n\n\n<hr class=\"wp-block-separator has-alpha-channel-opacity\"\/>\n","protected":false},"excerpt":{"rendered":"","protected":false},"author":2,"featured_media":45730,"comment_status":"open","ping_status":"open","sticky":false,"template":"","format":"standard","meta":{"_acf_changed":false,"jetpack_post_was_ever_published":false,"_jetpack_newsletter_access":"","_jetpack_dont_email_post_to_subs":false,"_jetpack_newsletter_tier_id":0,"_jetpack_memberships_contains_paywalled_content":false,"_jetpack_memberships_contains_paid_content":false,"footnotes":"","jetpack_publicize_message":"","jetpack_publicize_feature_enabled":true,"jetpack_social_post_already_shared":true,"jetpack_social_options":{"image_generator_settings":{"template":"highway","default_image_id":0,"font":"","enabled":false},"version":2}},"categories":[3],"tags":[],"class_list":["post-49336","post","type-post","status-publish","format-standard","has-post-thumbnail","hentry","category-novosti"],"acf":{"facebook_opis":""},"jetpack_publicize_connections":[],"jetpack_featured_media_url":"https:\/\/i0.wp.com\/historiografija.hr\/wp-content\/uploads\/2025\/04\/hr-2024-4.jpg?fit=300%2C409&ssl=1","jetpack_sharing_enabled":true,"jetpack-related-posts":[],"_links":{"self":[{"href":"https:\/\/historiografija.hr\/index.php?rest_route=\/wp\/v2\/posts\/49336","targetHints":{"allow":["GET"]}}],"collection":[{"href":"https:\/\/historiografija.hr\/index.php?rest_route=\/wp\/v2\/posts"}],"about":[{"href":"https:\/\/historiografija.hr\/index.php?rest_route=\/wp\/v2\/types\/post"}],"author":[{"embeddable":true,"href":"https:\/\/historiografija.hr\/index.php?rest_route=\/wp\/v2\/users\/2"}],"replies":[{"embeddable":true,"href":"https:\/\/historiografija.hr\/index.php?rest_route=%2Fwp%2Fv2%2Fcomments&post=49336"}],"version-history":[{"count":2,"href":"https:\/\/historiografija.hr\/index.php?rest_route=\/wp\/v2\/posts\/49336\/revisions"}],"predecessor-version":[{"id":49338,"href":"https:\/\/historiografija.hr\/index.php?rest_route=\/wp\/v2\/posts\/49336\/revisions\/49338"}],"wp:featuredmedia":[{"embeddable":true,"href":"https:\/\/historiografija.hr\/index.php?rest_route=\/wp\/v2\/media\/45730"}],"wp:attachment":[{"href":"https:\/\/historiografija.hr\/index.php?rest_route=%2Fwp%2Fv2%2Fmedia&parent=49336"}],"wp:term":[{"taxonomy":"category","embeddable":true,"href":"https:\/\/historiografija.hr\/index.php?rest_route=%2Fwp%2Fv2%2Fcategories&post=49336"},{"taxonomy":"post_tag","embeddable":true,"href":"https:\/\/historiografija.hr\/index.php?rest_route=%2Fwp%2Fv2%2Ftags&post=49336"}],"curies":[{"name":"wp","href":"https:\/\/api.w.org\/{rel}","templated":true}]}}