{"id":49330,"date":"2025-11-05T16:06:35","date_gmt":"2025-11-05T16:06:35","guid":{"rendered":"https:\/\/historiografija.hr\/?p=49330"},"modified":"2025-11-05T16:07:45","modified_gmt":"2025-11-05T16:07:45","slug":"predstavljanje-izdanja-hrvatskog-memorijalno-dokumentacijskog-centra-domovinskog-rata-i-otvorenje-12-tjedna-sjecanja-na-vukovar-i-skabrnju","status":"publish","type":"post","link":"https:\/\/historiografija.hr\/?p=49330","title":{"rendered":"Predstavljanje izdanja Hrvatskog memorijalno-dokumentacijskog centra Domovinskog rata i otvorenje 12. Tjedna sje\u0107anja na Vukovar i \u0160kabrnju"},"content":{"rendered":"\n<p>Hrvatska udruga Benedikt i Muzej Domovinskog rata u Splitu pozivaju na promociju dviju knjiga izdanih u sklopu Hrvatskog memorijalno-dokumentacijskog centra Domovinskog rata:<\/p>\n\n\n\n<p><strong>\u201eRepublika Hrvatska i Domovinski rat 1990.\u20131995. Dokumenti \u2013 Knjiga 26: Agresija JNA i srpskih postrojbi (Vukovar, 1991.\u20131992.)\u201c<\/strong><\/p>\n\n\n\n<p><strong>\u201ePolicajci iz Me\u0111imurja u obrani Vukovara\u201c<\/strong>, autorice&nbsp;<strong>Julije Jan\u010dec<\/strong><\/p>\n\n\n\n<p>O izdanjima \u0107e govoriti:<\/p>\n\n\n\n<ul class=\"wp-block-list\">\n<li><strong>izv. prof. dr. sc. Julija Barun\u010di\u0107 Pletikosi\u0107<\/strong>, voditeljica Odjela za znanstveno istra\u017eivanje Domovinskog rata HMDCDR-a<\/li>\n\n\n\n<li><strong>izv. prof. Ana Holjevac Tukovi\u0107<\/strong>, voditeljica Odjela za arhivsko gradivo Domovinskog rata HMDCDR-a<\/li>\n\n\n\n<li><strong>prof. dr. sc. Ante Nazor<\/strong>, ravnatelj Hrvatskog memorijalno-dokumentacijskog centra Domovinskog rata<\/li>\n<\/ul>\n\n\n\n<p><strong>Mjesto odr\u017eavanja:<\/strong>&nbsp;Dominikanski samostan, Hrvojeva 2, Split<br><strong>Vrijeme:<\/strong>&nbsp;19:00 sati<\/p>\n\n\n\n<p>Uz predstavljanje izdanja, uprili\u010dit \u0107e se i&nbsp;<strong>slu\u017ebeno otvorenje dru\u0161tveno-kulturne manifestacije 12. Tjedna sje\u0107anja na Vukovar i \u0160kabrnju<\/strong>, koju Hrvatska udruga Benedikt organizira od 2012. godine.<\/p>\n\n\n\n<p>Partner organizator manifestacije je&nbsp;<strong>Muzej Domovinskog rata u Splitu<\/strong>, dok \u0107e se pojedini programi odr\u017eavati u suradnji s&nbsp;<strong>Dru\u017ebom \u201eBra\u0107a Hrvatskoga Zmaja\u201c<\/strong>,&nbsp;<strong>Ogrankom Matice hrvatske u Makarskoj<\/strong>&nbsp;te&nbsp;<strong>\u0161kolama s podru\u010dja Splitsko-dalmatinske \u017eupanije<\/strong>.<\/p>\n\n\n\n<p>Na sve\u010danom otvorenju nastupit \u0107e&nbsp;<strong>\u0160kolski zbor \u201eMarul\u201c IV. gimnazije Marko Maruli\u0107<\/strong>, pod vodstvom prof.&nbsp;<strong>Tomislava Ver\u0161i\u0107a<\/strong>.<\/p>\n\n\n\n<p>Ovaj doga\u0111aj ozna\u010dava po\u010detak niza kulturnih, obrazovnih i komemorativnih programa posve\u0107enih \u010duvanju sje\u0107anja na \u017ertvu Vukovara i \u0160kabrnje te vrijednosti Domovinskog rata.<\/p>\n\n\n\n<p>Ulaz na sve programe je slobodan!<\/p>\n\n\n\n<hr class=\"wp-block-separator has-alpha-channel-opacity\"\/>\n\n\n\n<figure class=\"wp-block-image size-large is-resized\"><img data-recalc-dims=\"1\" loading=\"lazy\" decoding=\"async\" width=\"819\" height=\"1024\" data-attachment-id=\"49331\" data-permalink=\"https:\/\/historiografija.hr\/?attachment_id=49331\" data-orig-file=\"https:\/\/i0.wp.com\/historiografija.hr\/wp-content\/uploads\/2025\/11\/Predstavljanje-izdanja-HMDCDR-otvorenje-Tjedna-sjecanja-2025.jpg?fit=1080%2C1350&amp;ssl=1\" data-orig-size=\"1080,1350\" data-comments-opened=\"1\" data-image-meta=\"{&quot;aperture&quot;:&quot;0&quot;,&quot;credit&quot;:&quot;&quot;,&quot;camera&quot;:&quot;&quot;,&quot;caption&quot;:&quot;&quot;,&quot;created_timestamp&quot;:&quot;0&quot;,&quot;copyright&quot;:&quot;&quot;,&quot;focal_length&quot;:&quot;0&quot;,&quot;iso&quot;:&quot;0&quot;,&quot;shutter_speed&quot;:&quot;0&quot;,&quot;title&quot;:&quot;&quot;,&quot;orientation&quot;:&quot;0&quot;}\" data-image-title=\"Predstavljanje-izdanja-HMDCDR-otvorenje-Tjedna-sje\u0107anja-2025\" data-image-description=\"\" data-image-caption=\"\" data-large-file=\"https:\/\/i0.wp.com\/historiografija.hr\/wp-content\/uploads\/2025\/11\/Predstavljanje-izdanja-HMDCDR-otvorenje-Tjedna-sjecanja-2025.jpg?fit=819%2C1024&amp;ssl=1\" src=\"https:\/\/i0.wp.com\/historiografija.hr\/wp-content\/uploads\/2025\/11\/Predstavljanje-izdanja-HMDCDR-otvorenje-Tjedna-sjecanja-2025.jpg?resize=819%2C1024&#038;ssl=1\" alt=\"\" class=\"wp-image-49331\" style=\"width:602px;height:auto\" srcset=\"https:\/\/i0.wp.com\/historiografija.hr\/wp-content\/uploads\/2025\/11\/Predstavljanje-izdanja-HMDCDR-otvorenje-Tjedna-sjecanja-2025.jpg?resize=819%2C1024&amp;ssl=1 819w, https:\/\/i0.wp.com\/historiografija.hr\/wp-content\/uploads\/2025\/11\/Predstavljanje-izdanja-HMDCDR-otvorenje-Tjedna-sjecanja-2025.jpg?resize=240%2C300&amp;ssl=1 240w, https:\/\/i0.wp.com\/historiografija.hr\/wp-content\/uploads\/2025\/11\/Predstavljanje-izdanja-HMDCDR-otvorenje-Tjedna-sjecanja-2025.jpg?resize=768%2C960&amp;ssl=1 768w, https:\/\/i0.wp.com\/historiografija.hr\/wp-content\/uploads\/2025\/11\/Predstavljanje-izdanja-HMDCDR-otvorenje-Tjedna-sjecanja-2025.jpg?w=1080&amp;ssl=1 1080w\" sizes=\"auto, (max-width: 819px) 100vw, 819px\" \/><\/figure>\n\n\n\n<hr class=\"wp-block-separator has-alpha-channel-opacity\"\/>\n\n\n\n<p><strong>Program 12. Tjedna sje\u0107anja na Vukovar i \u0160kabrnju 2025.<\/strong><\/p>\n\n\n\n<p><strong>7. studenoga 2025.<\/strong><br>19:00 \u2013 <em>Otvorenje manifestacije uz predstavljanje izdanja HMDCDR-a<\/em><br>Dvorana Dominikanskog samostana u Splitu<br>Organizatori: MDRUS i HUB<\/p>\n\n\n\n<p><strong>8. studenoga 2025.<\/strong><br>18:00 \u2013 <em>Sveta misa za sve poginule u Domovinskom ratu<\/em><br>\u017dupna crkva Svete Obitelji na Sukoi\u0161anu<br>HUB<\/p>\n\n\n\n<p>19:00 \u2013 <em>Koncert duhovne glazbe u \u010dast 1100. obljetnice Hrvatskoga Kraljevstva<\/em><br>Splitska katedrala<br>DBHZ i HUB<\/p>\n\n\n\n<p><strong>10. studenoga 2025.<\/strong><br>18:00 \u2013 <em>Predstavljanje knjige \u201eKrivnja Srbije za I. svjetski rat\u201c dr. sc. Tihomira Raj\u010di\u0107a<\/em><br>Dvorana Arte, Glazbena \u0161kola u Makarskoj<br>HUB i MH Makarska<\/p>\n\n\n\n<p><strong>11. studenoga 2025.<\/strong><br>18:00 \u2013 <em>U\u010deni\u010dka ve\u010der \u201cHrvatska je rije\u010d koju nau\u010dih od majke\u201d<\/em><br>Dvorana Nadbiskupskog sjemeni\u0161ta u Splitu<br>HUB i \u0161kole SD\u017d<\/p>\n\n\n\n<p><strong>12. studenoga 2025.<\/strong><br>18:00 \u2013 <em>Predavanje \u201eOperacija Labrador \u2013 poku\u0161aj diskreditiranja Hrvatske nakon progla\u0161enja neovisnosti 1991.\u201c dr. sc. Andrijana Perkovi\u0107 Palo\u0161<\/em><br>Galerija Muzeja Domovinskog rata u Splitu<br>MDRUS i HUB<\/p>\n\n\n\n<p><strong>13. studenoga 2025.<\/strong><br>18:00 \u2013 <em>Otvorenje izlo\u017ebe \u201eBenediktinci i stvaranje europske kulture\u201c<\/em><br>O\u0160 \u201eVladimir Nazor\u201c \u0160kabrnja<br>HUB, DBHZ i Op\u0107ina \u0160kabrnja<\/p>\n\n\n\n<p>18:00 \u2013 <em>Ve\u010deri dokumentarnog filma<\/em><br>Cineplexx, City Center One Split:&nbsp;\u201cMagistrala ratnog zlo\u010dina \u2013 logor Knin\u201d<br>MDRUS<\/p>\n\n\n\n<p><strong>14. studenoga 2025.<\/strong><br>18:00 \u2013 <em>Ve\u010deri dokumentarnog filma:&nbsp;\u201cZora nad Mostarom\u201d i \u201cNjezina strana pri\u010de \u2013 Dalmacija\u201d<\/em><br>Cineplexx, City Center One Split<br>MDRUS<\/p>\n\n\n\n<p><strong>17. i 18. studenoga 2025.<\/strong><br>18:00 \u2013 <em>Paljenje svije\u0107a uo\u010di i na Dan sje\u0107anja na \u017ertve Domovinskog rata i na \u017ertvu Vukovara i \u0160kabrnje<\/em><br>Vukovarska ulica u Splitu<br>Svi<\/p>\n\n\n\n<hr class=\"wp-block-separator has-alpha-channel-opacity\"\/>\n\n\n\n<p>Izvor:<\/p>\n\n\n\n<figure class=\"wp-block-embed is-type-wp-embed is-provider-hrvatska-udruga-benedikt wp-block-embed-hrvatska-udruga-benedikt\"><div class=\"wp-block-embed__wrapper\">\n<blockquote class=\"wp-embedded-content\" data-secret=\"nfPN0F8vo6\"><a href=\"https:\/\/hu-benedikt.hr\/2025\/11\/predstavljanje-izdanja-hrvatskog-memorijalno-dokumentacijskog-centra-domovinskog-rata-i-otvorenje-12-tjedna-sjecanja-na-vukovar-i-skabrnju\/\">Predstavljanje izdanja Hrvatskog memorijalno-dokumentacijskog centra Domovinskog rata i otvorenje 12. Tjedna sje\u0107anja na Vukovar i \u0160kabrnju<\/a><\/blockquote><iframe loading=\"lazy\" class=\"wp-embedded-content\" sandbox=\"allow-scripts\" security=\"restricted\" style=\"position: absolute; visibility: hidden;\" title=\"&#8220;Predstavljanje izdanja Hrvatskog memorijalno-dokumentacijskog centra Domovinskog rata i otvorenje 12. Tjedna sje\u0107anja na Vukovar i \u0160kabrnju&#8221; &#8212; Hrvatska udruga Benedikt\" src=\"https:\/\/hu-benedikt.hr\/2025\/11\/predstavljanje-izdanja-hrvatskog-memorijalno-dokumentacijskog-centra-domovinskog-rata-i-otvorenje-12-tjedna-sjecanja-na-vukovar-i-skabrnju\/embed\/#?secret=nfPN0F8vo6\" data-secret=\"nfPN0F8vo6\" width=\"600\" height=\"338\" frameborder=\"0\" marginwidth=\"0\" marginheight=\"0\" scrolling=\"no\"><\/iframe>\n<\/div><\/figure>\n\n\n\n<hr class=\"wp-block-separator has-alpha-channel-opacity\"\/>\n","protected":false},"excerpt":{"rendered":"","protected":false},"author":2,"featured_media":49331,"comment_status":"open","ping_status":"open","sticky":false,"template":"","format":"standard","meta":{"_acf_changed":false,"jetpack_post_was_ever_published":false,"_jetpack_newsletter_access":"","_jetpack_dont_email_post_to_subs":false,"_jetpack_newsletter_tier_id":0,"_jetpack_memberships_contains_paywalled_content":false,"_jetpack_memberships_contains_paid_content":false,"footnotes":"","jetpack_publicize_message":"","jetpack_publicize_feature_enabled":true,"jetpack_social_post_already_shared":true,"jetpack_social_options":{"image_generator_settings":{"template":"highway","default_image_id":0,"font":"","enabled":false},"version":2}},"categories":[3],"tags":[],"class_list":["post-49330","post","type-post","status-publish","format-standard","has-post-thumbnail","hentry","category-novosti"],"acf":{"facebook_opis":""},"jetpack_publicize_connections":[],"jetpack_featured_media_url":"https:\/\/i0.wp.com\/historiografija.hr\/wp-content\/uploads\/2025\/11\/Predstavljanje-izdanja-HMDCDR-otvorenje-Tjedna-sjecanja-2025.jpg?fit=1080%2C1350&ssl=1","jetpack_sharing_enabled":true,"jetpack-related-posts":[],"_links":{"self":[{"href":"https:\/\/historiografija.hr\/index.php?rest_route=\/wp\/v2\/posts\/49330","targetHints":{"allow":["GET"]}}],"collection":[{"href":"https:\/\/historiografija.hr\/index.php?rest_route=\/wp\/v2\/posts"}],"about":[{"href":"https:\/\/historiografija.hr\/index.php?rest_route=\/wp\/v2\/types\/post"}],"author":[{"embeddable":true,"href":"https:\/\/historiografija.hr\/index.php?rest_route=\/wp\/v2\/users\/2"}],"replies":[{"embeddable":true,"href":"https:\/\/historiografija.hr\/index.php?rest_route=%2Fwp%2Fv2%2Fcomments&post=49330"}],"version-history":[{"count":4,"href":"https:\/\/historiografija.hr\/index.php?rest_route=\/wp\/v2\/posts\/49330\/revisions"}],"predecessor-version":[{"id":49335,"href":"https:\/\/historiografija.hr\/index.php?rest_route=\/wp\/v2\/posts\/49330\/revisions\/49335"}],"wp:featuredmedia":[{"embeddable":true,"href":"https:\/\/historiografija.hr\/index.php?rest_route=\/wp\/v2\/media\/49331"}],"wp:attachment":[{"href":"https:\/\/historiografija.hr\/index.php?rest_route=%2Fwp%2Fv2%2Fmedia&parent=49330"}],"wp:term":[{"taxonomy":"category","embeddable":true,"href":"https:\/\/historiografija.hr\/index.php?rest_route=%2Fwp%2Fv2%2Fcategories&post=49330"},{"taxonomy":"post_tag","embeddable":true,"href":"https:\/\/historiografija.hr\/index.php?rest_route=%2Fwp%2Fv2%2Ftags&post=49330"}],"curies":[{"name":"wp","href":"https:\/\/api.w.org\/{rel}","templated":true}]}}