{"id":49327,"date":"2025-11-05T15:59:35","date_gmt":"2025-11-05T15:59:35","guid":{"rendered":"https:\/\/historiografija.hr\/?p=49327"},"modified":"2025-11-05T15:59:35","modified_gmt":"2025-11-05T15:59:35","slug":"predstavljanje-knjige-kako-je-opstala-lepenicka-enklava-o-obrani-fojnice-kiseljaka-kreseva-1992-1994","status":"publish","type":"post","link":"https:\/\/historiografija.hr\/?p=49327","title":{"rendered":"Predstavljanje knjige: Kako je opstala lepeni\u010dka enklava \u2013 o obrani Fojnice, Kiseljaka, Kre\u0161eva 1992. &#8211; 1994."},"content":{"rendered":"\n<p>Petak, 7. studenoga 2025. u 18:00 sati, Dvorana Jure Petri\u010devi\u0107a, Ulica Matice hrvatske 2, Strossmayerov trg 4, Zagreb<\/p>\n\n\n\n<p>Autori knjige: <strong>Josip Tole i Davor Kolenda<\/strong><\/p>\n\n\n\n<p>Moderator:<br><strong>Tomislav Kvesi\u0107<\/strong><\/p>\n\n\n\n<p>Predstavlja\u010di:<br><strong>Bojan Domi\u0107<\/strong>&nbsp;ministar znanosti, \u0161porta i kulture \u017euanije Srednja Bosna<br><strong>Boris Mari\u0107<\/strong>, na\u010delnik op\u0107ine Kre\u0161evo<\/p>\n\n\n\n<hr class=\"wp-block-separator has-alpha-channel-opacity\"\/>\n\n\n\n<p>Izvor:<\/p>\n\n\n\n<p><a href=\"https:\/\/www.matica.hr\/zbivanja\/predstavljanje-knjige-kako-je-opstala-lepenicka-enklava-o-obrani-fojnice-kiseljaka-kreseva-1992-1994-5000\">https:\/\/www.matica.hr\/zbivanja\/predstavljanje-knjige-kako-je-opstala-lepenicka-enklava-o-obrani-fojnice-kiseljaka-kreseva-1992-1994-5000<\/a><\/p>\n\n\n\n<hr class=\"wp-block-separator has-alpha-channel-opacity\"\/>\n","protected":false},"excerpt":{"rendered":"","protected":false},"author":2,"featured_media":49328,"comment_status":"open","ping_status":"open","sticky":false,"template":"","format":"standard","meta":{"_acf_changed":false,"jetpack_post_was_ever_published":false,"_jetpack_newsletter_access":"","_jetpack_dont_email_post_to_subs":false,"_jetpack_newsletter_tier_id":0,"_jetpack_memberships_contains_paywalled_content":false,"_jetpack_memberships_contains_paid_content":false,"footnotes":"","jetpack_publicize_message":"","jetpack_publicize_feature_enabled":true,"jetpack_social_post_already_shared":true,"jetpack_social_options":{"image_generator_settings":{"template":"highway","default_image_id":0,"font":"","enabled":false},"version":2}},"categories":[3],"tags":[],"class_list":["post-49327","post","type-post","status-publish","format-standard","has-post-thumbnail","hentry","category-novosti"],"acf":{"facebook_opis":""},"jetpack_publicize_connections":[],"jetpack_featured_media_url":"https:\/\/i0.wp.com\/historiografija.hr\/wp-content\/uploads\/2025\/11\/Enklava.jpg?fit=680%2C315&ssl=1","jetpack_sharing_enabled":true,"jetpack-related-posts":[],"_links":{"self":[{"href":"https:\/\/historiografija.hr\/index.php?rest_route=\/wp\/v2\/posts\/49327","targetHints":{"allow":["GET"]}}],"collection":[{"href":"https:\/\/historiografija.hr\/index.php?rest_route=\/wp\/v2\/posts"}],"about":[{"href":"https:\/\/historiografija.hr\/index.php?rest_route=\/wp\/v2\/types\/post"}],"author":[{"embeddable":true,"href":"https:\/\/historiografija.hr\/index.php?rest_route=\/wp\/v2\/users\/2"}],"replies":[{"embeddable":true,"href":"https:\/\/historiografija.hr\/index.php?rest_route=%2Fwp%2Fv2%2Fcomments&post=49327"}],"version-history":[{"count":1,"href":"https:\/\/historiografija.hr\/index.php?rest_route=\/wp\/v2\/posts\/49327\/revisions"}],"predecessor-version":[{"id":49329,"href":"https:\/\/historiografija.hr\/index.php?rest_route=\/wp\/v2\/posts\/49327\/revisions\/49329"}],"wp:featuredmedia":[{"embeddable":true,"href":"https:\/\/historiografija.hr\/index.php?rest_route=\/wp\/v2\/media\/49328"}],"wp:attachment":[{"href":"https:\/\/historiografija.hr\/index.php?rest_route=%2Fwp%2Fv2%2Fmedia&parent=49327"}],"wp:term":[{"taxonomy":"category","embeddable":true,"href":"https:\/\/historiografija.hr\/index.php?rest_route=%2Fwp%2Fv2%2Fcategories&post=49327"},{"taxonomy":"post_tag","embeddable":true,"href":"https:\/\/historiografija.hr\/index.php?rest_route=%2Fwp%2Fv2%2Ftags&post=49327"}],"curies":[{"name":"wp","href":"https:\/\/api.w.org\/{rel}","templated":true}]}}