{"id":49324,"date":"2025-11-05T15:49:45","date_gmt":"2025-11-05T15:49:45","guid":{"rendered":"https:\/\/historiografija.hr\/?p=49324"},"modified":"2025-11-05T15:54:35","modified_gmt":"2025-11-05T15:54:35","slug":"kosta-nikolic-bosna-i-hercegovina-rat-koji-su-mnogi-zeleli-1992-1995-knjiga-druga-potraga-za-mirom-1993-1994","status":"publish","type":"post","link":"https:\/\/historiografija.hr\/?p=49324","title":{"rendered":"Kosta Nikoli\u0107, \u201eBOSNA I HERCEGOVINA, RAT KOJI SU MNOGI \u017dELELI 1992\u20131995. Knjiga druga: Potraga za mirom (1993\u20131994)\u201c"},"content":{"rendered":"\n<p>Drugi tom monografije Koste Nikoli\u0107a o ratu u Bosni i Hercegovini obra\u0111uje doga\u0111aje tokom 1993. i 1994. godine. Kao i u prvom tomu, u okviru detaljne rekonstrukcije de\u0161avanja na rati\u0161tu u posmatranom periodu, autor posebnu pa\u017enju posve\u0107uje opisu brojnih ratnih zlo\u010dina i stradanjima civilnog stanovni\u0161tva. Nagla\u0161avamo da zlo\u010dine i \u017ertve ne deli prema nacionalnoj i verskoj pripadnosti, ve\u0107 svima pristupa na isti na\u010din, bez selektivnosti i pristrasnosti, dr\u017ee\u0107i se dostupne dokumentacije, pravila istorijske nauke i humanisti\u010dkih na\u010dela.<\/p>\n\n\n\n<p>Dr Dragomir Bond\u017ei\u0107<\/p>\n\n\n\n<p>Rukopis drugog toma monografije Koste Nikoli\u0107a bavi se drugom i tre\u0107om godinom rata u Bosni i Hercegovini. Knjiga je strukturirana hronolo\u0161ko-tematskim principom i kroz pa\u017eljivo citiranje klju\u010dnih dokumenata i dubinsko istra\u017eivanje motivacija klju\u010dnih aktera, omogu\u0107ava \u010ditaocima da u potpunosti razumeju razli\u010dite perspektive suprotstavljenih strana, \u0161to vodi do dobro zasnovanih zaklju\u010daka. Ovaj pronicljiv i detaljan rad neophodan je svakome ko \u017eeli da razume ovaj kriti\u010dni period nedavne pro\u0161losti regiona.<\/p>\n\n\n\n<p>Dr Radmila Radi\u0107<\/p>\n\n\n\n<p>Monografija po\u010diva na \u0161irokoj izvornoj osnovi, a nau\u010dni aparat je bogat i precizno organizovan, dok stil pisanja karakteri\u0161e beskompromisna objektivnost. U odnosu na brojne nacionalno i politi\u010dki anga\u017eovane studije o ratu u Bosni i Hercegovini, ovaj tom se izdvaja balansom u tuma\u010denju sukobljenih strana, bez etni\u010dkih ili ideolo\u0161kih predrasuda. Opredeljenje autora da formu pot\u010dini su\u0161tini samo je osna\u017eilo akademsku vrednost ovog kapitalnog dela.<\/p>\n\n\n\n<p>Dr Vladan Jovanovi\u0107<\/p>\n\n\n\n<hr class=\"wp-block-separator has-alpha-channel-opacity\"\/>\n\n\n\n<p><strong>O autoru<\/strong><\/p>\n\n\n\n<p>Kosta Nikoli\u0107 (1963) radi u Institutu za savremenu istoriju u Beogradu u zvanju nau\u010dni savetnik. Diplomirao je (1988), magistrirao (1993) i doktorirao (1999) na Katedri za istoriju Jugoslavije Filozofskog fakulteta Univerziteta u Beogradu. Oblasti nau\u010dnog interesovanja: istorija komunizma u Kraljevini Jugoslaviji, istorija Drugog svetskog rata, istorija srpskog dru\u0161tva u XX veku, raspad SFRJ i ratovi u Hrvatskoj i Bosni i Hercegovini. U\u010destvovao je na brojnim doma\u0107im i me\u0111unarodnim nau\u010dnim skupovima i anga\u017eovan kao urednik i \u010dlan redakcije vi\u0161e nau\u010dnih \u010dasopisa. Od 2001. do 2020. bio je rukovodilac tri projekta Ministarstva nauke Vlade Republike Srbije i \u010dlan tima \u010detiri me\u0111unarodna projekta. Do sada je objavio pet ud\u017ebenika za osnovnu i srednju \u0161kolu, 50 monografija i 160 radova u nau\u010dnim \u010dasopisima u Srbiji i inostranstvu.<\/p>\n\n\n\n<hr class=\"wp-block-separator has-alpha-channel-opacity\"\/>\n\n\n\n<p>Godina izdanja: 2025<\/p>\n\n\n\n<p>Pismo: latinica<\/p>\n\n\n\n<p>Broj stranica: 656 str.<\/p>\n\n\n\n<p>Pro\u010ditaj odlomak:<\/p>\n\n\n\n<p><a href=\"https:\/\/akademskaknjiga.com\/katalog\/bosna-i-hercegovina-rat-koji-su-mnogi-zeleli-1992-1995-knjiga-druga-potraga-za-mirom-1993-1994\">https:\/\/akademskaknjiga.com\/katalog\/bosna-i-hercegovina-rat-koji-su-mnogi-zeleli-1992-1995-knjiga-druga-potraga-za-mirom-1993-1994<\/a><\/p>\n\n\n\n<hr class=\"wp-block-separator has-alpha-channel-opacity\"\/>\n\n\n\n<p>Obavijest je objavljena i na portalu <strong>Historiografija.ba<\/strong>:<\/p>\n\n\n\n<p><a href=\"https:\/\/historiografija.ba\/knjige\/jugoistocna-evropa\/nova-knjiga-o-ratu-u-bih-1993-1994\">https:\/\/historiografija.ba\/knjige\/jugoistocna-evropa\/nova-knjiga-o-ratu-u-bih-1993-1994<\/a><\/p>\n\n\n\n<hr class=\"wp-block-separator has-alpha-channel-opacity\"\/>\n\n\n\n<p>Prethodne obavijesti na portalu <strong>Historiografija.hr<\/strong>:<\/p>\n\n\n\n<figure class=\"wp-block-embed is-type-wp-embed is-provider-historiografija-hr wp-block-embed-historiografija-hr\"><div class=\"wp-block-embed__wrapper\">\n<blockquote class=\"wp-embedded-content\" data-secret=\"1lMMJIgOxP\"><a href=\"https:\/\/historiografija.hr\/?p=42892\">Kosta Nikoli\u0107, \u201eBOSNA I HERCEGOVINA, RAT KOJI SU MNOGI \u017dELELI (1992\u20131995). Knjiga prva: U ime smrti (1992)\u201c<\/a><\/blockquote><iframe loading=\"lazy\" class=\"wp-embedded-content\" sandbox=\"allow-scripts\" security=\"restricted\" style=\"position: absolute; visibility: hidden;\" title=\"&#8220;Kosta Nikoli\u0107, \u201eBOSNA I HERCEGOVINA, RAT KOJI SU MNOGI \u017dELELI (1992\u20131995). Knjiga prva: U ime smrti (1992)\u201c&#8221; &#8212; Historiografija.hr\" src=\"https:\/\/historiografija.hr\/?p=42892&#038;embed=true#?secret=CalrevibzB#?secret=1lMMJIgOxP\" data-secret=\"1lMMJIgOxP\" width=\"600\" height=\"338\" frameborder=\"0\" marginwidth=\"0\" marginheight=\"0\" scrolling=\"no\"><\/iframe>\n<\/div><\/figure>\n\n\n\n<figure class=\"wp-block-embed is-type-wp-embed is-provider-historiografija-hr wp-block-embed-historiografija-hr\"><div class=\"wp-block-embed__wrapper\">\n<blockquote class=\"wp-embedded-content\" data-secret=\"WCX4MqyLKC\"><a href=\"https:\/\/historiografija.hr\/?p=44756\">Milo\u0161 Timotijevi\u0107 &#8211; prikaz knjige &#8211; Kosta Nikoli\u0107, &#8220;Bosna i Hercegovina, rat koji su mnogi \u017eeleli (1992-1995)&#8221;, 2024.<\/a><\/blockquote><iframe loading=\"lazy\" class=\"wp-embedded-content\" sandbox=\"allow-scripts\" security=\"restricted\" style=\"position: absolute; visibility: hidden;\" title=\"&#8220;Milo\u0161 Timotijevi\u0107 &#8211; prikaz knjige &#8211; Kosta Nikoli\u0107, &#8220;Bosna i Hercegovina, rat koji su mnogi \u017eeleli (1992-1995)&#8221;, 2024.&#8221; &#8212; Historiografija.hr\" src=\"https:\/\/historiografija.hr\/?p=44756&#038;embed=true#?secret=RRoOf92n61#?secret=WCX4MqyLKC\" data-secret=\"WCX4MqyLKC\" width=\"600\" height=\"338\" frameborder=\"0\" marginwidth=\"0\" marginheight=\"0\" scrolling=\"no\"><\/iframe>\n<\/div><\/figure>\n\n\n\n<hr class=\"wp-block-separator has-alpha-channel-opacity\"\/>\n","protected":false},"excerpt":{"rendered":"","protected":false},"author":2,"featured_media":49326,"comment_status":"open","ping_status":"open","sticky":false,"template":"","format":"standard","meta":{"_acf_changed":false,"jetpack_post_was_ever_published":false,"_jetpack_newsletter_access":"","_jetpack_dont_email_post_to_subs":false,"_jetpack_newsletter_tier_id":0,"_jetpack_memberships_contains_paywalled_content":false,"_jetpack_memberships_contains_paid_content":false,"footnotes":"","jetpack_publicize_message":"","jetpack_publicize_feature_enabled":true,"jetpack_social_post_already_shared":true,"jetpack_social_options":{"image_generator_settings":{"template":"highway","default_image_id":0,"font":"","enabled":false},"version":2}},"categories":[8,3],"tags":[],"class_list":["post-49324","post","type-post","status-publish","format-standard","has-post-thumbnail","hentry","category-knjige","category-novosti"],"acf":{"facebook_opis":""},"jetpack_publicize_connections":[],"jetpack_featured_media_url":"https:\/\/i0.wp.com\/historiografija.hr\/wp-content\/uploads\/2025\/11\/Bosna-i-Hercegovina-2.png?fit=600%2C900&ssl=1","jetpack_sharing_enabled":true,"jetpack-related-posts":[],"_links":{"self":[{"href":"https:\/\/historiografija.hr\/index.php?rest_route=\/wp\/v2\/posts\/49324","targetHints":{"allow":["GET"]}}],"collection":[{"href":"https:\/\/historiografija.hr\/index.php?rest_route=\/wp\/v2\/posts"}],"about":[{"href":"https:\/\/historiografija.hr\/index.php?rest_route=\/wp\/v2\/types\/post"}],"author":[{"embeddable":true,"href":"https:\/\/historiografija.hr\/index.php?rest_route=\/wp\/v2\/users\/2"}],"replies":[{"embeddable":true,"href":"https:\/\/historiografija.hr\/index.php?rest_route=%2Fwp%2Fv2%2Fcomments&post=49324"}],"version-history":[{"count":1,"href":"https:\/\/historiografija.hr\/index.php?rest_route=\/wp\/v2\/posts\/49324\/revisions"}],"predecessor-version":[{"id":49325,"href":"https:\/\/historiografija.hr\/index.php?rest_route=\/wp\/v2\/posts\/49324\/revisions\/49325"}],"wp:featuredmedia":[{"embeddable":true,"href":"https:\/\/historiografija.hr\/index.php?rest_route=\/wp\/v2\/media\/49326"}],"wp:attachment":[{"href":"https:\/\/historiografija.hr\/index.php?rest_route=%2Fwp%2Fv2%2Fmedia&parent=49324"}],"wp:term":[{"taxonomy":"category","embeddable":true,"href":"https:\/\/historiografija.hr\/index.php?rest_route=%2Fwp%2Fv2%2Fcategories&post=49324"},{"taxonomy":"post_tag","embeddable":true,"href":"https:\/\/historiografija.hr\/index.php?rest_route=%2Fwp%2Fv2%2Ftags&post=49324"}],"curies":[{"name":"wp","href":"https:\/\/api.w.org\/{rel}","templated":true}]}}