{"id":49321,"date":"2025-11-05T15:44:13","date_gmt":"2025-11-05T15:44:13","guid":{"rendered":"https:\/\/historiografija.hr\/?p=49321"},"modified":"2025-11-05T15:44:13","modified_gmt":"2025-11-05T15:44:13","slug":"ivan-colovic-na-rodendanu-republike-srpske-zabeleske-jednog-nezvanog-gosta","status":"publish","type":"post","link":"https:\/\/historiografija.hr\/?p=49321","title":{"rendered":"Ivan \u010colovi\u0107, \u201eNa ro\u0111endanu Republike Srpske: zabele\u0161ke jednog nezvanog gosta\u201c"},"content":{"rendered":"\n<p>Objavljena je nova, 265. knjiga Biblioteke XX vek: Ivan \u010colovi\u0107, \u201eNa ro\u0111endanu Republike Srpske: zabele\u0161ke jednog nezvanog gosta\u201c.<\/p>\n\n\n\n<hr class=\"wp-block-separator has-alpha-channel-opacity\"\/>\n\n\n\n<p>Ivan \u010colovi\u0107 (Beograd, 1938) je politi\u010dki antropolog i pisac. Njegove najpoznatije knjige su: <em>Divlja knji\u017eevnost<\/em> (1985), <em>Bordel ratnika<\/em> (1993), <em>Politika simbola<\/em> (1997), <em>Balkan \u2013 teror kulture<\/em> (2008), <em>Rastanak s identitetom<\/em> (2014), <em>Smrt na Kosovu polju<\/em> (2016) i <em>Slike i prilike<\/em> (2018). Neke od ovih knjiga prevedene su na engleski, francuski, gr\u010dki, italijanski, makedonski, nema\u010dki, poljski i slovena\u010dki jezik. \u010colovi\u0107 je osniva\u010d i urednik (1971), a od 1989. godine i izdava\u010d serije knjiga Biblioteka XX vek. Dobio je nekoliko priznanja, me\u0111u kojima Herderovu nagradu (2000), Orden viteza Legije \u010dasti (2001), nagradu \u201eKonstantin Obradovi\u0107\u201d (2006), zvanje po\u010dasnog doktora Var\u0161avskog univerziteta (2010), nagradu \u201eVitez poziva\u201d (2010) i medalju \u201eKonstantin Jire\u010dek\u201d(2012). Za knjigu <em>Smrt na Kosovu polju<\/em> dobio je nagradu \u201eMirko Kova\u010d\u201d (2017), a za knjigu <em>Slike i prilike<\/em> nagradu DK Studentski grad za najbolje delo nefikcijske knji\u017eevnosti (2019). Za ostvarenje u kulturi i umjetnosti u 2024. godini dobio je nagradu \u201eAhemd Vali\u201d Kulturnog centra Novi Pazar.<\/p>\n\n\n\n<hr class=\"wp-block-separator has-alpha-channel-opacity\"\/>\n\n\n\n<p><strong>Sadr\u017eaj i Predgovor <\/strong>dostupni su na sljede\u0107oj poveznici:<\/p>\n\n\n\n<figure class=\"wp-block-embed is-type-wp-embed is-provider-biblioteka-xx-vek wp-block-embed-biblioteka-xx-vek\"><div class=\"wp-block-embed__wrapper\">\n<blockquote class=\"wp-embedded-content\" data-secret=\"Lcg3I5HosT\"><a href=\"https:\/\/bibliotekaxxvek.com\/nova-knjiga-ivan-colovic-na-rodjendanu-republike-srpske\/\">Nova knjiga: Ivan \u010colovi\u0107\u00a0 \u2013 Na ro\u0111endanu Republike Srpske<\/a><\/blockquote><iframe loading=\"lazy\" class=\"wp-embedded-content\" sandbox=\"allow-scripts\" security=\"restricted\" style=\"position: absolute; visibility: hidden;\" title=\"&#132;Nova knjiga: Ivan \u010colovi\u0107\u00a0 \u2013 Na ro\u0111endanu Republike Srpske&#147; &#8212; Biblioteka XX vek\" src=\"https:\/\/bibliotekaxxvek.com\/nova-knjiga-ivan-colovic-na-rodjendanu-republike-srpske\/embed\/#?secret=aFFkEL28I8#?secret=Lcg3I5HosT\" data-secret=\"Lcg3I5HosT\" width=\"600\" height=\"338\" frameborder=\"0\" marginwidth=\"0\" marginheight=\"0\" scrolling=\"no\"><\/iframe>\n<\/div><\/figure>\n\n\n\n<hr class=\"wp-block-separator has-alpha-channel-opacity\"\/>\n\n\n\n<p>Obavijest o knjizi objavljena je i na portalu <strong>Historiografija.ba<\/strong>:<\/p>\n\n\n\n<p><a href=\"https:\/\/historiografija.ba\/knjige\/jugoistocna-evropa\/zapisi-nezvanog-gosta-sa-svecanosti-u-cast-republike-srpske\">https:\/\/historiografija.ba\/knjige\/jugoistocna-evropa\/zapisi-nezvanog-gosta-sa-svecanosti-u-cast-republike-srpske<\/a><\/p>\n\n\n\n<hr class=\"wp-block-separator has-alpha-channel-opacity\"\/>\n","protected":false},"excerpt":{"rendered":"","protected":false},"author":2,"featured_media":49322,"comment_status":"open","ping_status":"open","sticky":false,"template":"","format":"standard","meta":{"_acf_changed":false,"jetpack_post_was_ever_published":false,"_jetpack_newsletter_access":"","_jetpack_dont_email_post_to_subs":false,"_jetpack_newsletter_tier_id":0,"_jetpack_memberships_contains_paywalled_content":false,"_jetpack_memberships_contains_paid_content":false,"footnotes":"","jetpack_publicize_message":"","jetpack_publicize_feature_enabled":true,"jetpack_social_post_already_shared":true,"jetpack_social_options":{"image_generator_settings":{"template":"highway","default_image_id":0,"font":"","enabled":false},"version":2}},"categories":[8,3],"tags":[],"class_list":["post-49321","post","type-post","status-publish","format-standard","has-post-thumbnail","hentry","category-knjige","category-novosti"],"acf":{"facebook_opis":""},"jetpack_publicize_connections":[],"jetpack_featured_media_url":"https:\/\/i0.wp.com\/historiografija.hr\/wp-content\/uploads\/2025\/11\/colovic-ivan.jpg?fit=450%2C651&ssl=1","jetpack_sharing_enabled":true,"jetpack-related-posts":[],"_links":{"self":[{"href":"https:\/\/historiografija.hr\/index.php?rest_route=\/wp\/v2\/posts\/49321","targetHints":{"allow":["GET"]}}],"collection":[{"href":"https:\/\/historiografija.hr\/index.php?rest_route=\/wp\/v2\/posts"}],"about":[{"href":"https:\/\/historiografija.hr\/index.php?rest_route=\/wp\/v2\/types\/post"}],"author":[{"embeddable":true,"href":"https:\/\/historiografija.hr\/index.php?rest_route=\/wp\/v2\/users\/2"}],"replies":[{"embeddable":true,"href":"https:\/\/historiografija.hr\/index.php?rest_route=%2Fwp%2Fv2%2Fcomments&post=49321"}],"version-history":[{"count":1,"href":"https:\/\/historiografija.hr\/index.php?rest_route=\/wp\/v2\/posts\/49321\/revisions"}],"predecessor-version":[{"id":49323,"href":"https:\/\/historiografija.hr\/index.php?rest_route=\/wp\/v2\/posts\/49321\/revisions\/49323"}],"wp:featuredmedia":[{"embeddable":true,"href":"https:\/\/historiografija.hr\/index.php?rest_route=\/wp\/v2\/media\/49322"}],"wp:attachment":[{"href":"https:\/\/historiografija.hr\/index.php?rest_route=%2Fwp%2Fv2%2Fmedia&parent=49321"}],"wp:term":[{"taxonomy":"category","embeddable":true,"href":"https:\/\/historiografija.hr\/index.php?rest_route=%2Fwp%2Fv2%2Fcategories&post=49321"},{"taxonomy":"post_tag","embeddable":true,"href":"https:\/\/historiografija.hr\/index.php?rest_route=%2Fwp%2Fv2%2Ftags&post=49321"}],"curies":[{"name":"wp","href":"https:\/\/api.w.org\/{rel}","templated":true}]}}