{"id":49300,"date":"2025-11-04T20:50:10","date_gmt":"2025-11-04T20:50:10","guid":{"rendered":"https:\/\/historiografija.hr\/?p=49300"},"modified":"2025-11-04T21:52:50","modified_gmt":"2025-11-04T21:52:50","slug":"izlozba-efemeris-legat-dejana-medakovica-u-sklopu-dana-srpske-kulture-2025","status":"publish","type":"post","link":"https:\/\/historiografija.hr\/?p=49300","title":{"rendered":"Izlo\u017eba &#8220;Efemeris &#8211; legat Dejana Medakovi\u0107a&#8221; u sklopu Dana srpske kulture 2025."},"content":{"rendered":"\n<p>Sa zadovoljstvom vas pozivamo na otvorenje izlo\u017ebe \u201cEfemeris \u2013 legat Dejana Medakovi\u0107a\u201d, kojom otvaramo Dane srpske kulture 2025.!<\/p>\n\n\n\n<p>Ova jedinstvena izlo\u017eba predstavlja bogati legat poznatog srpskog istori\u010dara um\u0458etnosti, univerzitetskog profesora, knji\u017eevnika i akademika Dejana Medakovi\u0107a (1922\u20132008), ro\u0111enog u Zagrebu. Izlo\u017eba obuhva\u0107a odabrana djela likovne i primijenjene umjetnosti, li\u010dne predmete, odlikovanja, rukopise, knji\u017enu gra\u0111u i dokumentaciju, a nazvana je po njegovom nagra\u0111ivanom memoarskom djelu Efemeris.<\/p>\n\n\n\n<p>U petak, 7.11.2025. u 19 sati, Srpski kulturni centar, Preradovi\u0107eva 21, Zagreb<\/p>\n\n\n\n<p>U nastavku provjerite raspored doga\u0111aja na ovogodi\u0161njim Danima srpske kulture ili <a href=\"https:\/\/skd-prosvjeta.hr\/wp-content\/uploads\/2025\/11\/Dani-srpske-kulture-2025-program-pdf.pdf\"><strong>preuzmite cijeli program<\/strong><\/a>.<\/p>\n\n\n\n<hr class=\"wp-block-separator has-alpha-channel-opacity\"\/>\n\n\n\n<figure class=\"wp-block-image size-large\"><img data-recalc-dims=\"1\" loading=\"lazy\" decoding=\"async\" width=\"860\" height=\"732\" data-attachment-id=\"49312\" data-permalink=\"https:\/\/historiografija.hr\/?attachment_id=49312\" data-orig-file=\"https:\/\/i0.wp.com\/historiografija.hr\/wp-content\/uploads\/2025\/11\/Dani-srpske-kulture-2025-program.jpg?fit=1536%2C1306&amp;ssl=1\" data-orig-size=\"1536,1306\" data-comments-opened=\"1\" data-image-meta=\"{&quot;aperture&quot;:&quot;0&quot;,&quot;credit&quot;:&quot;&quot;,&quot;camera&quot;:&quot;&quot;,&quot;caption&quot;:&quot;DANI_SRPSKE_KULTURE_BANNER_CERADA_VELIKA_PRINT_CORR_FINAL_31_OCT_compressed (1).pdf - 1&quot;,&quot;created_timestamp&quot;:&quot;0&quot;,&quot;copyright&quot;:&quot;&quot;,&quot;focal_length&quot;:&quot;0&quot;,&quot;iso&quot;:&quot;0&quot;,&quot;shutter_speed&quot;:&quot;0&quot;,&quot;title&quot;:&quot;&quot;,&quot;orientation&quot;:&quot;0&quot;}\" data-image-title=\"Dani-srpske-kulture-2025-program\" data-image-description=\"\" data-image-caption=\"&lt;p&gt;DANI_SRPSKE_KULTURE_BANNER_CERADA_VELIKA_PRINT_CORR_FINAL_31_OCT_compressed (1).pdf &amp;#8211; 1&lt;\/p&gt;\n\" data-large-file=\"https:\/\/i0.wp.com\/historiografija.hr\/wp-content\/uploads\/2025\/11\/Dani-srpske-kulture-2025-program.jpg?fit=860%2C732&amp;ssl=1\" src=\"https:\/\/i0.wp.com\/historiografija.hr\/wp-content\/uploads\/2025\/11\/Dani-srpske-kulture-2025-program.jpg?resize=860%2C732&#038;ssl=1\" alt=\"\" class=\"wp-image-49312\" srcset=\"https:\/\/i0.wp.com\/historiografija.hr\/wp-content\/uploads\/2025\/11\/Dani-srpske-kulture-2025-program.jpg?resize=1024%2C871&amp;ssl=1 1024w, https:\/\/i0.wp.com\/historiografija.hr\/wp-content\/uploads\/2025\/11\/Dani-srpske-kulture-2025-program.jpg?resize=300%2C255&amp;ssl=1 300w, https:\/\/i0.wp.com\/historiografija.hr\/wp-content\/uploads\/2025\/11\/Dani-srpske-kulture-2025-program.jpg?resize=768%2C653&amp;ssl=1 768w, https:\/\/i0.wp.com\/historiografija.hr\/wp-content\/uploads\/2025\/11\/Dani-srpske-kulture-2025-program.jpg?w=1536&amp;ssl=1 1536w\" sizes=\"auto, (max-width: 860px) 100vw, 860px\" \/><\/figure>\n\n\n\n<hr class=\"wp-block-separator has-alpha-channel-opacity\"\/>\n\n\n\n<p>Izvor:<\/p>\n\n\n\n<figure class=\"wp-block-embed is-type-wp-embed is-provider-skd-prosvjeta wp-block-embed-skd-prosvjeta\"><div class=\"wp-block-embed__wrapper\">\n<blockquote class=\"wp-embedded-content\" data-secret=\"4ePkgeLU8n\"><a href=\"https:\/\/skd-prosvjeta.hr\/otvorenje-izlozbe-efemeris-legat-dejana-medakovica\/\">Otvorenje izlo\u017ebe &#8220;Efemeris &#8211; legat Dejana Medakovi\u0107a&#8221;<\/a><\/blockquote><iframe loading=\"lazy\" class=\"wp-embedded-content\" sandbox=\"allow-scripts\" security=\"restricted\" style=\"position: absolute; visibility: hidden;\" title=\"&#8220;Otvorenje izlo\u017ebe &#8220;Efemeris &#8211; legat Dejana Medakovi\u0107a&#8221;&#8221; &#8212; SKD Prosvjeta\" src=\"https:\/\/skd-prosvjeta.hr\/otvorenje-izlozbe-efemeris-legat-dejana-medakovica\/embed\/#?secret=qo8IvS34ZL#?secret=4ePkgeLU8n\" data-secret=\"4ePkgeLU8n\" width=\"600\" height=\"338\" frameborder=\"0\" marginwidth=\"0\" marginheight=\"0\" scrolling=\"no\"><\/iframe>\n<\/div><\/figure>\n\n\n\n<hr class=\"wp-block-separator has-alpha-channel-opacity\"\/>\n","protected":false},"excerpt":{"rendered":"","protected":false},"author":2,"featured_media":49301,"comment_status":"open","ping_status":"open","sticky":false,"template":"","format":"standard","meta":{"_acf_changed":false,"jetpack_post_was_ever_published":false,"_jetpack_newsletter_access":"","_jetpack_dont_email_post_to_subs":false,"_jetpack_newsletter_tier_id":0,"_jetpack_memberships_contains_paywalled_content":false,"_jetpack_memberships_contains_paid_content":false,"footnotes":"","jetpack_publicize_message":"","jetpack_publicize_feature_enabled":true,"jetpack_social_post_already_shared":true,"jetpack_social_options":{"image_generator_settings":{"template":"highway","default_image_id":0,"font":"","enabled":false},"version":2}},"categories":[10,3],"tags":[],"class_list":["post-49300","post","type-post","status-publish","format-standard","has-post-thumbnail","hentry","category-izlozbe","category-novosti"],"acf":{"facebook_opis":""},"jetpack_publicize_connections":[],"jetpack_featured_media_url":"https:\/\/i0.wp.com\/historiografija.hr\/wp-content\/uploads\/2025\/11\/Dani-srpske-kulture-2025-cover.jpg?fit=1920%2C1403&ssl=1","jetpack_sharing_enabled":true,"jetpack-related-posts":[],"_links":{"self":[{"href":"https:\/\/historiografija.hr\/index.php?rest_route=\/wp\/v2\/posts\/49300","targetHints":{"allow":["GET"]}}],"collection":[{"href":"https:\/\/historiografija.hr\/index.php?rest_route=\/wp\/v2\/posts"}],"about":[{"href":"https:\/\/historiografija.hr\/index.php?rest_route=\/wp\/v2\/types\/post"}],"author":[{"embeddable":true,"href":"https:\/\/historiografija.hr\/index.php?rest_route=\/wp\/v2\/users\/2"}],"replies":[{"embeddable":true,"href":"https:\/\/historiografija.hr\/index.php?rest_route=%2Fwp%2Fv2%2Fcomments&post=49300"}],"version-history":[{"count":4,"href":"https:\/\/historiografija.hr\/index.php?rest_route=\/wp\/v2\/posts\/49300\/revisions"}],"predecessor-version":[{"id":49315,"href":"https:\/\/historiografija.hr\/index.php?rest_route=\/wp\/v2\/posts\/49300\/revisions\/49315"}],"wp:featuredmedia":[{"embeddable":true,"href":"https:\/\/historiografija.hr\/index.php?rest_route=\/wp\/v2\/media\/49301"}],"wp:attachment":[{"href":"https:\/\/historiografija.hr\/index.php?rest_route=%2Fwp%2Fv2%2Fmedia&parent=49300"}],"wp:term":[{"taxonomy":"category","embeddable":true,"href":"https:\/\/historiografija.hr\/index.php?rest_route=%2Fwp%2Fv2%2Fcategories&post=49300"},{"taxonomy":"post_tag","embeddable":true,"href":"https:\/\/historiografija.hr\/index.php?rest_route=%2Fwp%2Fv2%2Ftags&post=49300"}],"curies":[{"name":"wp","href":"https:\/\/api.w.org\/{rel}","templated":true}]}}