{"id":49289,"date":"2025-11-04T19:49:34","date_gmt":"2025-11-04T19:49:34","guid":{"rendered":"https:\/\/historiografija.hr\/?p=49289"},"modified":"2025-11-04T19:50:10","modified_gmt":"2025-11-04T19:50:10","slug":"dejan-dokic-nedostizni-kompromis-srpsko-hrvatsko-pitanje-u-meduratnoj-jugoslaviji","status":"publish","type":"post","link":"https:\/\/historiografija.hr\/?p=49289","title":{"rendered":"Dejan \u0110oki\u0107, \u201eNEDOSTI\u017dNI KOMPROMIS. Srpsko-hrvatsko pitanje u me\u0111uratnoj Jugoslaviji\u201c"},"content":{"rendered":"\n<p>S engleskog prevela: Slobodanka Gli\u0161i\u0107<\/p>\n\n\n\n<hr class=\"wp-block-separator has-alpha-channel-opacity\"\/>\n\n\n\n<p>Ovo je izvanredna knjiga u kojoj se \u0110oki\u0107 pokazuje kao prvorazredan stru\u010dnjak\u2026 Njegovom upe\u010datljivom \u201eose\u0107aju\u201d za politi\u010dki \u017eivot u me\u0111uratnoj Jugoslaviji pridodata je i razvijena svest o evropskom kontekstu jugoslovenske politike. Svi izu\u010davaoci regiona, ba\u0161 kao i istori\u010dari, sociolozi i politikolozi koji se u na\u010delu bave nacionalizmom treba da pro\u010ditaju ovu knjigu. Od nje \u0107e tako\u0111e imati koristi i diplomate, aktivisti koji rade na re\u0161avanju sukoba, kao i novinari\u2026<\/p>\n\n\n\n<p>Aleksa \u0110ilas<\/p>\n\n\n\n<p>Dejan \u0110oki\u0107 zaslu\u017euje sve pohvale za ovu odli\u010dno istra\u017eenu i veoma dobro napisanu knjigu. Izbegao je nacionalisti\u010dke kli\u0161ee i pristrasan ton i predstavio \u010ditaocu nove interpretacije originalnog izvornog materijala. Kao takva, knjiga se izdvaja od velike ve\u0107ine radova o biv\u0161oj Jugoslaviji napisanih od 1990-ih godina.<\/p>\n\n\n\n<p>Cathie Carmichael, <em>European History Quarterly<\/em><\/p>\n\n\n\n<p>[Knjiga] predstavlja jednu izuzetnu, i u pojedinostima i u zaklju\u010dcima, istoriju unutra\u0161njepoliti\u010dkog razvoja jugoslovenske zajednice od 1918. do 1941. godine. Do sada se takva knjiga nije pojavila ni na jednom stranom jeziku.<\/p>\n\n\n\n<p>Desimir To\u0161i\u0107, <em>Danas<\/em><\/p>\n\n\n\n<p><em>Nedosti\u017eni kompromis<\/em> je originalna i provokativna studija klju\u010dnog perioda istorije Jugoslavije \u2013 kontroverzan, ali od sada neizbe\u017ean rad na ovu temu.<\/p>\n\n\n\n<p>Wim van Meurs, <em>Canadian Journal of History<\/em><\/p>\n\n\n\n<hr class=\"wp-block-separator has-alpha-channel-opacity\"\/>\n\n\n\n<p><strong>O autoru<\/strong><\/p>\n\n\n\n<p>Dejan \u0110oki\u0107 je redovni profesor istorije na Nacionalnom univerzitetu Irske, Mejnut (National University of Ireland, Maynooth). Prethodno je bio redovni profesor istorije na Goldsmits koled\u017eu Univerziteta u Londonu (Goldsmiths, University of London), gde je osnovao Centar za studije Balkana. Predavao je i na Univerzitetu u Notingemu (The University of Nottingham), Birkbek koled\u017eu Univerziteta u Londonu (Birkbeck, University of London), i na \u0160koli za slovenske i isto\u010dnoevropske studije Univerzitetskog koled\u017ea u Londonu (SSEES UCL), na kojoj je i diplomirao i doktorirao. Zajedno sa grupom kolega osnovao je istra\u017eiva\u010dki seminar \u201ePromi\u0161ljanje moderne istorije Evrope\u201c na londonskom Institutu za istorijska istra\u017eivanja (\u201eRethinking Modern Europe\u201c, Institute of Historical Research). Bio je nau\u010dni saradnik i stipendista Britanske akademije (The British Academy), fondacija Humbolt (Alexander von Humboldt Stiftung) i Liverhjum (The Leverhulme Trust), i Vudro Vilson centra u Va\u0161ingtonu (Wilson Center); stalni je saradnik Kraljevskog istorijskog dru\u0161tva (Royal Historical Society). Postdoktorsku specijalizaciju je zavr\u0161io na Kolumbija univerzitetu u Njujorku (Columbia University), gde je tako\u0111e predavao kao gostuju\u0107i profesor. Od 2020. gostuju\u0107i je profesor na Katedri za istoriju jugoisto\u010dne Evrope Univerziteta Humbolt u Berlinu (Humboldt Universitat zu Berlin). Autor je knjiga <em>Elusive Compromise: A History of Interwar Yugoslavia<\/em> (London: Hurst\/Madison, WI: University of Wisconsin Press, 2007); srpsko izdanje: <em>Nedosti\u017eni kompromis: srpsko-hrvatsko pitanje<\/em> <em>u me\u0111uratnoj Jugoslaviji <\/em>(Beograd: Fabrika knjiga, 2010) i <em>Pa\u0161i\u0107<\/em> <em>and Trumbi\u0107: The Kingdom of Serbs, Croats and Slovenes <\/em>(London: Haus\/Chicago: Chicago University Press, 2010). Ro\u0111en je u Para\u0107inu 1971, prve godine \u017eivota je proveo u Poto\u010dcu, a odrastao je i osnovnu i srednju \u0161kolu zavr\u0161io u Svetozarevu (dana\u0161nja Jagodina). &nbsp;<\/p>\n\n\n\n<hr class=\"wp-block-separator has-alpha-channel-opacity\"\/>\n\n\n\n<p>Godina izdanja: 2025<\/p>\n\n\n\n<p>Pismo: latinica<\/p>\n\n\n\n<p>Broj stranica: 342 str.<\/p>\n\n\n\n<p><strong>Pro\u010ditaj odlomak:<\/strong><\/p>\n\n\n\n<p><a href=\"https:\/\/akademskaknjiga.com\/katalog\/nedostizni-kompromis-srpsko-hrvatsko-pitanje-u-medjuratnoj-jugoslaviji\">https:\/\/akademskaknjiga.com\/katalog\/nedostizni-kompromis-srpsko-hrvatsko-pitanje-u-medjuratnoj-jugoslaviji<\/a><\/p>\n\n\n\n<hr class=\"wp-block-separator has-alpha-channel-opacity\"\/>\n\n\n\n<p><strong>Dodatne obavijesti:<\/strong><\/p>\n\n\n\n<p>Akademska knjiga iz Novog Sada je objavila knjigu <em>Nedosti\u017eni kompromis. Srpsko-hrvatsko pitanje u me\u0111uratnoj Jugoslaviji <\/em>Dejana \u0110oki\u0107a (s engleskog prevela: Slobodanka Gli\u0161i\u0107). Radi se o drugom srpskom izdanju (prvo je objavljeno 2010. kod izdava\u010da Fabrika knjiga).<\/p>\n\n\n\n<p><a href=\"https:\/\/historiografija.ba\/knjige\/jugoistocna-evropa\/srpsko-hrvatsko-pitanje-u-medjuratnoj-jugoslaviji\">https:\/\/historiografija.ba\/knjige\/jugoistocna-evropa\/srpsko-hrvatsko-pitanje-u-medjuratnoj-jugoslaviji<\/a><\/p>\n\n\n\n<hr class=\"wp-block-separator has-alpha-channel-opacity\"\/>\n","protected":false},"excerpt":{"rendered":"","protected":false},"author":2,"featured_media":49290,"comment_status":"open","ping_status":"open","sticky":false,"template":"","format":"standard","meta":{"_acf_changed":false,"jetpack_post_was_ever_published":false,"_jetpack_newsletter_access":"","_jetpack_dont_email_post_to_subs":false,"_jetpack_newsletter_tier_id":0,"_jetpack_memberships_contains_paywalled_content":false,"_jetpack_memberships_contains_paid_content":false,"footnotes":"","jetpack_publicize_message":"","jetpack_publicize_feature_enabled":true,"jetpack_social_post_already_shared":true,"jetpack_social_options":{"image_generator_settings":{"template":"highway","default_image_id":0,"font":"","enabled":false},"version":2}},"categories":[8,3],"tags":[],"class_list":["post-49289","post","type-post","status-publish","format-standard","has-post-thumbnail","hentry","category-knjige","category-novosti"],"acf":{"facebook_opis":""},"jetpack_publicize_connections":[],"jetpack_featured_media_url":"https:\/\/i0.wp.com\/historiografija.hr\/wp-content\/uploads\/2025\/11\/Nedostizni-kompromis.png?fit=600%2C900&ssl=1","jetpack_sharing_enabled":true,"jetpack-related-posts":[],"_links":{"self":[{"href":"https:\/\/historiografija.hr\/index.php?rest_route=\/wp\/v2\/posts\/49289","targetHints":{"allow":["GET"]}}],"collection":[{"href":"https:\/\/historiografija.hr\/index.php?rest_route=\/wp\/v2\/posts"}],"about":[{"href":"https:\/\/historiografija.hr\/index.php?rest_route=\/wp\/v2\/types\/post"}],"author":[{"embeddable":true,"href":"https:\/\/historiografija.hr\/index.php?rest_route=\/wp\/v2\/users\/2"}],"replies":[{"embeddable":true,"href":"https:\/\/historiografija.hr\/index.php?rest_route=%2Fwp%2Fv2%2Fcomments&post=49289"}],"version-history":[{"count":2,"href":"https:\/\/historiografija.hr\/index.php?rest_route=\/wp\/v2\/posts\/49289\/revisions"}],"predecessor-version":[{"id":49292,"href":"https:\/\/historiografija.hr\/index.php?rest_route=\/wp\/v2\/posts\/49289\/revisions\/49292"}],"wp:featuredmedia":[{"embeddable":true,"href":"https:\/\/historiografija.hr\/index.php?rest_route=\/wp\/v2\/media\/49290"}],"wp:attachment":[{"href":"https:\/\/historiografija.hr\/index.php?rest_route=%2Fwp%2Fv2%2Fmedia&parent=49289"}],"wp:term":[{"taxonomy":"category","embeddable":true,"href":"https:\/\/historiografija.hr\/index.php?rest_route=%2Fwp%2Fv2%2Fcategories&post=49289"},{"taxonomy":"post_tag","embeddable":true,"href":"https:\/\/historiografija.hr\/index.php?rest_route=%2Fwp%2Fv2%2Ftags&post=49289"}],"curies":[{"name":"wp","href":"https:\/\/api.w.org\/{rel}","templated":true}]}}