{"id":49283,"date":"2025-11-03T21:39:14","date_gmt":"2025-11-03T21:39:14","guid":{"rendered":"https:\/\/historiografija.hr\/?p=49283"},"modified":"2025-11-03T21:40:29","modified_gmt":"2025-11-03T21:40:29","slug":"retrofest-dnevi-sodobne-zgodovine-2025","status":"publish","type":"post","link":"https:\/\/historiografija.hr\/?p=49283","title":{"rendered":"Retrofest: Dnevi sodobne zgodovine (2025)"},"content":{"rendered":"\n<p>Filozofski fakultet Univerziteta u Ljubljani organizira tre\u0107i po redu <em>Retrofest: Dnevi sodobne zgodovine<\/em>.<\/p>\n\n\n\n<p>U sredi\u0161tu ovogodi\u0161njeg festivala su dru\u0161tvene promjene nakon Drugoga svjetskog rata. <em>Retrofest<\/em> se sastoji od panel diskusija i predavanja, a otvorit \u0107e ga profesor Keith Lowe predavanjem \u201eRebuilding after World War II: Reality or Myth?\u201c. \u00a0Jedno predavanje \u0107e imati i slovena\u010dka histori\u010darka Kornelija Ajlec (\u201eDesigning the Future: Postwar Changes and the Weight of the Past\u201c).<\/p>\n\n\n\n<p>U okviru festivala bit \u0107e organizirano \u0161est panela (Humanitarianism after World War II; The Impact of War on Societal Orders in European Countries; U.S. and International Aid after World War II; Austrian Crinthia and the Slovenes in the Postwar Period; The New European and Global Economic Order after World War II i Unification and Modernization of Yugoslav Societies).<\/p>\n\n\n\n<p>Retrofest se odr\u017eava od 3. do 6. novembra 2025. u Ljubljani, u prostorijama Historijskog arhiva Ljubljana (Trdinova ulica 4), a programska knji\u017eica se nalazi <a href=\"https:\/\/historiografija.ba\/assets\/documents\/Programme-Book-Retrofest-2025.pdf\">ovdje<\/a>.<\/p>\n\n\n\n<p>Izvor i dodatne obavijesti: <a href=\"https:\/\/www.facebook.com\/events\/1439920823908574\">FB<\/a> \/ <a href=\"https:\/\/www.facebook.com\/CPHLjubljana\">https:\/\/www.facebook.com\/CPHLjubljana<\/a><\/p>\n\n\n\n<hr class=\"wp-block-separator has-alpha-channel-opacity\"\/>\n\n\n\n<p>Preneseno s portala <strong>Historiografija.ba<\/strong>:<\/p>\n\n\n\n<p><a href=\"https:\/\/historiografija.ba\/historija-u-javnosti\/naucne-manifestacije\/retrofest-u-ljubljani-2025\">https:\/\/historiografija.ba\/historija-u-javnosti\/naucne-manifestacije\/retrofest-u-ljubljani-2025<\/a><\/p>\n\n\n\n<hr class=\"wp-block-separator has-alpha-channel-opacity\"\/>\n","protected":false},"excerpt":{"rendered":"","protected":false},"author":2,"featured_media":37509,"comment_status":"open","ping_status":"open","sticky":false,"template":"","format":"standard","meta":{"_acf_changed":false,"jetpack_post_was_ever_published":false,"_jetpack_newsletter_access":"","_jetpack_dont_email_post_to_subs":false,"_jetpack_newsletter_tier_id":0,"_jetpack_memberships_contains_paywalled_content":false,"_jetpack_memberships_contains_paid_content":false,"footnotes":"","jetpack_publicize_message":"","jetpack_publicize_feature_enabled":true,"jetpack_social_post_already_shared":true,"jetpack_social_options":{"image_generator_settings":{"template":"highway","default_image_id":0,"font":"","enabled":false},"version":2}},"categories":[3],"tags":[],"class_list":["post-49283","post","type-post","status-publish","format-standard","has-post-thumbnail","hentry","category-novosti"],"acf":{"facebook_opis":""},"jetpack_publicize_connections":[],"jetpack_featured_media_url":"https:\/\/i0.wp.com\/historiografija.hr\/wp-content\/uploads\/2023\/10\/Retrofest.jpg?fit=1920%2C1080&ssl=1","jetpack_sharing_enabled":true,"jetpack-related-posts":[],"_links":{"self":[{"href":"https:\/\/historiografija.hr\/index.php?rest_route=\/wp\/v2\/posts\/49283","targetHints":{"allow":["GET"]}}],"collection":[{"href":"https:\/\/historiografija.hr\/index.php?rest_route=\/wp\/v2\/posts"}],"about":[{"href":"https:\/\/historiografija.hr\/index.php?rest_route=\/wp\/v2\/types\/post"}],"author":[{"embeddable":true,"href":"https:\/\/historiografija.hr\/index.php?rest_route=\/wp\/v2\/users\/2"}],"replies":[{"embeddable":true,"href":"https:\/\/historiografija.hr\/index.php?rest_route=%2Fwp%2Fv2%2Fcomments&post=49283"}],"version-history":[{"count":3,"href":"https:\/\/historiografija.hr\/index.php?rest_route=\/wp\/v2\/posts\/49283\/revisions"}],"predecessor-version":[{"id":49286,"href":"https:\/\/historiografija.hr\/index.php?rest_route=\/wp\/v2\/posts\/49283\/revisions\/49286"}],"wp:featuredmedia":[{"embeddable":true,"href":"https:\/\/historiografija.hr\/index.php?rest_route=\/wp\/v2\/media\/37509"}],"wp:attachment":[{"href":"https:\/\/historiografija.hr\/index.php?rest_route=%2Fwp%2Fv2%2Fmedia&parent=49283"}],"wp:term":[{"taxonomy":"category","embeddable":true,"href":"https:\/\/historiografija.hr\/index.php?rest_route=%2Fwp%2Fv2%2Fcategories&post=49283"},{"taxonomy":"post_tag","embeddable":true,"href":"https:\/\/historiografija.hr\/index.php?rest_route=%2Fwp%2Fv2%2Ftags&post=49283"}],"curies":[{"name":"wp","href":"https:\/\/api.w.org\/{rel}","templated":true}]}}