{"id":49223,"date":"2025-10-30T22:32:16","date_gmt":"2025-10-30T22:32:16","guid":{"rendered":"https:\/\/historiografija.hr\/?p=49223"},"modified":"2025-10-30T22:33:33","modified_gmt":"2025-10-30T22:33:33","slug":"gostujuce-predavanje-ive-vukusic-od-ukrajine-do-gaze-izazovi-medunarodne-pravde-u-haagu-u-21-stoljecu","status":"publish","type":"post","link":"https:\/\/historiografija.hr\/?p=49223","title":{"rendered":"Gostuju\u0107e predavanje Ive Vuku\u0161i\u0107 &#8220;Od Ukrajine do Gaze: Izazovi me\u0111unarodne pravde u Haagu u 21. stolje\u0107u&#8221;"},"content":{"rendered":"\n<p>Gostuju\u0107e predavanje dr. sc. Ive Vuku\u0161i\u0107 &#8220;Od Ukrajine do Gaze: Izazovi me\u0111unarodne pravde u Haagu u 21. stolje\u0107u&#8221; odr\u017eat \u0107e se 4. studenog 2025. od 17 do 19 sati u dvorani 504 Fakulteta politi\u010dkih znanosti Sveu\u010dili\u0161ta u Zagrebu.<\/p>\n\n\n\n<p>O izlaganju:<\/p>\n\n\n\n<p>Institucije me\u0111unarodne pravde u Haagu &#8212; Me\u0111unarodni kazneni sud (International Criminal Court, ICC) i Me\u0111unarodni sud pravde (International Court of Justice, ICJ) &#8212; posljednjih godina suo\u010davaju se s intenzivnim politi\u010dkim pritiscima kakvi nisu vi\u0111eni ranije. Cyber napadi i \u0161pijuna\u017ea te manjak suradnje i podr\u0161ke dr\u017eava \u010dlanica, uklju\u010duju\u0107i Hrvatsku, optere\u0107uju sudove vi\u0161e nego ikada. Sankcije Sjedinjenih Ameri\u010dkih Dr\u017eava posebno su te\u0161ke za ICC te imaju ozbiljne posljedice kako za pojedince poput tu\u017eitelja i sudaca, tako i za sam sud. Dr\u017eave, osobito zapadne, na primjeru Ukrajine i Palestine pokazuju dvoli\u010dnost te selektivni i jasno politi\u010dki pristup pravu i pravosudnim institucijama u Haagu. \u010clanice Europske unije, \u010desto najglasnije kad je u pitanju posve\u0107enost me\u0111unarodnom pravu, osobito su razotkrivene kao dvoli\u010dne. Stru\u010dnjaci situaciju karakteriziraju kao egzistencijalnu krizu u me\u0111unarodnom pravosu\u0111u i govore o mogu\u0107nosti da neke od institucija, osobito ICC, nestanu nastavi li se ovakva praksa. Predavanje \u0107e biti posve\u0107eno ovim va\u017enim temama te se naslanja na akademska istra\u017eivanja i prakti\u010dno iskustvo u Haagu od skoro dva desetlje\u0107a. U razgovoru nakon predavanja sudjelovat \u0107e prof. dr. sc. Maja Munivrana (Pravni fakultet Sveu\u010dili\u0161ta u Zagrebu) te izv. prof. dr. sc. Stevo \u0110ura\u0161kovi\u0107 (Fakultet politi\u010dkih znanosti Sveu\u010dili\u0161ta u Zagrebu). Gostovanje Ive Vuku\u0161i\u0107 organiziraju \u010dlanovi i \u010dlanice Inicijative za akademiju solidarnosti i epistemi\u010dku pravdu.<\/p>\n\n\n\n<p>O izlaga\u010dici:<\/p>\n\n\n\n<p>Dr. Iva Vuku\u0161i\u0107 docentica je me\u0111unarodne povijesti na Sveu\u010dili\u0161tu u Utrechtu i gostuju\u0107a istra\u017eiva\u010dica na Odsjeku za ratne studije King&#8217;s Collegea u Londonu. Prou\u010dava masovno nasilje i kaznenu odgovornost s posebnim fokusom na me\u0111unarodne sudove u Haagu. Iva je desetlje\u0107e provela rade\u0107i u praksi kao istra\u017eiva\u010dica i analiti\u010darka u Posebnom odjelu za ratne zlo\u010dine Tu\u017eiteljstva Bosne i Hercegovine te na Me\u0111unarodnom kaznenom sudu za biv\u0161u Jugoslaviju u Haagu. Njezina prva knjiga \u201eSrpske paravojne formacije i raspad Jugoslavije: Dr\u017eavne veze i obrasci nasilja\u201c objavljena je 2022. na engleskom (Routledge) te 2024. na hrvatskom jeziku (Naklada Ljevak). Iva pru\u017ea analize i savjete na temu odgovornosti za zlo\u010dine u Ukrajini razli\u010ditim dionicima kao \u0161to su britansko Ministarstvo vanjskih poslova, Commonwealtha i razvoja. \u010cesto sudjeluje u javnim raspravama o ratnim zlo\u010dinima i odgovornosti, a pojavljivala se i u nizu medija kao \u0161to su CNN, BBC, New York Times, Guardian, Le Monde, Liberation, Der Spiegel, De Volkskrant, NRC, Frankfurter Allgemeine Zeitung, itd. Tako\u0111er je povjerenica Nizozemskog helsin\u0161kog odbora.<\/p>\n\n\n\n<hr class=\"wp-block-separator has-alpha-channel-opacity\"\/>\n\n\n\n<figure class=\"wp-block-image size-full\"><img data-recalc-dims=\"1\" loading=\"lazy\" decoding=\"async\" width=\"640\" height=\"800\" data-attachment-id=\"49224\" data-permalink=\"https:\/\/historiografija.hr\/?attachment_id=49224\" data-orig-file=\"https:\/\/i0.wp.com\/historiografija.hr\/wp-content\/uploads\/2025\/10\/Vukusic.png?fit=640%2C800&amp;ssl=1\" data-orig-size=\"640,800\" data-comments-opened=\"1\" data-image-meta=\"{&quot;aperture&quot;:&quot;0&quot;,&quot;credit&quot;:&quot;&quot;,&quot;camera&quot;:&quot;&quot;,&quot;caption&quot;:&quot;&quot;,&quot;created_timestamp&quot;:&quot;0&quot;,&quot;copyright&quot;:&quot;&quot;,&quot;focal_length&quot;:&quot;0&quot;,&quot;iso&quot;:&quot;0&quot;,&quot;shutter_speed&quot;:&quot;0&quot;,&quot;title&quot;:&quot;&quot;,&quot;orientation&quot;:&quot;0&quot;}\" data-image-title=\"Vuku\u0161i\u0107\" data-image-description=\"\" data-image-caption=\"\" data-large-file=\"https:\/\/i0.wp.com\/historiografija.hr\/wp-content\/uploads\/2025\/10\/Vukusic.png?fit=640%2C800&amp;ssl=1\" src=\"https:\/\/i0.wp.com\/historiografija.hr\/wp-content\/uploads\/2025\/10\/Vukusic.png?resize=640%2C800&#038;ssl=1\" alt=\"\" class=\"wp-image-49224\" srcset=\"https:\/\/i0.wp.com\/historiografija.hr\/wp-content\/uploads\/2025\/10\/Vukusic.png?w=640&amp;ssl=1 640w, https:\/\/i0.wp.com\/historiografija.hr\/wp-content\/uploads\/2025\/10\/Vukusic.png?resize=240%2C300&amp;ssl=1 240w\" sizes=\"auto, (max-width: 640px) 100vw, 640px\" \/><\/figure>\n\n\n\n<hr class=\"wp-block-separator has-alpha-channel-opacity\"\/>\n\n\n\n<p>Izvor:<\/p>\n\n\n\n<p><a href=\"https:\/\/www.fpzg.unizg.hr\/novosti?@=2fjyj#news_512777\">https:\/\/www.fpzg.unizg.hr\/novosti?@=2fjyj#news_512777<\/a><\/p>\n\n\n\n<hr class=\"wp-block-separator has-alpha-channel-opacity\"\/>\n\n\n\n<p><\/p>\n","protected":false},"excerpt":{"rendered":"","protected":false},"author":2,"featured_media":49224,"comment_status":"open","ping_status":"open","sticky":false,"template":"","format":"standard","meta":{"_acf_changed":false,"jetpack_post_was_ever_published":false,"_jetpack_newsletter_access":"","_jetpack_dont_email_post_to_subs":false,"_jetpack_newsletter_tier_id":0,"_jetpack_memberships_contains_paywalled_content":false,"_jetpack_memberships_contains_paid_content":false,"footnotes":"","jetpack_publicize_message":"","jetpack_publicize_feature_enabled":true,"jetpack_social_post_already_shared":true,"jetpack_social_options":{"image_generator_settings":{"template":"highway","default_image_id":0,"font":"","enabled":false},"version":2}},"categories":[3],"tags":[],"class_list":["post-49223","post","type-post","status-publish","format-standard","has-post-thumbnail","hentry","category-novosti"],"acf":{"facebook_opis":""},"jetpack_publicize_connections":[],"jetpack_featured_media_url":"https:\/\/i0.wp.com\/historiografija.hr\/wp-content\/uploads\/2025\/10\/Vukusic.png?fit=640%2C800&ssl=1","jetpack_sharing_enabled":true,"jetpack-related-posts":[],"_links":{"self":[{"href":"https:\/\/historiografija.hr\/index.php?rest_route=\/wp\/v2\/posts\/49223","targetHints":{"allow":["GET"]}}],"collection":[{"href":"https:\/\/historiografija.hr\/index.php?rest_route=\/wp\/v2\/posts"}],"about":[{"href":"https:\/\/historiografija.hr\/index.php?rest_route=\/wp\/v2\/types\/post"}],"author":[{"embeddable":true,"href":"https:\/\/historiografija.hr\/index.php?rest_route=\/wp\/v2\/users\/2"}],"replies":[{"embeddable":true,"href":"https:\/\/historiografija.hr\/index.php?rest_route=%2Fwp%2Fv2%2Fcomments&post=49223"}],"version-history":[{"count":2,"href":"https:\/\/historiografija.hr\/index.php?rest_route=\/wp\/v2\/posts\/49223\/revisions"}],"predecessor-version":[{"id":49226,"href":"https:\/\/historiografija.hr\/index.php?rest_route=\/wp\/v2\/posts\/49223\/revisions\/49226"}],"wp:featuredmedia":[{"embeddable":true,"href":"https:\/\/historiografija.hr\/index.php?rest_route=\/wp\/v2\/media\/49224"}],"wp:attachment":[{"href":"https:\/\/historiografija.hr\/index.php?rest_route=%2Fwp%2Fv2%2Fmedia&parent=49223"}],"wp:term":[{"taxonomy":"category","embeddable":true,"href":"https:\/\/historiografija.hr\/index.php?rest_route=%2Fwp%2Fv2%2Fcategories&post=49223"},{"taxonomy":"post_tag","embeddable":true,"href":"https:\/\/historiografija.hr\/index.php?rest_route=%2Fwp%2Fv2%2Ftags&post=49223"}],"curies":[{"name":"wp","href":"https:\/\/api.w.org\/{rel}","templated":true}]}}