{"id":49220,"date":"2025-10-30T22:23:58","date_gmt":"2025-10-30T22:23:58","guid":{"rendered":"https:\/\/historiografija.hr\/?p=49220"},"modified":"2025-10-30T22:23:58","modified_gmt":"2025-10-30T22:23:58","slug":"seminar-antisemitizam-holokaust-stradanja-proslost-u-sadasnjosti-vizualna-komunikacija-u-propagandi-i-oblicima-kulturnog-sjecanja","status":"publish","type":"post","link":"https:\/\/historiografija.hr\/?p=49220","title":{"rendered":"Seminar \u201eAntisemitizam, holokaust, stradanja \u2013 Pro\u0161lost u sada\u0161njosti\u201c: Vizualna komunikacija u propagandi i oblicima kulturnog sje\u0107anja"},"content":{"rendered":"\n<p>Centar za promicanje tolerancije i o\u010duvanje sje\u0107anja na holokaust poziva na sudjelovanje u sedmom seminaru iz serije \u201eAntisemitizam, holokaust, stradanja \u2013 Pro\u0161lost u sada\u0161njosti\u201c koji \u0107e se odr\u017eati 3. studenog 2025. od 10:00 do 15:00 u Kinu Kinoteka, Kordunska 1, Zagreb.<\/p>\n\n\n\n<p><strong>Program seminara:<\/strong><\/p>\n\n\n\n<p>10:00 \u2013 11:15<\/p>\n\n\n\n<p>Predavanje<\/p>\n\n\n\n<p>Dr. <strong>Daniel Wildmann<\/strong> (W. Michael Blumenthal Akademie, Stiftung J\u00fcdisches Museum, Berlin):<\/p>\n\n\n\n<p>Disgust \u2013 The Film <em>Jud S\u00fcss<\/em> (Jud S\u00fcss, 1940) in Nazi Germany<\/p>\n\n\n\n<p>(Ga\u0111enje \u2013 Film <em>\u017didov S\u00fcss<\/em> (Jud S\u00fcss, 1940) u nacisti\u010dkoj Njema\u010dkoj \u2013 predavanje na engleskom jeziku, s osiguranim simultanim prijevodom)<\/p>\n\n\n\n<p>11:30 \u2013 13:00<\/p>\n\n\n\n<p>Panel s izlaganjima:<\/p>\n\n\n\n<p>Dr. <strong>Tihomir Cipek<\/strong> (Fakultet politi\u010dkih znanosti Sveu\u010dili\u0161ta u Zagrebu): Nacisti\u010dka propaganda. <em>Mein Kampf<\/em>, kao sveta knjiga nacizma<\/p>\n\n\n\n<p>Dr. <strong>Ewa Wr\u00f3blewska-Trochimiuk<\/strong> (Institut za slavisti\u010dke studije, Poljska akademija znanosti, Var\u0161ava): \u201eNa rad!\u201c \u2013 kako \u010ditati politi\u010dke plakate iz razdoblja Drugog svjetskog rata<\/p>\n\n\n\n<p>Dr. <strong>Vjeran Pavlakovi\u0107<\/strong> (Filozofski fakultet Sveu\u010dili\u0161ta u Rijeci): Zidovi mr\u017enje: grafiti, memorijski murali i kultura sje\u0107anja u suvremenoj Hrvatskoj<\/p>\n\n\n\n<p>Moderator I. i II. dijela: <strong>Dario \u0160peli\u0107<\/strong><\/p>\n\n\n\n<p>13:15 \u2013 15:00<\/p>\n\n\n\n<p>III dio: projekcija filma<\/p>\n\n\n\n<p><strong>Ovo je Engleska<\/strong> (This is England, red. Shane Meadows, 2006, 1:41)<\/p>\n\n\n\n<p>Ulaz je slobodan, svi su dobrodo\u0161li!<\/p>\n\n\n\n<p>Program seminara sa sa\u017eecima (pdf):<\/p>\n\n\n\n<p><a href=\"https:\/\/centartolerancije.hr\/wp-content\/uploads\/2025\/10\/Seminar-Vizualna-komunikacija-2025_Program-1.pdf\">Seminar Vizualna komunikacija 2025_Program<\/a><\/p>\n\n\n\n<hr class=\"wp-block-separator has-alpha-channel-opacity\"\/>\n\n\n\n<p>Izvor:<\/p>\n\n\n\n<figure class=\"wp-block-embed is-type-wp-embed is-provider-centar-za-promicanje-tolerancije-i-o-uvanje-sje-anja-na-holokaust wp-block-embed-centar-za-promicanje-tolerancije-i-o-uvanje-sje-anja-na-holokaust\"><div class=\"wp-block-embed__wrapper\">\n<blockquote class=\"wp-embedded-content\" data-secret=\"8lLRlS2zQQ\"><a href=\"https:\/\/centartolerancije.hr\/2025\/10\/29\/vizualna-komunikacija-u-propagandi-i-oblicima-kulturnog-sjecanja\/\">Vizualna komunikacija u propagandi i oblicima kulturnog sje\u0107anja<\/a><\/blockquote><iframe loading=\"lazy\" class=\"wp-embedded-content\" sandbox=\"allow-scripts\" security=\"restricted\" style=\"position: absolute; visibility: hidden;\" title=\"&#8220;Vizualna komunikacija u propagandi i oblicima kulturnog sje\u0107anja&#8221; &#8212; Centar za promicanje tolerancije i o\u010duvanje sje\u0107anja na holokaust\" src=\"https:\/\/centartolerancije.hr\/2025\/10\/29\/vizualna-komunikacija-u-propagandi-i-oblicima-kulturnog-sjecanja\/embed\/#?secret=8lLRlS2zQQ\" data-secret=\"8lLRlS2zQQ\" width=\"600\" height=\"338\" frameborder=\"0\" marginwidth=\"0\" marginheight=\"0\" scrolling=\"no\"><\/iframe>\n<\/div><\/figure>\n\n\n\n<hr class=\"wp-block-separator has-alpha-channel-opacity\"\/>\n","protected":false},"excerpt":{"rendered":"","protected":false},"author":2,"featured_media":49221,"comment_status":"open","ping_status":"open","sticky":false,"template":"","format":"standard","meta":{"_acf_changed":false,"jetpack_post_was_ever_published":false,"_jetpack_newsletter_access":"","_jetpack_dont_email_post_to_subs":false,"_jetpack_newsletter_tier_id":0,"_jetpack_memberships_contains_paywalled_content":false,"_jetpack_memberships_contains_paid_content":false,"footnotes":"","jetpack_publicize_message":"","jetpack_publicize_feature_enabled":true,"jetpack_social_post_already_shared":true,"jetpack_social_options":{"image_generator_settings":{"template":"highway","default_image_id":0,"font":"","enabled":false},"version":2}},"categories":[3,9],"tags":[],"class_list":["post-49220","post","type-post","status-publish","format-standard","has-post-thumbnail","hentry","category-novosti","category-skupovi"],"acf":{"facebook_opis":""},"jetpack_publicize_connections":[],"jetpack_featured_media_url":"https:\/\/i0.wp.com\/historiografija.hr\/wp-content\/uploads\/2025\/10\/Seminar_2025.jpg?fit=2000%2C2000&ssl=1","jetpack_sharing_enabled":true,"jetpack-related-posts":[],"_links":{"self":[{"href":"https:\/\/historiografija.hr\/index.php?rest_route=\/wp\/v2\/posts\/49220","targetHints":{"allow":["GET"]}}],"collection":[{"href":"https:\/\/historiografija.hr\/index.php?rest_route=\/wp\/v2\/posts"}],"about":[{"href":"https:\/\/historiografija.hr\/index.php?rest_route=\/wp\/v2\/types\/post"}],"author":[{"embeddable":true,"href":"https:\/\/historiografija.hr\/index.php?rest_route=\/wp\/v2\/users\/2"}],"replies":[{"embeddable":true,"href":"https:\/\/historiografija.hr\/index.php?rest_route=%2Fwp%2Fv2%2Fcomments&post=49220"}],"version-history":[{"count":1,"href":"https:\/\/historiografija.hr\/index.php?rest_route=\/wp\/v2\/posts\/49220\/revisions"}],"predecessor-version":[{"id":49222,"href":"https:\/\/historiografija.hr\/index.php?rest_route=\/wp\/v2\/posts\/49220\/revisions\/49222"}],"wp:featuredmedia":[{"embeddable":true,"href":"https:\/\/historiografija.hr\/index.php?rest_route=\/wp\/v2\/media\/49221"}],"wp:attachment":[{"href":"https:\/\/historiografija.hr\/index.php?rest_route=%2Fwp%2Fv2%2Fmedia&parent=49220"}],"wp:term":[{"taxonomy":"category","embeddable":true,"href":"https:\/\/historiografija.hr\/index.php?rest_route=%2Fwp%2Fv2%2Fcategories&post=49220"},{"taxonomy":"post_tag","embeddable":true,"href":"https:\/\/historiografija.hr\/index.php?rest_route=%2Fwp%2Fv2%2Ftags&post=49220"}],"curies":[{"name":"wp","href":"https:\/\/api.w.org\/{rel}","templated":true}]}}