{"id":49201,"date":"2025-10-29T22:08:19","date_gmt":"2025-10-29T22:08:19","guid":{"rendered":"https:\/\/historiografija.hr\/?p=49201"},"modified":"2025-10-29T22:11:23","modified_gmt":"2025-10-29T22:11:23","slug":"xvii-medunarodni-sajam-biblioteke-xx-vek","status":"publish","type":"post","link":"https:\/\/historiografija.hr\/?p=49201","title":{"rendered":"XVII ME\u0110UNARODNI SAJAM BIBLIOTEKE XX VEK"},"content":{"rendered":"\n<p>Centar za kulturnu dekontaminaciju i Biblioteka XX vek pozivaju vas na<\/p>\n\n\n\n<p><strong>XVII ME\u0110UNARODNI SAJAM BIBLIOTEKE XX VEK<\/strong><\/p>\n\n\n\n<p>\u010cetvrtak 30. oktobar 2025, od 19 do 21,00 h u <a href=\"https:\/\/www.czkd.org\/\" target=\"_blank\" rel=\"noreferrer noopener\">CZKD<\/a> (Bir\u010daninova 21, Beograd)<\/p>\n\n\n\n<p>Sajam \u0107e u 19,00 h sve\u010dano otvoriti Dejan Atanackovi\u0107, likovni umetnik, pisac i univerzitetski profesor<\/p>\n\n\n\n<p>Brojeve tradicionalne sajamske tombole izvla\u010de Du\u0161an \u010cavi\u0107 i Du\u0161an \u0160aponja (Marka \u017evaka)<\/p>\n\n\n\n<p>Pored velikog broja ranije objavljenih knjiga,&nbsp;na sajmu \u0107e prvi put biti izlo\u017eeno i pet novih:<\/p>\n\n\n\n<p>Teofil Pan\u010di\u0107: URBANI BU\u0160MANI. Drugo, dopunjeno izdanje<\/p>\n\n\n\n<p>Dejan Ili\u0107: ODRASTANJE U SRBIJI. Izlazak iz komfora nezrelosti<\/p>\n\n\n\n<p>\u017distin Lakroa: EVROPSKE VREDNOSTI: PITANJE DEMOKRATIJE<\/p>\n\n\n\n<p>Ivan \u010colovi\u0107: NA RO\u0110ENDANU REPUBLIKE SRPSKE. Zabele\u0161ke jednog nezvanog gosta<\/p>\n\n\n\n<p>Bojan Spai\u0107 (ur.): PROTEST JE ISPIT. Profesorski zapisi o studentskim protestima 2024\/2025<\/p>\n\n\n\n<p>O\u010dekujemo prisustvo ve\u0107eg broja na\u0161ih autora i drugih saradnika.<\/p>\n\n\n\n<p>I bi\u0107e, na kraju, koktel.<\/p>\n\n\n\n<hr class=\"wp-block-separator has-alpha-channel-opacity\"\/>\n\n\n\n<p>Izvor i dodatne informacije:<\/p>\n\n\n\n<figure class=\"wp-block-embed is-type-wp-embed is-provider-biblioteka-xx-vek wp-block-embed-biblioteka-xx-vek\"><div class=\"wp-block-embed__wrapper\">\n<blockquote class=\"wp-embedded-content\" data-secret=\"i8Z1Zs95qm\"><a href=\"https:\/\/bibliotekaxxvek.com\/xvii-medjunarodni-sajam-biblioteke-xx-vek\/\">XVII ME\u0110UNARODNI SAJAM BIBLIOTEKE XX VEK<\/a><\/blockquote><iframe loading=\"lazy\" class=\"wp-embedded-content\" sandbox=\"allow-scripts\" security=\"restricted\" style=\"position: absolute; visibility: hidden;\" title=\"&#132;XVII ME\u0110UNARODNI SAJAM BIBLIOTEKE XX VEK&#147; &#8212; Biblioteka XX vek\" src=\"https:\/\/bibliotekaxxvek.com\/xvii-medjunarodni-sajam-biblioteke-xx-vek\/embed\/#?secret=5v5pyk3PhX#?secret=i8Z1Zs95qm\" data-secret=\"i8Z1Zs95qm\" width=\"600\" height=\"338\" frameborder=\"0\" marginwidth=\"0\" marginheight=\"0\" scrolling=\"no\"><\/iframe>\n<\/div><\/figure>\n\n\n\n<p><a href=\"https:\/\/www.facebook.com\/profile.php?id=100057607563288\">https:\/\/www.facebook.com\/profile.php?id=100057607563288<\/a><\/p>\n\n\n\n<hr class=\"wp-block-separator has-alpha-channel-opacity\"\/>\n","protected":false},"excerpt":{"rendered":"","protected":false},"author":2,"featured_media":49202,"comment_status":"open","ping_status":"open","sticky":false,"template":"","format":"standard","meta":{"_acf_changed":false,"jetpack_post_was_ever_published":false,"_jetpack_newsletter_access":"","_jetpack_dont_email_post_to_subs":false,"_jetpack_newsletter_tier_id":0,"_jetpack_memberships_contains_paywalled_content":false,"_jetpack_memberships_contains_paid_content":false,"footnotes":"","jetpack_publicize_message":"","jetpack_publicize_feature_enabled":true,"jetpack_social_post_already_shared":true,"jetpack_social_options":{"image_generator_settings":{"template":"highway","default_image_id":0,"font":"","enabled":false},"version":2}},"categories":[3],"tags":[],"class_list":["post-49201","post","type-post","status-publish","format-standard","has-post-thumbnail","hentry","category-novosti"],"acf":{"facebook_opis":""},"jetpack_publicize_connections":[],"jetpack_featured_media_url":"https:\/\/i0.wp.com\/historiografija.hr\/wp-content\/uploads\/2025\/10\/Sajam_Biblioteka.jpg?fit=960%2C640&ssl=1","jetpack_sharing_enabled":true,"jetpack-related-posts":[],"_links":{"self":[{"href":"https:\/\/historiografija.hr\/index.php?rest_route=\/wp\/v2\/posts\/49201","targetHints":{"allow":["GET"]}}],"collection":[{"href":"https:\/\/historiografija.hr\/index.php?rest_route=\/wp\/v2\/posts"}],"about":[{"href":"https:\/\/historiografija.hr\/index.php?rest_route=\/wp\/v2\/types\/post"}],"author":[{"embeddable":true,"href":"https:\/\/historiografija.hr\/index.php?rest_route=\/wp\/v2\/users\/2"}],"replies":[{"embeddable":true,"href":"https:\/\/historiografija.hr\/index.php?rest_route=%2Fwp%2Fv2%2Fcomments&post=49201"}],"version-history":[{"count":2,"href":"https:\/\/historiografija.hr\/index.php?rest_route=\/wp\/v2\/posts\/49201\/revisions"}],"predecessor-version":[{"id":49204,"href":"https:\/\/historiografija.hr\/index.php?rest_route=\/wp\/v2\/posts\/49201\/revisions\/49204"}],"wp:featuredmedia":[{"embeddable":true,"href":"https:\/\/historiografija.hr\/index.php?rest_route=\/wp\/v2\/media\/49202"}],"wp:attachment":[{"href":"https:\/\/historiografija.hr\/index.php?rest_route=%2Fwp%2Fv2%2Fmedia&parent=49201"}],"wp:term":[{"taxonomy":"category","embeddable":true,"href":"https:\/\/historiografija.hr\/index.php?rest_route=%2Fwp%2Fv2%2Fcategories&post=49201"},{"taxonomy":"post_tag","embeddable":true,"href":"https:\/\/historiografija.hr\/index.php?rest_route=%2Fwp%2Fv2%2Ftags&post=49201"}],"curies":[{"name":"wp","href":"https:\/\/api.w.org\/{rel}","templated":true}]}}