{"id":49197,"date":"2025-10-29T21:56:29","date_gmt":"2025-10-29T21:56:29","guid":{"rendered":"https:\/\/historiografija.hr\/?p=49197"},"modified":"2025-10-29T22:00:02","modified_gmt":"2025-10-29T22:00:02","slug":"68-medunarodni-beogradski-sajam-knjiga","status":"publish","type":"post","link":"https:\/\/historiografija.hr\/?p=49197","title":{"rendered":"68. me\u0111unarodni beogradski sajam knjiga"},"content":{"rendered":"\n<p>67. me\u0111unarodni beogradski sajam knjiga odr\u017eava se od 25. listopada do 2. studenog 2025. pod sloganom \u201eTvoja nova pri\u010da\u201c. Ovogodi\u0161nja zemlja po\u010dasni gost je Cipar. S obzirom da nije ispunjen zahtjev da se datum odr\u017eavanja Sajma pomakne zbog poklapanja s godi\u0161njicom tragedije u Novom Sadu, mediji izvje\u0161tavaju da je dio izdava\u010da odlu\u010dio ne sudjelovati na Sajmu knjiga ili pak ne raditi na dan godi\u0161njice pada nadstre\u0161nice 1. studenog.<\/p>\n\n\n\n<hr class=\"wp-block-separator has-alpha-channel-opacity\"\/>\n\n\n\n<p>Dodatne obavijesti:<\/p>\n\n\n\n<figure class=\"wp-block-embed is-type-wp-embed is-provider-me-unarodni-beogradski-sajam-knjiga-praznik-knjige wp-block-embed-me-unarodni-beogradski-sajam-knjiga-praznik-knjige\"><div class=\"wp-block-embed__wrapper\">\n<blockquote class=\"wp-embedded-content\" data-secret=\"ABSUz0BU2e\"><a href=\"https:\/\/sajamknjiga.rs\/sr\/pocetna\/\">Po\u010detna<\/a><\/blockquote><iframe loading=\"lazy\" class=\"wp-embedded-content\" sandbox=\"allow-scripts\" security=\"restricted\" style=\"position: absolute; visibility: hidden;\" title=\"&#8220;Po\u010detna&#8221; &#8212; Me\u0111unarodni beogradski sajam knjiga - Praznik knjige!\" src=\"https:\/\/sajamknjiga.rs\/sr\/pocetna\/embed\/#?secret=zeUJqINaUa#?secret=ABSUz0BU2e\" data-secret=\"ABSUz0BU2e\" width=\"600\" height=\"338\" frameborder=\"0\" marginwidth=\"0\" marginheight=\"0\" scrolling=\"no\"><\/iframe>\n<\/div><\/figure>\n\n\n\n<hr class=\"wp-block-separator has-alpha-channel-opacity\"\/>\n\n\n\n<p>Priop\u0107enja dijela izdava\u010da:<\/p>\n\n\n\n<p><a href=\"https:\/\/clio.rs\/vesti\/332691\">https:\/\/clio.rs\/vesti\/332691<\/a><\/p>\n\n\n\n<p><a href=\"https:\/\/clio.rs\/vesti\/332709\">https:\/\/clio.rs\/vesti\/332709<\/a><\/p>\n\n\n\n<p><a href=\"https:\/\/www.geopoetika.com\/oneArticle\/2760\">https:\/\/www.geopoetika.com\/oneArticle\/2760<\/a><\/p>\n\n\n\n<figure class=\"wp-block-embed is-type-wp-embed is-provider-arhipelag wp-block-embed-arhipelag\"><div class=\"wp-block-embed__wrapper\">\n<blockquote class=\"wp-embedded-content\" data-secret=\"HS26NeGwSn\"><a href=\"https:\/\/www.arhipelag.rs\/arhipelag-magazin\/gojko-bozovic-pismo-citaocima-3\/\">Gojko Bo\u017eovi\u0107 \u2013 Pismo \u010ditaocima<\/a><\/blockquote><iframe loading=\"lazy\" class=\"wp-embedded-content\" sandbox=\"allow-scripts\" security=\"restricted\" style=\"position: absolute; visibility: hidden;\" title=\"&#8220;Gojko Bo\u017eovi\u0107 \u2013 Pismo \u010ditaocima&#8221; &#8212; Arhipelag\" src=\"https:\/\/www.arhipelag.rs\/arhipelag-magazin\/gojko-bozovic-pismo-citaocima-3\/embed\/#?secret=H31BgrVVdT#?secret=HS26NeGwSn\" data-secret=\"HS26NeGwSn\" width=\"600\" height=\"338\" frameborder=\"0\" marginwidth=\"0\" marginheight=\"0\" scrolling=\"no\"><\/iframe>\n<\/div><\/figure>\n\n\n\n<hr class=\"wp-block-separator has-alpha-channel-opacity\"\/>\n","protected":false},"excerpt":{"rendered":"","protected":false},"author":2,"featured_media":49198,"comment_status":"open","ping_status":"open","sticky":false,"template":"","format":"standard","meta":{"_acf_changed":false,"jetpack_post_was_ever_published":false,"_jetpack_newsletter_access":"","_jetpack_dont_email_post_to_subs":false,"_jetpack_newsletter_tier_id":0,"_jetpack_memberships_contains_paywalled_content":false,"_jetpack_memberships_contains_paid_content":false,"footnotes":"","jetpack_publicize_message":"","jetpack_publicize_feature_enabled":true,"jetpack_social_post_already_shared":true,"jetpack_social_options":{"image_generator_settings":{"template":"highway","default_image_id":0,"font":"","enabled":false},"version":2}},"categories":[3],"tags":[],"class_list":["post-49197","post","type-post","status-publish","format-standard","has-post-thumbnail","hentry","category-novosti"],"acf":{"facebook_opis":""},"jetpack_publicize_connections":[],"jetpack_featured_media_url":"https:\/\/i0.wp.com\/historiografija.hr\/wp-content\/uploads\/2025\/10\/sajam_knjiga_vodic_2025.webp?fit=600%2C790&ssl=1","jetpack_sharing_enabled":true,"jetpack-related-posts":[],"_links":{"self":[{"href":"https:\/\/historiografija.hr\/index.php?rest_route=\/wp\/v2\/posts\/49197","targetHints":{"allow":["GET"]}}],"collection":[{"href":"https:\/\/historiografija.hr\/index.php?rest_route=\/wp\/v2\/posts"}],"about":[{"href":"https:\/\/historiografija.hr\/index.php?rest_route=\/wp\/v2\/types\/post"}],"author":[{"embeddable":true,"href":"https:\/\/historiografija.hr\/index.php?rest_route=\/wp\/v2\/users\/2"}],"replies":[{"embeddable":true,"href":"https:\/\/historiografija.hr\/index.php?rest_route=%2Fwp%2Fv2%2Fcomments&post=49197"}],"version-history":[{"count":2,"href":"https:\/\/historiografija.hr\/index.php?rest_route=\/wp\/v2\/posts\/49197\/revisions"}],"predecessor-version":[{"id":49200,"href":"https:\/\/historiografija.hr\/index.php?rest_route=\/wp\/v2\/posts\/49197\/revisions\/49200"}],"wp:featuredmedia":[{"embeddable":true,"href":"https:\/\/historiografija.hr\/index.php?rest_route=\/wp\/v2\/media\/49198"}],"wp:attachment":[{"href":"https:\/\/historiografija.hr\/index.php?rest_route=%2Fwp%2Fv2%2Fmedia&parent=49197"}],"wp:term":[{"taxonomy":"category","embeddable":true,"href":"https:\/\/historiografija.hr\/index.php?rest_route=%2Fwp%2Fv2%2Fcategories&post=49197"},{"taxonomy":"post_tag","embeddable":true,"href":"https:\/\/historiografija.hr\/index.php?rest_route=%2Fwp%2Fv2%2Ftags&post=49197"}],"curies":[{"name":"wp","href":"https:\/\/api.w.org\/{rel}","templated":true}]}}