{"id":49188,"date":"2025-10-29T21:20:26","date_gmt":"2025-10-29T21:20:26","guid":{"rendered":"https:\/\/historiografija.hr\/?p=49188"},"modified":"2025-10-29T21:20:26","modified_gmt":"2025-10-29T21:20:26","slug":"hub-sjecanje-na-fra-bernardina-sokola-u-splitu-prikazan-film-o-zivotu-i-mucenistvu-hrvatskog-glazbenika-i-franjevca","status":"publish","type":"post","link":"https:\/\/historiografija.hr\/?p=49188","title":{"rendered":"HUB: SJE\u0106ANJE NA FRA BERNARDINA SOKOLA \u2013 U SPLITU PRIKAZAN FILM O \u017dIVOTU I MU\u010cENI\u0160TVU HRVATSKOG GLAZBENIKA I FRANJEVCA"},"content":{"rendered":"\n<p>U utorak, 28. listopada 2025. godine u dvorani Nadbiskupskog sjemeni\u0161ta u Splitu odr\u017eano je prikazivanje dokumentarnog filma <em>\u201eDr. fra Bernardin Sokol \u2013 franjevac, glazbenik i hrvatski mu\u010denik\u201c<\/em>. Doga\u0111aj su organizirali Hrvatsko dru\u0161tvo dr. fra Bernardin Sokol (HDBS), Dru\u017eba \u201eBra\u0107a Hrvatskoga Zmaja\u201c (DBHZ) i Hrvatska udruga Benedikt (HUB).<\/p>\n\n\n\n<p>Film redatelja Nikole Kneza nastao u ameri\u010dko-hrvatskoj produkciji (Croatian Film Institute, 2025.), donosi sna\u017eno i potresno svjedo\u010danstvo o \u017eivotu, glazbenom stvarala\u0161tvu i mu\u010deni\u0161tvu dr. fra Bernardina Sokola (1888. \u2013 1944.), franjevca iz Ka\u0161tel Su\u0107urca, skladatelja, glazbenog pedagoga i doktora teologije. Scenarij je napisala Dorothy S. McClellan.<\/p>\n\n\n\n<p>Fra Bernardin Sokol \u0161kolovao se u Be\u010du i Rimu te je svojim skladbama i liturgijskim djelima dao zna\u010dajan doprinos hrvatskoj crkvenoj glazbi. Njegova misa <em>Gaudens gaudebo<\/em> premijerno je izvedena 1938. u Bratislavi, uz prijenos na radijskim postajama. Tijekom Drugoga svjetskog rata, koncem rujna 1944. godine, na otoku Badiji kod Kor\u010dule, partizani su ga odveli i pogubili bez su\u0111enja i mogu\u0107nosti obrane, a njegovo je tijelo more izbacilo na obalu. Njegov glas ljubavi prema Bogu i hrvatskom narodu desetlje\u0107ima je bio uti\u0161avan i pre\u0161u\u0107ivan.<\/p>\n\n\n\n<p>Prikazivanje filma organizirano je u povodu 81. obljetnice njegove mu\u010deni\u010dke smrti, kao vrijedan doprinos o\u010duvanju sje\u0107anja na fra Bernardina Sokola te promicanju istine o njegovu \u017eivotu i \u017ertvi.<\/p>\n\n\n\n<p>Prikazivanju su prisustvovali zamjenik \u017eupana Splitsko-dalmatinske \u017eupanije Stipe \u010cogelja i zamjenik gradona\u010delnika grada Splita Ivo Bili\u0107. Svojim dvjema izvedbama prikazivanje su uzdignuli Pu\u010dki piva\u010di \u017dupe sv. Jurja mu\u010denika iz Ka\u0161tel Su\u0107urca. Program je moderirao Radoslav Zaradi\u0107, predsjednik HUB-a i Zmaj Mrnjava\u010dki, koji je naglasio kako je zajedni\u010dko gledanje filma prilika za promi\u0161ljanje, zahvalnost i po\u0161tovanje prema \u017eivotu koji je zavr\u0161io u ti\u0161ini, ali \u010dija glazba i svjedo\u010danstva govore sve glasnije.<\/p>\n\n\n\n<p>Po zavr\u0161etku filma, o povijesnom kontekstu komunisti\u010dkih zlo\u010dina koji su se doga\u0111ali tijekom i neposredno nakon zavr\u0161etka Drugoga svjetskog rata govorio je prof. dr. sc. Mihovil Bio\u010di\u0107. \u201eNema niti jednog dokaza koji bi potvrdio fra Bernardinovu krivnju koju mu je jugoslavenska komunisti\u010dka vlast poku\u0161ala nametnuti, a ti poku\u0161aji i dalje traju\u201c \u2013 istaknuo je prof. Bio\u010di\u0107. U ime doma\u0107ina obratio se Milivoj Bratin\u010devi\u0107, Zmaj Putaljski II., zamjenik pro\u010delnika Zmajskog stola u Splitu i dopredsjednik HDBS-a. U svom govoru Bratin\u010devi\u0107 je iznio cjelovitu kronologiju istra\u017eivanja sudbine fra Bernardina Sokola, prvog mu\u010denika Dru\u017ebe, kao i iscrpne potrage za njegovim tijelom. Na koncu je moderator pro\u010ditao pozdravno pismo mo. Josipa Degl\u2019Ivellia, kancelara Kapitula Zlatnoga Zmaja DBHZ i predsjednika Hrvatskog dru\u0161tva dr. fra Bernardin Sokol. Film je redatelj Nikola Knez poklonio povodom 1100 godina Hrvatskoga Kraljevstva, a ve\u017ee se uz prvi CD skladbi fra Bernardina Sokola koji je objavljen 2022. godine. \u201eFra Bernardin nije samo poletio, on nas upravo vodi svojim glazbenim letom u ovozemaljski pred okus rajskog pjevanja i spaja nas zajedno u ljepoti, ljubavi i molitvi koja je samo odraz one vje\u010dne, bo\u017eanske ljepote\u201c \u2013 zaklju\u010dio je mo. Ivellio.<\/p>\n\n\n\n<p>Uz navedene predava\u010de, u filmu sudjeluju i: dr. fra Bernardin \u0160kunca OFM, Zmaj od Punte Mira, po\u010dasni \u010dlan DBHZ i po\u010dasni predsjednik HDBS; prof. dr. sc. Mislav Grgi\u0107, Zmaj Strossmayerski, Veliki me\u0161tar Dru\u017ebe \u201eBra\u0107a Hrvatskoga Zmaja\u201c; fra Benjamin Milkovi\u0107, \u010dlan Franjeva\u010dke provincije sv. Jeronima u Dalmaciji i Istri, te Delfi Prizmi\u0107, ro\u0111. Bonkovi\u0107.<\/p>\n\n\n\n<p>Film o fra Bernardinu Sokolu javno je dostupan na stranicama Hrvatskog filmskog instituta i portalu DBHZ, te predstavlja va\u017ean povijesni i kulturni doprinos, koji otkriva istinu o \u017eivotu i smrti jednog od najzna\u010dajnijih hrvatskih franjevaca i skladatelja. Njegova glazba i mu\u010deni\u0161tvo ostaju svjetionik vjere, domoljublja i neprestanog traganja za istinom.<\/p>\n\n\n\n<hr class=\"wp-block-separator has-alpha-channel-opacity\"\/>\n\n\n\n<p>Izvor:<\/p>\n\n\n\n<figure class=\"wp-block-embed is-type-wp-embed is-provider-hrvatska-udruga-benedikt wp-block-embed-hrvatska-udruga-benedikt\"><div class=\"wp-block-embed__wrapper\">\n<blockquote class=\"wp-embedded-content\" data-secret=\"GZwtYPZeH2\"><a href=\"https:\/\/hu-benedikt.hr\/2025\/10\/sjecanje-na-fra-bernardina-sokola-u-splitu-prikazan-film-o-zivotu-i-mucenistvu-hrvatskog-glazbenika-i-franjevca\/\">SJE\u0106ANJE NA FRA BERNARDINA SOKOLA &#8211; U SPLITU PRIKAZAN FILM O \u017dIVOTU I MU\u010cENI\u0160TVU HRVATSKOG GLAZBENIKA I FRANJEVCA<\/a><\/blockquote><iframe loading=\"lazy\" class=\"wp-embedded-content\" sandbox=\"allow-scripts\" security=\"restricted\" style=\"position: absolute; visibility: hidden;\" title=\"&#8220;SJE\u0106ANJE NA FRA BERNARDINA SOKOLA &#8211; U SPLITU PRIKAZAN FILM O \u017dIVOTU I MU\u010cENI\u0160TVU HRVATSKOG GLAZBENIKA I FRANJEVCA&#8221; &#8212; Hrvatska udruga Benedikt\" src=\"https:\/\/hu-benedikt.hr\/2025\/10\/sjecanje-na-fra-bernardina-sokola-u-splitu-prikazan-film-o-zivotu-i-mucenistvu-hrvatskog-glazbenika-i-franjevca\/embed\/#?secret=GZwtYPZeH2\" data-secret=\"GZwtYPZeH2\" width=\"600\" height=\"338\" frameborder=\"0\" marginwidth=\"0\" marginheight=\"0\" scrolling=\"no\"><\/iframe>\n<\/div><\/figure>\n\n\n\n<hr class=\"wp-block-separator has-alpha-channel-opacity\"\/>\n","protected":false},"excerpt":{"rendered":"","protected":false},"author":2,"featured_media":49189,"comment_status":"open","ping_status":"open","sticky":false,"template":"","format":"standard","meta":{"_acf_changed":false,"jetpack_post_was_ever_published":false,"_jetpack_newsletter_access":"","_jetpack_dont_email_post_to_subs":false,"_jetpack_newsletter_tier_id":0,"_jetpack_memberships_contains_paywalled_content":false,"_jetpack_memberships_contains_paid_content":false,"footnotes":"","jetpack_publicize_message":"","jetpack_publicize_feature_enabled":true,"jetpack_social_post_already_shared":true,"jetpack_social_options":{"image_generator_settings":{"template":"highway","default_image_id":0,"font":"","enabled":false},"version":2}},"categories":[13,3],"tags":[],"class_list":["post-49188","post","type-post","status-publish","format-standard","has-post-thumbnail","hentry","category-filmovi-i-serije","category-novosti"],"acf":{"facebook_opis":""},"jetpack_publicize_connections":[],"jetpack_featured_media_url":"https:\/\/i0.wp.com\/historiografija.hr\/wp-content\/uploads\/2025\/10\/Prikazivanje_filma_fra_Bernardin_Sokol_Split_Mihovil_Biocic.jpg?fit=1600%2C1066&ssl=1","jetpack_sharing_enabled":true,"jetpack-related-posts":[],"_links":{"self":[{"href":"https:\/\/historiografija.hr\/index.php?rest_route=\/wp\/v2\/posts\/49188","targetHints":{"allow":["GET"]}}],"collection":[{"href":"https:\/\/historiografija.hr\/index.php?rest_route=\/wp\/v2\/posts"}],"about":[{"href":"https:\/\/historiografija.hr\/index.php?rest_route=\/wp\/v2\/types\/post"}],"author":[{"embeddable":true,"href":"https:\/\/historiografija.hr\/index.php?rest_route=\/wp\/v2\/users\/2"}],"replies":[{"embeddable":true,"href":"https:\/\/historiografija.hr\/index.php?rest_route=%2Fwp%2Fv2%2Fcomments&post=49188"}],"version-history":[{"count":1,"href":"https:\/\/historiografija.hr\/index.php?rest_route=\/wp\/v2\/posts\/49188\/revisions"}],"predecessor-version":[{"id":49190,"href":"https:\/\/historiografija.hr\/index.php?rest_route=\/wp\/v2\/posts\/49188\/revisions\/49190"}],"wp:featuredmedia":[{"embeddable":true,"href":"https:\/\/historiografija.hr\/index.php?rest_route=\/wp\/v2\/media\/49189"}],"wp:attachment":[{"href":"https:\/\/historiografija.hr\/index.php?rest_route=%2Fwp%2Fv2%2Fmedia&parent=49188"}],"wp:term":[{"taxonomy":"category","embeddable":true,"href":"https:\/\/historiografija.hr\/index.php?rest_route=%2Fwp%2Fv2%2Fcategories&post=49188"},{"taxonomy":"post_tag","embeddable":true,"href":"https:\/\/historiografija.hr\/index.php?rest_route=%2Fwp%2Fv2%2Ftags&post=49188"}],"curies":[{"name":"wp","href":"https:\/\/api.w.org\/{rel}","templated":true}]}}