{"id":49183,"date":"2025-10-28T23:07:37","date_gmt":"2025-10-28T23:07:37","guid":{"rendered":"https:\/\/historiografija.hr\/?p=49183"},"modified":"2025-10-28T23:08:05","modified_gmt":"2025-10-28T23:08:05","slug":"babin-kuk-planiranje-utopije-posljednja-izlozba-u-galeriji-muzeja-crvene-povijesti","status":"publish","type":"post","link":"https:\/\/historiografija.hr\/?p=49183","title":{"rendered":"\u201eBabin Kuk \u2013 Planiranje utopije\u201c\/ posljednja izlo\u017eba u galeriji Muzeja crvene povijesti"},"content":{"rendered":"\n<p><strong>U \u010detvrtak, 30. listopada 2025. u 19:30, u Muzeju crvene povijesti u Dubrovniku otvaramo izlo\u017ebu\u00a0<\/strong><em><strong>Babin Kuk \u2013 Planiranje utopije: 50 godina od izgradnje hotelsko-turisti\u010dkog centra<\/strong><\/em><strong>,\u00a0<\/strong>\u010diji su autori kustos Ivan Lujo i prof. Krunoslav \u0160mit, a autorica likovnog postava Kristina Miro\u0161evi\u0107.<\/p>\n\n\n\n<p>Izlo\u017eba donosi pogled na pola stolje\u0107a dugu povijest jednog od najambicioznijih urbanisti\u010dkih i turisti\u010dkih projekata, koji je svojom vizijom i realizacijom nadilazio lokalne okvire. Pomno planiran od strane doma\u0107ih i stranih stru\u010dnjaka kao dio Regionalnog plana razvoja Ju\u017enog Jadrana, projekt Babin Kuk bio je prvi takve vrste djelomi\u010dno financiran od Svjetske banke za obnovu i razvoj.\u00a0 Izgra\u0111en je u rekordnom\u00a0roku od 15 mjeseci, a osim 4 hotela s\u00a0pribli\u017eno 2 tisu\u0107e kreveta izgra\u0111en je i novi dru\u0161tveni i zabavni centar grada, zami\u0161ljen kao mjesto susreta doma\u0107eg stanovni\u0161tva i stranih posjetitelja, koji su se dru\u017eili u brojnim restoranima, barovima, diskoteci, zabavama na bazenima ili na sportskim terenima.<\/p>\n\n\n\n<p><strong>Ova izlo\u017eba za nas ima i posebno zna\u010denje.<\/strong><strong>&nbsp;Bit \u0107e to posljednja koju otvaramo u na\u0161oj muzejskoj galeriji u prostoru TUP-a.&nbsp;<br><\/strong>Prema novom ugovoru s na\u0161im najmodavcem, od ove zime prostor galerije \u2013 kao i dio drugih prostora koje smo koristili za javne programe \u2013 vi\u0161e ne\u0107e biti u na\u0161em najmu.<\/p>\n\n\n\n<p>U proteklim godinama galerija Muzeja crvene povijesti postala je prepoznatljivo mjesto susreta, dijaloga i stvaranja. U njoj su realizirane brojne zapa\u017eene i izvrsno posje\u0107ene izlo\u017ebe, poput&nbsp;<em>Kako smo se zabavljali: No\u0107ni \u017eivot i zabava Dubrovnika 1970-ih i 80-ih<\/em>,&nbsp;<em>Ostaci dana \/ Remains of the Day<\/em>&nbsp;Ive Laterze Obuljen,&nbsp;<em>Boris Ljubi\u010di\u0107: Kvadrat &amp; krug \/ Mjesto &amp; vrijeme<\/em>, gostuju\u0107a izlo\u017eba udruge VeDRA&nbsp;<em>Od pobjede 1945. do pobjede 1995.<\/em>, izlo\u017ebe&nbsp;<em>Dubrova\u010dki crni dijamant: 70 godina TUP-a<\/em>,&nbsp;<em>Kubanski revolucionarni poster 1968.\u20131971.<\/em>,&nbsp;<em>Dubrovnik i Drugi svjetski rat: mjesta sje\u0107anja<\/em>,&nbsp;<em>Smetnje u prijemu slike: transferi fotografije u dizajnu 1960.\u20131990.<\/em>&nbsp;u suradnji s HDD-om,&nbsp;<em>Mo\u0107, provokacija, dekonstrukcija \u2014 Laibach 1980.\u20131995.<\/em>..<\/p>\n\n\n\n<p>Kroz sve te programe galerija je postala prostor u kojem se lokalna i me\u0111unarodna scena susre\u0107u, mjesto koje povezuje pro\u0161lost i suvremenost, umjetnost i zajednicu.<\/p>\n\n\n\n<p>Tijekom zime Muzej \u0107e biti zatvoren zbog nu\u017enih prilagodbi novim, smanjenim prostornim mogu\u0107nostima. Ovo razdoblje iskoristit \u0107emo za izradu novog stalnog postava s brojnim&nbsp;izmjenama i novim sadr\u017eajima, a \u010dije ponovno otvaranje o\u010dekujemo u o\u017eujku sljede\u0107e godine.<\/p>\n\n\n\n<p><strong>Pozivamo vas da nam se pridru\u017eite na otvorenju posljednje izlo\u017ebe u na\u0161oj galeriji, u \u010detvrtak, 30. listopada u 19:30.<\/strong><br>Izlo\u017eba&nbsp;<em>Babin Kuk \u2013 planiranje utopije<\/em>&nbsp;bit \u0107e <strong>otvorena do 1. prosinca<\/strong>, u radnom vremenu Muzeja.<\/p>\n\n\n\n<p>Izlo\u017ebu su financijski podr\u017eali Grad Dubrovnik, Ministarstvo kulture i medija Republike Hrvatske i Valamar Riviera d.d.<\/p>\n\n\n\n<hr class=\"wp-block-separator has-alpha-channel-opacity\"\/>\n\n\n\n<figure class=\"wp-block-image size-large\"><img data-recalc-dims=\"1\" loading=\"lazy\" decoding=\"async\" width=\"729\" height=\"1024\" data-attachment-id=\"49184\" data-permalink=\"https:\/\/historiografija.hr\/?attachment_id=49184\" data-orig-file=\"https:\/\/i0.wp.com\/historiografija.hr\/wp-content\/uploads\/2025\/10\/BABIN_KUK_VIZUAL-pozivnica.jpg?fit=1200%2C1686&amp;ssl=1\" data-orig-size=\"1200,1686\" data-comments-opened=\"1\" data-image-meta=\"{&quot;aperture&quot;:&quot;0&quot;,&quot;credit&quot;:&quot;&quot;,&quot;camera&quot;:&quot;&quot;,&quot;caption&quot;:&quot;&quot;,&quot;created_timestamp&quot;:&quot;0&quot;,&quot;copyright&quot;:&quot;&quot;,&quot;focal_length&quot;:&quot;0&quot;,&quot;iso&quot;:&quot;0&quot;,&quot;shutter_speed&quot;:&quot;0&quot;,&quot;title&quot;:&quot;&quot;,&quot;orientation&quot;:&quot;0&quot;}\" data-image-title=\"BABIN_KUK_VIZUAL-pozivnica\" data-image-description=\"\" data-image-caption=\"\" data-large-file=\"https:\/\/i0.wp.com\/historiografija.hr\/wp-content\/uploads\/2025\/10\/BABIN_KUK_VIZUAL-pozivnica.jpg?fit=729%2C1024&amp;ssl=1\" src=\"https:\/\/i0.wp.com\/historiografija.hr\/wp-content\/uploads\/2025\/10\/BABIN_KUK_VIZUAL-pozivnica.jpg?resize=729%2C1024&#038;ssl=1\" alt=\"\" class=\"wp-image-49184\" srcset=\"https:\/\/i0.wp.com\/historiografija.hr\/wp-content\/uploads\/2025\/10\/BABIN_KUK_VIZUAL-pozivnica.jpg?resize=729%2C1024&amp;ssl=1 729w, https:\/\/i0.wp.com\/historiografija.hr\/wp-content\/uploads\/2025\/10\/BABIN_KUK_VIZUAL-pozivnica.jpg?resize=214%2C300&amp;ssl=1 214w, https:\/\/i0.wp.com\/historiografija.hr\/wp-content\/uploads\/2025\/10\/BABIN_KUK_VIZUAL-pozivnica.jpg?resize=768%2C1079&amp;ssl=1 768w, https:\/\/i0.wp.com\/historiografija.hr\/wp-content\/uploads\/2025\/10\/BABIN_KUK_VIZUAL-pozivnica.jpg?resize=1093%2C1536&amp;ssl=1 1093w, https:\/\/i0.wp.com\/historiografija.hr\/wp-content\/uploads\/2025\/10\/BABIN_KUK_VIZUAL-pozivnica.jpg?w=1200&amp;ssl=1 1200w\" sizes=\"auto, (max-width: 729px) 100vw, 729px\" \/><\/figure>\n\n\n\n<hr class=\"wp-block-separator has-alpha-channel-opacity\"\/>\n","protected":false},"excerpt":{"rendered":"","protected":false},"author":2,"featured_media":49184,"comment_status":"open","ping_status":"open","sticky":false,"template":"","format":"standard","meta":{"_acf_changed":false,"jetpack_post_was_ever_published":false,"_jetpack_newsletter_access":"","_jetpack_dont_email_post_to_subs":false,"_jetpack_newsletter_tier_id":0,"_jetpack_memberships_contains_paywalled_content":false,"_jetpack_memberships_contains_paid_content":false,"footnotes":"","jetpack_publicize_message":"","jetpack_publicize_feature_enabled":true,"jetpack_social_post_already_shared":true,"jetpack_social_options":{"image_generator_settings":{"template":"highway","default_image_id":0,"font":"","enabled":false},"version":2}},"categories":[10,3],"tags":[],"class_list":["post-49183","post","type-post","status-publish","format-standard","has-post-thumbnail","hentry","category-izlozbe","category-novosti"],"acf":{"facebook_opis":""},"jetpack_publicize_connections":[],"jetpack_featured_media_url":"https:\/\/i0.wp.com\/historiografija.hr\/wp-content\/uploads\/2025\/10\/BABIN_KUK_VIZUAL-pozivnica.jpg?fit=1200%2C1686&ssl=1","jetpack_sharing_enabled":true,"jetpack-related-posts":[],"_links":{"self":[{"href":"https:\/\/historiografija.hr\/index.php?rest_route=\/wp\/v2\/posts\/49183","targetHints":{"allow":["GET"]}}],"collection":[{"href":"https:\/\/historiografija.hr\/index.php?rest_route=\/wp\/v2\/posts"}],"about":[{"href":"https:\/\/historiografija.hr\/index.php?rest_route=\/wp\/v2\/types\/post"}],"author":[{"embeddable":true,"href":"https:\/\/historiografija.hr\/index.php?rest_route=\/wp\/v2\/users\/2"}],"replies":[{"embeddable":true,"href":"https:\/\/historiografija.hr\/index.php?rest_route=%2Fwp%2Fv2%2Fcomments&post=49183"}],"version-history":[{"count":2,"href":"https:\/\/historiografija.hr\/index.php?rest_route=\/wp\/v2\/posts\/49183\/revisions"}],"predecessor-version":[{"id":49186,"href":"https:\/\/historiografija.hr\/index.php?rest_route=\/wp\/v2\/posts\/49183\/revisions\/49186"}],"wp:featuredmedia":[{"embeddable":true,"href":"https:\/\/historiografija.hr\/index.php?rest_route=\/wp\/v2\/media\/49184"}],"wp:attachment":[{"href":"https:\/\/historiografija.hr\/index.php?rest_route=%2Fwp%2Fv2%2Fmedia&parent=49183"}],"wp:term":[{"taxonomy":"category","embeddable":true,"href":"https:\/\/historiografija.hr\/index.php?rest_route=%2Fwp%2Fv2%2Fcategories&post=49183"},{"taxonomy":"post_tag","embeddable":true,"href":"https:\/\/historiografija.hr\/index.php?rest_route=%2Fwp%2Fv2%2Ftags&post=49183"}],"curies":[{"name":"wp","href":"https:\/\/api.w.org\/{rel}","templated":true}]}}