{"id":49177,"date":"2025-10-28T22:55:25","date_gmt":"2025-10-28T22:55:25","guid":{"rendered":"https:\/\/historiografija.hr\/?p=49177"},"modified":"2025-10-28T22:55:25","modified_gmt":"2025-10-28T22:55:25","slug":"memorijalna-setnja-za-snjesku-knezevic","status":"publish","type":"post","link":"https:\/\/historiografija.hr\/?p=49177","title":{"rendered":"Memorijalna \u0161etnja za Snje\u0161ku Kne\u017eevi\u0107"},"content":{"rendered":"\n<p><strong>Zelena potkova, fragmenti; Zrinjevac (kod paviljona), subota, 1. studenoga 2025. u 11 sati<\/strong><\/p>\n\n\n\n<p>Voditelj: <strong>Sa\u0161a \u0160impraga<\/strong><\/p>\n\n\n\n<p>U povodu smrti <strong>Snje\u0161ke Kne\u017eevi\u0107<\/strong> (1938. \u2013 2025.) \u010dije je kapitalno djelo <em>Zagreba\u010dka Zelena potkova<\/em>, platforma 1POSTOZAGRAD organizira memorijalnu \u0161etnju Zelenom potkovom koju \u0107e voditi Sa\u0161a \u0160impraga. Naglasak \u0107e biti na fragmentima, nedovr\u0161enostima, kontroverzama, zanimljivostima i manje poznatim detaljima s potkove.<\/p>\n\n\n\n<p>Sudjelovanje je besplatno.<\/p>\n\n\n\n<hr class=\"wp-block-separator has-alpha-channel-opacity\"\/>\n\n\n\n<p>Izvor:<\/p>\n\n\n\n<figure class=\"wp-block-embed is-type-wp-embed is-provider-h-alter wp-block-embed-h-alter\"><div class=\"wp-block-embed__wrapper\">\n<blockquote class=\"wp-embedded-content\" data-secret=\"tpnXz1Zn1h\"><a href=\"https:\/\/h-alter.org\/sto-nas-ceka\/pritisak-odozdo\/memorijalna-setnja-za-snjesku-knezevic\/\">Memorijalna \u0161etnja za Snje\u0161ku Kne\u017eevi\u0107<\/a><\/blockquote><iframe loading=\"lazy\" class=\"wp-embedded-content\" sandbox=\"allow-scripts\" security=\"restricted\" style=\"position: absolute; visibility: hidden;\" title=\"&#8220;Memorijalna \u0161etnja za Snje\u0161ku Kne\u017eevi\u0107&#8221; &#8212; H-Alter\" src=\"https:\/\/h-alter.org\/sto-nas-ceka\/pritisak-odozdo\/memorijalna-setnja-za-snjesku-knezevic\/embed\/#?secret=HaLopBXybP#?secret=tpnXz1Zn1h\" data-secret=\"tpnXz1Zn1h\" width=\"600\" height=\"338\" frameborder=\"0\" marginwidth=\"0\" marginheight=\"0\" scrolling=\"no\"><\/iframe>\n<\/div><\/figure>\n\n\n\n<hr class=\"wp-block-separator has-alpha-channel-opacity\"\/>\n","protected":false},"excerpt":{"rendered":"","protected":false},"author":2,"featured_media":49178,"comment_status":"open","ping_status":"open","sticky":false,"template":"","format":"standard","meta":{"_acf_changed":false,"jetpack_post_was_ever_published":false,"_jetpack_newsletter_access":"","_jetpack_dont_email_post_to_subs":false,"_jetpack_newsletter_tier_id":0,"_jetpack_memberships_contains_paywalled_content":false,"_jetpack_memberships_contains_paid_content":false,"footnotes":"","jetpack_publicize_message":"","jetpack_publicize_feature_enabled":true,"jetpack_social_post_already_shared":true,"jetpack_social_options":{"image_generator_settings":{"template":"highway","default_image_id":0,"font":"","enabled":false},"version":2}},"categories":[3],"tags":[],"class_list":["post-49177","post","type-post","status-publish","format-standard","has-post-thumbnail","hentry","category-novosti"],"acf":{"facebook_opis":""},"jetpack_publicize_connections":[],"jetpack_featured_media_url":"https:\/\/i0.wp.com\/historiografija.hr\/wp-content\/uploads\/2025\/10\/Knezevic.jpg?fit=1024%2C538&ssl=1","jetpack_sharing_enabled":true,"jetpack-related-posts":[],"_links":{"self":[{"href":"https:\/\/historiografija.hr\/index.php?rest_route=\/wp\/v2\/posts\/49177","targetHints":{"allow":["GET"]}}],"collection":[{"href":"https:\/\/historiografija.hr\/index.php?rest_route=\/wp\/v2\/posts"}],"about":[{"href":"https:\/\/historiografija.hr\/index.php?rest_route=\/wp\/v2\/types\/post"}],"author":[{"embeddable":true,"href":"https:\/\/historiografija.hr\/index.php?rest_route=\/wp\/v2\/users\/2"}],"replies":[{"embeddable":true,"href":"https:\/\/historiografija.hr\/index.php?rest_route=%2Fwp%2Fv2%2Fcomments&post=49177"}],"version-history":[{"count":1,"href":"https:\/\/historiografija.hr\/index.php?rest_route=\/wp\/v2\/posts\/49177\/revisions"}],"predecessor-version":[{"id":49179,"href":"https:\/\/historiografija.hr\/index.php?rest_route=\/wp\/v2\/posts\/49177\/revisions\/49179"}],"wp:featuredmedia":[{"embeddable":true,"href":"https:\/\/historiografija.hr\/index.php?rest_route=\/wp\/v2\/media\/49178"}],"wp:attachment":[{"href":"https:\/\/historiografija.hr\/index.php?rest_route=%2Fwp%2Fv2%2Fmedia&parent=49177"}],"wp:term":[{"taxonomy":"category","embeddable":true,"href":"https:\/\/historiografija.hr\/index.php?rest_route=%2Fwp%2Fv2%2Fcategories&post=49177"},{"taxonomy":"post_tag","embeddable":true,"href":"https:\/\/historiografija.hr\/index.php?rest_route=%2Fwp%2Fv2%2Ftags&post=49177"}],"curies":[{"name":"wp","href":"https:\/\/api.w.org\/{rel}","templated":true}]}}