{"id":49172,"date":"2025-10-28T22:42:49","date_gmt":"2025-10-28T22:42:49","guid":{"rendered":"https:\/\/historiografija.hr\/?p=49172"},"modified":"2025-10-28T22:42:49","modified_gmt":"2025-10-28T22:42:49","slug":"predstavljanje-knjiga-matice-hrvatske-u-povodu-1100-obljetnice-hrvatskog-kraljevstva","status":"publish","type":"post","link":"https:\/\/historiografija.hr\/?p=49172","title":{"rendered":"Predstavljanje knjiga Matice hrvatske u povodu 1100. obljetnice Hrvatskog Kraljevstva"},"content":{"rendered":"\n<p>Utorak 28. listopada 2025. u 19 sati. Dvorana Alkarskih Dvora, Put Petrovca 12, Sinj.<\/p>\n\n\n\n<hr class=\"wp-block-separator has-alpha-channel-opacity\"\/>\n\n\n\n<p><strong>Matica hrvatska <\/strong><strong>i Ogranak Matice hrvatske u Sinju<\/strong><\/p>\n\n\n\n<p>u povodu<\/p>\n\n\n\n<p><em>1100. obljetnice Hrvatskoga Kraljevstva<\/em><br>pozivaju Vas na predstavljanje knjiga<\/p>\n\n\n\n<p><em>Mario Jareb<\/em><br><strong>HRVATSKI NACIONALNI SIMBOLI<\/strong><\/p>\n\n\n\n<p><em>Vladimir Nazor<\/em><br><strong>HRVATSKI KRALJEVI<\/strong><\/p>\n\n\n\n<p><strong>O knjigama \u0107e govoriti:<\/strong><\/p>\n\n\n\n<p><strong>Mario Jareb<\/strong>, potpredsjednik Matice hrvatske<br><strong>Vladimir Lon\u010darevi\u0107<\/strong>, knji\u017eevni tajnik Matice hrvatske<br><strong>Bo\u017eidar Petra\u010d<\/strong>, potpredsjednik Matice hrvatske<\/p>\n\n\n\n<p><strong><em>Utorak 28. listopada 2025. u 19 sati<\/em><\/strong><strong><em><br><strong>Dvorana Alkarskih Dvora<\/strong><br><strong>Put Petrovca 12, Sinj<\/strong><\/em><\/strong><\/p>\n\n\n\n<hr class=\"wp-block-separator has-alpha-channel-opacity\"\/>\n\n\n\n<p>Izvor:<\/p>\n\n\n\n<p><a href=\"https:\/\/www.matica.hr\/zbivanja\/predstavljanje-knjiga-matice-hrvatske-u-povodu-1100-obljetnice-hrvatskog-kraljevstva-4973\">https:\/\/www.matica.hr\/zbivanja\/predstavljanje-knjiga-matice-hrvatske-u-povodu-1100-obljetnice-hrvatskog-kraljevstva-4973<\/a><\/p>\n\n\n\n<hr class=\"wp-block-separator has-alpha-channel-opacity\"\/>\n","protected":false},"excerpt":{"rendered":"","protected":false},"author":2,"featured_media":49173,"comment_status":"open","ping_status":"open","sticky":false,"template":"","format":"standard","meta":{"_acf_changed":false,"jetpack_post_was_ever_published":false,"_jetpack_newsletter_access":"","_jetpack_dont_email_post_to_subs":false,"_jetpack_newsletter_tier_id":0,"_jetpack_memberships_contains_paywalled_content":false,"_jetpack_memberships_contains_paid_content":false,"footnotes":"","jetpack_publicize_message":"","jetpack_publicize_feature_enabled":true,"jetpack_social_post_already_shared":true,"jetpack_social_options":{"image_generator_settings":{"template":"highway","default_image_id":0,"font":"","enabled":false},"version":2}},"categories":[3],"tags":[],"class_list":["post-49172","post","type-post","status-publish","format-standard","has-post-thumbnail","hentry","category-novosti"],"acf":{"facebook_opis":""},"jetpack_publicize_connections":[],"jetpack_featured_media_url":"https:\/\/i0.wp.com\/historiografija.hr\/wp-content\/uploads\/2025\/10\/sinj_28.10.2025_-_pozivnica.jpg?fit=680%2C383&ssl=1","jetpack_sharing_enabled":true,"jetpack-related-posts":[],"_links":{"self":[{"href":"https:\/\/historiografija.hr\/index.php?rest_route=\/wp\/v2\/posts\/49172","targetHints":{"allow":["GET"]}}],"collection":[{"href":"https:\/\/historiografija.hr\/index.php?rest_route=\/wp\/v2\/posts"}],"about":[{"href":"https:\/\/historiografija.hr\/index.php?rest_route=\/wp\/v2\/types\/post"}],"author":[{"embeddable":true,"href":"https:\/\/historiografija.hr\/index.php?rest_route=\/wp\/v2\/users\/2"}],"replies":[{"embeddable":true,"href":"https:\/\/historiografija.hr\/index.php?rest_route=%2Fwp%2Fv2%2Fcomments&post=49172"}],"version-history":[{"count":1,"href":"https:\/\/historiografija.hr\/index.php?rest_route=\/wp\/v2\/posts\/49172\/revisions"}],"predecessor-version":[{"id":49174,"href":"https:\/\/historiografija.hr\/index.php?rest_route=\/wp\/v2\/posts\/49172\/revisions\/49174"}],"wp:featuredmedia":[{"embeddable":true,"href":"https:\/\/historiografija.hr\/index.php?rest_route=\/wp\/v2\/media\/49173"}],"wp:attachment":[{"href":"https:\/\/historiografija.hr\/index.php?rest_route=%2Fwp%2Fv2%2Fmedia&parent=49172"}],"wp:term":[{"taxonomy":"category","embeddable":true,"href":"https:\/\/historiografija.hr\/index.php?rest_route=%2Fwp%2Fv2%2Fcategories&post=49172"},{"taxonomy":"post_tag","embeddable":true,"href":"https:\/\/historiografija.hr\/index.php?rest_route=%2Fwp%2Fv2%2Ftags&post=49172"}],"curies":[{"name":"wp","href":"https:\/\/api.w.org\/{rel}","templated":true}]}}