{"id":49139,"date":"2025-10-27T22:21:04","date_gmt":"2025-10-27T22:21:04","guid":{"rendered":"https:\/\/historiografija.hr\/?p=49139"},"modified":"2025-10-27T22:21:04","modified_gmt":"2025-10-27T22:21:04","slug":"razgovor-o-knjizi-simuna-cimermana-bitka-na-sutjesci-pakao-u-raju-u-muzeju-devedesetih-u-beogradu","status":"publish","type":"post","link":"https:\/\/historiografija.hr\/?p=49139","title":{"rendered":"Razgovor o knjizi \u0160imuna Cimermana \u201eBitka na Sutjesci \u2013 Pakao u raju\u201c u Muzeju devedesetih u Beogradu"},"content":{"rendered":"\n<p>U utorak, 28. oktobra 2025. u 19h, u M90 (Kneza Milo\u0161a 3, Beograd) bi\u0107e predstavljena knjiga autora \u0160imuna Cimermana &#8220;Bitka na Sutjesci &#8211; Pakao u raju&#8221;, o najpoznatijoj i najte\u017eoj partizanskoj bici Drugog svetskog rata \u2013 borbi koja je promenila istoriju Jugoslavije.<\/p>\n\n\n\n<p>O knjizi govore: \u0160imun Cimerman, Dubravka Stojanovi\u0107, Dragan Popovi\u0107, Milivoj Be\u0161lin i Simona Goldstein<\/p>\n\n\n\n<hr class=\"wp-block-separator has-alpha-channel-opacity\"\/>\n\n\n\n<p>Mala skupina gerilaca uspe\u0161no se suprotstavila tada najmo\u0107nijoj vojsci sveta. Kako je jedan odred u pet godina ratovanja izrastao u vojsku od 800 000 ljudi i postao jedini pokret otpora na evropskom tlu koji je vlastitim snagama porazio i izbacio naciste i njihove saveznike sa svog prostora?<\/p>\n\n\n\n<p>Oslanjaju\u0107i se na istorijske \u010dinjenice, autenti\u010dne dokumente i svedo\u010danstva, autor \u0160imun<\/p>\n\n\n\n<p>Cimerman stvara \u017eivopisnu sliku ratne stvarnosti i hrabrosti onih koji su je pro\u017eiveli.<\/p>\n\n\n\n<p>Uz izdanje dolazi i terenska karta Bitke na Sutjesci sa vi\u0161e od 3000 km ucrtanih puteva kao i GPS ruta kojom su se kretale partizanske i neprijateljske snage.<\/p>\n\n\n\n<p>\u0160imun Cimerman (Zagreb, 1974) diplomirao je politi\u010dke nauke na Univerzitetu Ju\u017ene Kalifornije. Biv\u0161i je vaterpolista, bavio se ekstremnim sportovima i osniva\u010d pustolovnih trka u Hrvatskoj. U 25 godina rada organizovao je preko 150 outdoor trka na vi\u0161e od 40 razli\u010ditih lokacija u Hrvatskoj, Sloveniji, Crnoj Gori i Bosni i Hercegovini. U ovoj knjizi spojio je svoju strast prema planinama, pustolovinama i istoriji.<\/p>\n\n\n\n<p>Knjiga je objavljena u izdanju izdava\u010dke ku\u0107e Jesenski i Turk.<\/p>\n\n\n\n<hr class=\"wp-block-separator has-alpha-channel-opacity\"\/>\n\n\n\n<p>Izvori:<\/p>\n\n\n\n<p><a href=\"https:\/\/museum90.com\/event\/razgovor-o-knjizi-simuna-cimermana-bitka-na-sutjesci-pakao-u-raju\">https:\/\/museum90.com\/event\/razgovor-o-knjizi-simuna-cimermana-bitka-na-sutjesci-pakao-u-raju<\/a><\/p>\n\n\n\n<p><a href=\"https:\/\/www.facebook.com\/events\/785211304323460\">https:\/\/www.facebook.com\/events\/785211304323460<\/a><\/p>\n\n\n\n<hr class=\"wp-block-separator has-alpha-channel-opacity\"\/>\n","protected":false},"excerpt":{"rendered":"","protected":false},"author":2,"featured_media":49140,"comment_status":"open","ping_status":"open","sticky":false,"template":"","format":"standard","meta":{"_acf_changed":false,"jetpack_post_was_ever_published":false,"_jetpack_newsletter_access":"","_jetpack_dont_email_post_to_subs":false,"_jetpack_newsletter_tier_id":0,"_jetpack_memberships_contains_paywalled_content":false,"_jetpack_memberships_contains_paid_content":false,"footnotes":"","jetpack_publicize_message":"","jetpack_publicize_feature_enabled":true,"jetpack_social_post_already_shared":true,"jetpack_social_options":{"image_generator_settings":{"template":"highway","default_image_id":0,"font":"","enabled":false},"version":2}},"categories":[3],"tags":[],"class_list":["post-49139","post","type-post","status-publish","format-standard","has-post-thumbnail","hentry","category-novosti"],"acf":{"facebook_opis":""},"jetpack_publicize_connections":[],"jetpack_featured_media_url":"https:\/\/i0.wp.com\/historiografija.hr\/wp-content\/uploads\/2025\/10\/Sutjeska.png?fit=1200%2C700&ssl=1","jetpack_sharing_enabled":true,"jetpack-related-posts":[],"_links":{"self":[{"href":"https:\/\/historiografija.hr\/index.php?rest_route=\/wp\/v2\/posts\/49139","targetHints":{"allow":["GET"]}}],"collection":[{"href":"https:\/\/historiografija.hr\/index.php?rest_route=\/wp\/v2\/posts"}],"about":[{"href":"https:\/\/historiografija.hr\/index.php?rest_route=\/wp\/v2\/types\/post"}],"author":[{"embeddable":true,"href":"https:\/\/historiografija.hr\/index.php?rest_route=\/wp\/v2\/users\/2"}],"replies":[{"embeddable":true,"href":"https:\/\/historiografija.hr\/index.php?rest_route=%2Fwp%2Fv2%2Fcomments&post=49139"}],"version-history":[{"count":1,"href":"https:\/\/historiografija.hr\/index.php?rest_route=\/wp\/v2\/posts\/49139\/revisions"}],"predecessor-version":[{"id":49141,"href":"https:\/\/historiografija.hr\/index.php?rest_route=\/wp\/v2\/posts\/49139\/revisions\/49141"}],"wp:featuredmedia":[{"embeddable":true,"href":"https:\/\/historiografija.hr\/index.php?rest_route=\/wp\/v2\/media\/49140"}],"wp:attachment":[{"href":"https:\/\/historiografija.hr\/index.php?rest_route=%2Fwp%2Fv2%2Fmedia&parent=49139"}],"wp:term":[{"taxonomy":"category","embeddable":true,"href":"https:\/\/historiografija.hr\/index.php?rest_route=%2Fwp%2Fv2%2Fcategories&post=49139"},{"taxonomy":"post_tag","embeddable":true,"href":"https:\/\/historiografija.hr\/index.php?rest_route=%2Fwp%2Fv2%2Ftags&post=49139"}],"curies":[{"name":"wp","href":"https:\/\/api.w.org\/{rel}","templated":true}]}}