{"id":49134,"date":"2025-10-27T22:14:19","date_gmt":"2025-10-27T22:14:19","guid":{"rendered":"https:\/\/historiografija.hr\/?p=49134"},"modified":"2025-10-27T22:15:06","modified_gmt":"2025-10-27T22:15:06","slug":"najava-prikazivanja-dokumentarnog-filma-dr-fra-bernardin-sokol-franjevac-glazbenik-i-hrvatski-mucenik","status":"publish","type":"post","link":"https:\/\/historiografija.hr\/?p=49134","title":{"rendered":"Najava prikazivanja dokumentarnog filma \u201eDr. fra Bernardin Sokol \u2013 franjevac, glazbenik i hrvatski mu\u010denik\u201c"},"content":{"rendered":"\n<p>Hrvatsko dru\u0161tvo dr. fra Bernardin Sokol, Dru\u017eba \u201eBra\u0107a Hrvatskoga Zmaja\u201c i Hrvatska udruga Benedikt pozivaju&nbsp; na prikazivanje dokumentarnog filma \u201eDr. fra Bernardin Sokol \u2013 franjevac, glazbenik i hrvatski mu\u010denik\u201c, koje \u0107e se odr\u017eati u <strong>utorak, 28. listopada 2025. godine u 18:30 sati<\/strong> <strong>u dvorani Nadbiskupskog sjemeni\u0161ta u Splitu<\/strong> (Ulica Zrinsko Frankopanska 19).<\/p>\n\n\n\n<p>Film redatelja Nikole Kneza&nbsp;nastao je u ameri\u010dko-hrvatskoj produkciji (Croatian Film Institute \/ 2025.) i donosi potresno svjedo\u010danstvo o \u017eivotu, glazbenom stvarala\u0161tvu i mu\u010deni\u0161tvu dr. fra Bernardina Sokola (1888. \u2013 1944.), franjevca iz Ka\u0161tel Su\u0107urca, skladatelja, glazbenog pedagoga i doktora teologije. Scenarij je napisala Dorothy S. McClellan.<\/p>\n\n\n\n<p>Fra Bernardin Sokol \u0161kolovao se u Be\u010du i Rimu, a svojim je skladbama i liturgijskim djelima obogatio hrvatsku crkvenu glazbu. Njegova misa&nbsp;<em>Gaudens gaudebo<\/em>&nbsp;premijerno je izvedena 1938. u Bratislavi, uz prijenos na radijskim postajama. Tijekom Drugoga svjetskog rata, 1944. godine, na otoku Badiji kod Kor\u010dule, bio je odveden od strane partizana i ubijen \u2013 njegovo tijelo more je izbacilo na obalu. Njegov glas ljubavi prema Bogu i hrvatskom narodu dugo je bio pre\u0161u\u0107ivan.<\/p>\n\n\n\n<p>Prikazivanje filma u Splitu organizira se u povodu 81. obljetnice mu\u010deni\u010dke smrti fra Bernardina Sokola, kao prigoda da se obnovi sje\u0107anje na njegovo djelo i \u017ertvu.<\/p>\n\n\n\n<p>Ulaz je slobodan.<\/p>\n\n\n\n<hr class=\"wp-block-separator has-alpha-channel-opacity\"\/>\n\n\n\n<figure class=\"wp-block-image size-large is-resized\"><img data-recalc-dims=\"1\" loading=\"lazy\" decoding=\"async\" width=\"724\" height=\"1024\" data-attachment-id=\"49135\" data-permalink=\"https:\/\/historiografija.hr\/?attachment_id=49135\" data-orig-file=\"https:\/\/i0.wp.com\/historiografija.hr\/wp-content\/uploads\/2025\/10\/PLAKAT-4-DR.-FRA-BERNARDIN-SOKOL.png?fit=1587%2C2245&amp;ssl=1\" data-orig-size=\"1587,2245\" data-comments-opened=\"1\" data-image-meta=\"{&quot;aperture&quot;:&quot;0&quot;,&quot;credit&quot;:&quot;&quot;,&quot;camera&quot;:&quot;&quot;,&quot;caption&quot;:&quot;&quot;,&quot;created_timestamp&quot;:&quot;0&quot;,&quot;copyright&quot;:&quot;&quot;,&quot;focal_length&quot;:&quot;0&quot;,&quot;iso&quot;:&quot;0&quot;,&quot;shutter_speed&quot;:&quot;0&quot;,&quot;title&quot;:&quot;&quot;,&quot;orientation&quot;:&quot;0&quot;}\" data-image-title=\"PLAKAT-4-DR.-FRA-BERNARDIN-SOKOL\" data-image-description=\"\" data-image-caption=\"\" data-large-file=\"https:\/\/i0.wp.com\/historiografija.hr\/wp-content\/uploads\/2025\/10\/PLAKAT-4-DR.-FRA-BERNARDIN-SOKOL.png?fit=724%2C1024&amp;ssl=1\" src=\"https:\/\/i0.wp.com\/historiografija.hr\/wp-content\/uploads\/2025\/10\/PLAKAT-4-DR.-FRA-BERNARDIN-SOKOL.png?resize=724%2C1024&#038;ssl=1\" alt=\"\" class=\"wp-image-49135\" style=\"width:416px;height:auto\" srcset=\"https:\/\/i0.wp.com\/historiografija.hr\/wp-content\/uploads\/2025\/10\/PLAKAT-4-DR.-FRA-BERNARDIN-SOKOL.png?resize=724%2C1024&amp;ssl=1 724w, https:\/\/i0.wp.com\/historiografija.hr\/wp-content\/uploads\/2025\/10\/PLAKAT-4-DR.-FRA-BERNARDIN-SOKOL.png?resize=212%2C300&amp;ssl=1 212w, https:\/\/i0.wp.com\/historiografija.hr\/wp-content\/uploads\/2025\/10\/PLAKAT-4-DR.-FRA-BERNARDIN-SOKOL.png?resize=768%2C1086&amp;ssl=1 768w, https:\/\/i0.wp.com\/historiografija.hr\/wp-content\/uploads\/2025\/10\/PLAKAT-4-DR.-FRA-BERNARDIN-SOKOL.png?resize=1086%2C1536&amp;ssl=1 1086w, https:\/\/i0.wp.com\/historiografija.hr\/wp-content\/uploads\/2025\/10\/PLAKAT-4-DR.-FRA-BERNARDIN-SOKOL.png?resize=1448%2C2048&amp;ssl=1 1448w, https:\/\/i0.wp.com\/historiografija.hr\/wp-content\/uploads\/2025\/10\/PLAKAT-4-DR.-FRA-BERNARDIN-SOKOL.png?w=1587&amp;ssl=1 1587w\" sizes=\"auto, (max-width: 724px) 100vw, 724px\" \/><\/figure>\n\n\n\n<hr class=\"wp-block-separator has-alpha-channel-opacity\"\/>\n\n\n\n<p>Izvor:<\/p>\n\n\n\n<figure class=\"wp-block-embed is-type-wp-embed is-provider-hrvatska-udruga-benedikt wp-block-embed-hrvatska-udruga-benedikt\"><div class=\"wp-block-embed__wrapper\">\n<blockquote class=\"wp-embedded-content\" data-secret=\"1pcZqADVU0\"><a href=\"https:\/\/hu-benedikt.hr\/2025\/10\/najava-prikazivanja-dokumentarnog-filma-dr-fra-bernardin-sokol-franjevac-glazbenik-i-hrvatski-mucenik\/\">Najava prikazivanja dokumentarnog filma \u201eDr. fra Bernardin Sokol \u2013 franjevac, glazbenik i hrvatski mu\u010denik\u201c<\/a><\/blockquote><iframe loading=\"lazy\" class=\"wp-embedded-content\" sandbox=\"allow-scripts\" security=\"restricted\" style=\"position: absolute; visibility: hidden;\" title=\"&#8220;Najava prikazivanja dokumentarnog filma \u201eDr. fra Bernardin Sokol \u2013 franjevac, glazbenik i hrvatski mu\u010denik\u201c&#8221; &#8212; Hrvatska udruga Benedikt\" src=\"https:\/\/hu-benedikt.hr\/2025\/10\/najava-prikazivanja-dokumentarnog-filma-dr-fra-bernardin-sokol-franjevac-glazbenik-i-hrvatski-mucenik\/embed\/#?secret=1pcZqADVU0\" data-secret=\"1pcZqADVU0\" width=\"600\" height=\"338\" frameborder=\"0\" marginwidth=\"0\" marginheight=\"0\" scrolling=\"no\"><\/iframe>\n<\/div><\/figure>\n\n\n\n<hr class=\"wp-block-separator has-alpha-channel-opacity\"\/>\n","protected":false},"excerpt":{"rendered":"","protected":false},"author":2,"featured_media":49135,"comment_status":"open","ping_status":"open","sticky":false,"template":"","format":"standard","meta":{"_acf_changed":false,"jetpack_post_was_ever_published":false,"_jetpack_newsletter_access":"","_jetpack_dont_email_post_to_subs":false,"_jetpack_newsletter_tier_id":0,"_jetpack_memberships_contains_paywalled_content":false,"_jetpack_memberships_contains_paid_content":false,"footnotes":"","jetpack_publicize_message":"","jetpack_publicize_feature_enabled":true,"jetpack_social_post_already_shared":true,"jetpack_social_options":{"image_generator_settings":{"template":"highway","default_image_id":0,"font":"","enabled":false},"version":2}},"categories":[13,3],"tags":[],"class_list":["post-49134","post","type-post","status-publish","format-standard","has-post-thumbnail","hentry","category-filmovi-i-serije","category-novosti"],"acf":{"facebook_opis":""},"jetpack_publicize_connections":[],"jetpack_featured_media_url":"https:\/\/i0.wp.com\/historiografija.hr\/wp-content\/uploads\/2025\/10\/PLAKAT-4-DR.-FRA-BERNARDIN-SOKOL.png?fit=1587%2C2245&ssl=1","jetpack_sharing_enabled":true,"jetpack-related-posts":[],"_links":{"self":[{"href":"https:\/\/historiografija.hr\/index.php?rest_route=\/wp\/v2\/posts\/49134","targetHints":{"allow":["GET"]}}],"collection":[{"href":"https:\/\/historiografija.hr\/index.php?rest_route=\/wp\/v2\/posts"}],"about":[{"href":"https:\/\/historiografija.hr\/index.php?rest_route=\/wp\/v2\/types\/post"}],"author":[{"embeddable":true,"href":"https:\/\/historiografija.hr\/index.php?rest_route=\/wp\/v2\/users\/2"}],"replies":[{"embeddable":true,"href":"https:\/\/historiografija.hr\/index.php?rest_route=%2Fwp%2Fv2%2Fcomments&post=49134"}],"version-history":[{"count":3,"href":"https:\/\/historiografija.hr\/index.php?rest_route=\/wp\/v2\/posts\/49134\/revisions"}],"predecessor-version":[{"id":49138,"href":"https:\/\/historiografija.hr\/index.php?rest_route=\/wp\/v2\/posts\/49134\/revisions\/49138"}],"wp:featuredmedia":[{"embeddable":true,"href":"https:\/\/historiografija.hr\/index.php?rest_route=\/wp\/v2\/media\/49135"}],"wp:attachment":[{"href":"https:\/\/historiografija.hr\/index.php?rest_route=%2Fwp%2Fv2%2Fmedia&parent=49134"}],"wp:term":[{"taxonomy":"category","embeddable":true,"href":"https:\/\/historiografija.hr\/index.php?rest_route=%2Fwp%2Fv2%2Fcategories&post=49134"},{"taxonomy":"post_tag","embeddable":true,"href":"https:\/\/historiografija.hr\/index.php?rest_route=%2Fwp%2Fv2%2Ftags&post=49134"}],"curies":[{"name":"wp","href":"https:\/\/api.w.org\/{rel}","templated":true}]}}