{"id":49129,"date":"2025-10-27T22:05:49","date_gmt":"2025-10-27T22:05:49","guid":{"rendered":"https:\/\/historiografija.hr\/?p=49129"},"modified":"2025-10-27T22:07:10","modified_gmt":"2025-10-27T22:07:10","slug":"predstavljanje-publikacije-vinka-tadica-manastir-orahovica-u-proslosti-i-sadasnjosti","status":"publish","type":"post","link":"https:\/\/historiografija.hr\/?p=49129","title":{"rendered":"Predstavljanje publikacije Vinka Tadi\u0107a \u201eManastir Orahovica u pro\u0161losti i sada\u0161njosti\u201c"},"content":{"rendered":"\n<p>U utorak, <strong>28. listopada 2025. godine<\/strong>, u <strong>18 sati<\/strong> na <strong>Galeriji svjetlosti&nbsp;Gradske knji\u017enice Po\u017eega <\/strong>odr\u017eat \u0107e se predstavljanje publikacije profesora <strong>Vinka Tadi\u0107a<\/strong> <strong><em>Manastir Orahovica u pro\u0161losti i sada\u0161njosti<\/em><\/strong>. Organizatori programa su Institut za istra\u017eivanje migracija, Povijesno dru\u0161tvo Po\u017eega, Parohija po\u017ee\u0161ka i SKD \u201cProsvjeta\u201d \u2013 pododbor Po\u017eega. O publikaciji \u0107e govoriti recenzenti dr. sc. Filip \u0160kiljan, znanstveni savjetnik i prof. dr. sc. Aleksandra Ku\u010dekovi\u0107. Arhimandrit Pavle Radusinovi\u0107, igumanmanastira Ortahovice, govorit \u0107e o \u017eivotu monaha i o smislu mona\u0161tva, a tom \u0107e prigodom nastupiti zbor crkve Preobra\u017eenja Gospodnjeg iz Zagreba.<\/p>\n\n\n\n<hr class=\"wp-block-separator has-alpha-channel-opacity\"\/>\n\n\n\n<p>Izvor:<\/p>\n\n\n\n<figure class=\"wp-block-embed is-type-wp-embed is-provider-gradska-knji-nica-po-ega wp-block-embed-gradska-knji-nica-po-ega\"><div class=\"wp-block-embed__wrapper\">\n<blockquote class=\"wp-embedded-content\" data-secret=\"X6LIAlMGNH\"><a href=\"https:\/\/gkpz.hr\/dogadaji\/manastir-orahovica-u-proslosti-i-sadasnjosti-%e2%80%95-predstavljanje-publikacije-vinka-tadica\/\">Manastir Orahovica u pro\u0161losti i sada\u0161njosti  \u2015 predstavljanje publikacije Vinka Tadi\u0107a<\/a><\/blockquote><iframe loading=\"lazy\" class=\"wp-embedded-content\" sandbox=\"allow-scripts\" security=\"restricted\" style=\"position: absolute; visibility: hidden;\" title=\"&#8220;Manastir Orahovica u pro\u0161losti i sada\u0161njosti  \u2015 predstavljanje publikacije Vinka Tadi\u0107a&#8221; &#8212; Gradska knji\u017enica Po\u017eega\" src=\"https:\/\/gkpz.hr\/dogadaji\/manastir-orahovica-u-proslosti-i-sadasnjosti-%e2%80%95-predstavljanje-publikacije-vinka-tadica\/embed\/#?secret=2PMTqM1ngv#?secret=X6LIAlMGNH\" data-secret=\"X6LIAlMGNH\" width=\"600\" height=\"338\" frameborder=\"0\" marginwidth=\"0\" marginheight=\"0\" scrolling=\"no\"><\/iframe>\n<\/div><\/figure>\n\n\n\n<hr class=\"wp-block-separator has-alpha-channel-opacity\"\/>\n","protected":false},"excerpt":{"rendered":"","protected":false},"author":2,"featured_media":49133,"comment_status":"open","ping_status":"open","sticky":false,"template":"","format":"standard","meta":{"_acf_changed":false,"jetpack_post_was_ever_published":false,"_jetpack_newsletter_access":"","_jetpack_dont_email_post_to_subs":false,"_jetpack_newsletter_tier_id":0,"_jetpack_memberships_contains_paywalled_content":false,"_jetpack_memberships_contains_paid_content":false,"footnotes":"","jetpack_publicize_message":"","jetpack_publicize_feature_enabled":true,"jetpack_social_post_already_shared":true,"jetpack_social_options":{"image_generator_settings":{"template":"highway","default_image_id":0,"font":"","enabled":false},"version":2}},"categories":[3],"tags":[],"class_list":["post-49129","post","type-post","status-publish","format-standard","has-post-thumbnail","hentry","category-novosti"],"acf":{"facebook_opis":""},"jetpack_publicize_connections":[],"jetpack_featured_media_url":"https:\/\/i0.wp.com\/historiografija.hr\/wp-content\/uploads\/2025\/10\/Pozivnica_Manastir.jpg?fit=1131%2C726&ssl=1","jetpack_sharing_enabled":true,"jetpack-related-posts":[],"_links":{"self":[{"href":"https:\/\/historiografija.hr\/index.php?rest_route=\/wp\/v2\/posts\/49129","targetHints":{"allow":["GET"]}}],"collection":[{"href":"https:\/\/historiografija.hr\/index.php?rest_route=\/wp\/v2\/posts"}],"about":[{"href":"https:\/\/historiografija.hr\/index.php?rest_route=\/wp\/v2\/types\/post"}],"author":[{"embeddable":true,"href":"https:\/\/historiografija.hr\/index.php?rest_route=\/wp\/v2\/users\/2"}],"replies":[{"embeddable":true,"href":"https:\/\/historiografija.hr\/index.php?rest_route=%2Fwp%2Fv2%2Fcomments&post=49129"}],"version-history":[{"count":2,"href":"https:\/\/historiografija.hr\/index.php?rest_route=\/wp\/v2\/posts\/49129\/revisions"}],"predecessor-version":[{"id":49132,"href":"https:\/\/historiografija.hr\/index.php?rest_route=\/wp\/v2\/posts\/49129\/revisions\/49132"}],"wp:featuredmedia":[{"embeddable":true,"href":"https:\/\/historiografija.hr\/index.php?rest_route=\/wp\/v2\/media\/49133"}],"wp:attachment":[{"href":"https:\/\/historiografija.hr\/index.php?rest_route=%2Fwp%2Fv2%2Fmedia&parent=49129"}],"wp:term":[{"taxonomy":"category","embeddable":true,"href":"https:\/\/historiografija.hr\/index.php?rest_route=%2Fwp%2Fv2%2Fcategories&post=49129"},{"taxonomy":"post_tag","embeddable":true,"href":"https:\/\/historiografija.hr\/index.php?rest_route=%2Fwp%2Fv2%2Ftags&post=49129"}],"curies":[{"name":"wp","href":"https:\/\/api.w.org\/{rel}","templated":true}]}}