{"id":49116,"date":"2025-10-24T21:22:18","date_gmt":"2025-10-24T21:22:18","guid":{"rendered":"https:\/\/historiografija.hr\/?p=49116"},"modified":"2025-10-24T21:22:18","modified_gmt":"2025-10-24T21:22:18","slug":"predstavljanje-zbornika-radova-franjevci-bosne-srebrene-i-skolstvo-od-pocetaka-do-kraja-20-stoljeca-u-povodu-200-godina-osnutka-prve-pucke-skole-u-tolisi-1823","status":"publish","type":"post","link":"https:\/\/historiografija.hr\/?p=49116","title":{"rendered":"Predstavljanje Zbornika radova \u201eFranjevci Bosne Srebrene i \u0161kolstvo od po\u010detaka do kraja 20. stolje\u0107a \u2013 u povodu 200 godina osnutka prve pu\u010dke \u0161kole u Tolisi 1823.\u201c"},"content":{"rendered":"\n<p>U Franjeva\u010dkom samostanu u Tolisi (Bosna i Hercegovina) 29. listopada 2025. u 18 sati odr\u017eat \u0107e se predstavljanje Zbornika radova <em>Franjevci Bosne Srebrene i \u0161kolstvo od po\u010detaka do kraja 20. stolje\u0107a \u2013 u povodu 200 godina osnutka prve pu\u010dke \u0161kole u Tolisi 1823.<\/em>, tiskanog u suizdava\u0161tvu Franjeva\u010dkog samostana u Tolisi, Franjeva\u010dke provincije Bosne Srebrene, Hrvatske akademije znanosti i umjetnosti \u2013 Zavoda za povijesne znanosti u Zadru, Hrvatskog instituta za povijest, Franjeva\u010dke teologije Sarajevo, (gl. ur. Tado Or\u0161oli\u0107), Tolisa \u2013 Zagreb, 2025.<\/p>\n\n\n\n<p>Zbornik \u0107e predstaviti: dr. sc. Robert Skenderovi\u0107, dr. sc. Dinko \u017dupan i prof. dr. sc. Tado Or\u0161oli\u0107 (glavni urednik).<\/p>\n\n\n\n<p>U organizaciji Franjeva\u010dke provincije Bosne Srebrene, Hrvatske akademije znanosti i umjetnosti \u2013 Zavoda za povijesne znanosti u Zadru, Hrvatskog instituta za povijest, Hrvatskog instituta za povijest \u2013 Podru\u017enice za povijest Slavonije, Srijema i Baranje, Sveu\u010dili\u0161ta u Mostaru, Franjeva\u010dke teologije Sarajevo i Franjeva\u010dkog samostana u Tolisi, 13. listopada 2023. u Franjeva\u010dkom samostanu u Tolisi odr\u017ean je me\u0111unarodni znanstveni skup <em>Franjevci Bosne Srebrene i \u0161kolstvo od po\u010detaka do kraja 20. stolje\u0107a \u2013 u povodu 200 godina osnutka prve pu\u010dke \u0161kole u Tolisi 1823. godine<\/em>. Povod odr\u017eavanja znanstvenog skupa bio je obilje\u017eavanje jubilarne dvjestote godi\u0161njice osnivanja i rada prve pu\u010dke \u0161kole u Tolisi 1823. i uop\u0107e u Bosni i Hercegovini, a koju je utemeljio fra Ilija Star\u010devi\u0107. Kao rezultat tog znanstvenog skupa nastao je istoimeni Zbornik radova u kojemu je objavljeno jedanaest znanstvenih radova. Interdisciplinarnim pristupom primarno su obra\u0111ene teme koje se odnose na djelatnost franjevaca vezanu za pu\u010dko i vi\u0161e \u0161kolstvo kroz \u010ditavo razdoblje njihovog djelovanja u Bosni i Hercegovini i u Hrvatskoj odnosno Slavoniji.<\/p>\n\n\n\n<p>Prilo\u017eeni radovi u Zborniku radova prikazuju ulogu i djelovanje franjevaca Bosne Srebrene kroz slo\u017eene dru\u0161tveno-kulturne prilike za vrijeme osmanske uprave u Bosni i Hercegovini, i Slavoniji do sredine 18. st. (kada je osnovna nova Provincija), pa sve do suvremene povijesti 20. stolje\u0107a, govore o njihovoj ulozi u opismenjavanju katoli\u010dkog puka, osnivanju i radu pu\u010dkih \u0161kola ali prikazuju i rad na polju njihova vlastitog obrazovanja i borbi za opstanak franjeva\u010dke gimnazije i bogoslovije.<\/p>\n\n\n\n<hr class=\"wp-block-separator has-alpha-channel-opacity\"\/>\n\n\n\n<p>Izvor:<\/p>\n\n\n\n<figure class=\"wp-block-embed is-type-wp-embed is-provider-hazu wp-block-embed-hazu\"><div class=\"wp-block-embed__wrapper\">\n<blockquote class=\"wp-embedded-content\" data-secret=\"YSqEZTS4OT\"><a href=\"https:\/\/www.info.hazu.hr\/events\/predstavljanje-zbornika-radova-franjevci-bosne-srebrene-i-skolstvo-od-pocetaka-do-kraja-20-stoljeca-u-povodu-200-godina-osnutka-prve-pucke-skole-u-tolisi-1823\/\">Predstavljanje Zbornika radova Franjevci Bosne Srebrene i \u0161kolstvo od po\u010detaka do kraja 20. stolje\u0107a \u2013 u povodu 200 godina osnutka prve pu\u010dke \u0161kole u Tolisi 1823.<\/a><\/blockquote><iframe loading=\"lazy\" class=\"wp-embedded-content\" sandbox=\"allow-scripts\" security=\"restricted\" style=\"position: absolute; visibility: hidden;\" title=\"&#8220;Predstavljanje Zbornika radova Franjevci Bosne Srebrene i \u0161kolstvo od po\u010detaka do kraja 20. stolje\u0107a \u2013 u povodu 200 godina osnutka prve pu\u010dke \u0161kole u Tolisi 1823.&#8221; &#8212; HAZU\" src=\"https:\/\/www.info.hazu.hr\/events\/predstavljanje-zbornika-radova-franjevci-bosne-srebrene-i-skolstvo-od-pocetaka-do-kraja-20-stoljeca-u-povodu-200-godina-osnutka-prve-pucke-skole-u-tolisi-1823\/embed\/#?secret=YSqEZTS4OT\" data-secret=\"YSqEZTS4OT\" width=\"600\" height=\"338\" frameborder=\"0\" marginwidth=\"0\" marginheight=\"0\" scrolling=\"no\"><\/iframe>\n<\/div><\/figure>\n\n\n\n<hr class=\"wp-block-separator has-alpha-channel-opacity\"\/>\n","protected":false},"excerpt":{"rendered":"","protected":false},"author":2,"featured_media":49117,"comment_status":"open","ping_status":"open","sticky":false,"template":"","format":"standard","meta":{"_acf_changed":false,"jetpack_post_was_ever_published":false,"_jetpack_newsletter_access":"","_jetpack_dont_email_post_to_subs":false,"_jetpack_newsletter_tier_id":0,"_jetpack_memberships_contains_paywalled_content":false,"_jetpack_memberships_contains_paid_content":false,"footnotes":"","jetpack_publicize_message":"","jetpack_publicize_feature_enabled":true,"jetpack_social_post_already_shared":true,"jetpack_social_options":{"image_generator_settings":{"template":"highway","default_image_id":0,"font":"","enabled":false},"version":2}},"categories":[3],"tags":[],"class_list":["post-49116","post","type-post","status-publish","format-standard","has-post-thumbnail","hentry","category-novosti"],"acf":{"facebook_opis":""},"jetpack_publicize_connections":[],"jetpack_featured_media_url":"https:\/\/i0.wp.com\/historiografija.hr\/wp-content\/uploads\/2025\/10\/Tolisa.jpg?fit=450%2C247&ssl=1","jetpack_sharing_enabled":true,"jetpack-related-posts":[],"_links":{"self":[{"href":"https:\/\/historiografija.hr\/index.php?rest_route=\/wp\/v2\/posts\/49116","targetHints":{"allow":["GET"]}}],"collection":[{"href":"https:\/\/historiografija.hr\/index.php?rest_route=\/wp\/v2\/posts"}],"about":[{"href":"https:\/\/historiografija.hr\/index.php?rest_route=\/wp\/v2\/types\/post"}],"author":[{"embeddable":true,"href":"https:\/\/historiografija.hr\/index.php?rest_route=\/wp\/v2\/users\/2"}],"replies":[{"embeddable":true,"href":"https:\/\/historiografija.hr\/index.php?rest_route=%2Fwp%2Fv2%2Fcomments&post=49116"}],"version-history":[{"count":1,"href":"https:\/\/historiografija.hr\/index.php?rest_route=\/wp\/v2\/posts\/49116\/revisions"}],"predecessor-version":[{"id":49118,"href":"https:\/\/historiografija.hr\/index.php?rest_route=\/wp\/v2\/posts\/49116\/revisions\/49118"}],"wp:featuredmedia":[{"embeddable":true,"href":"https:\/\/historiografija.hr\/index.php?rest_route=\/wp\/v2\/media\/49117"}],"wp:attachment":[{"href":"https:\/\/historiografija.hr\/index.php?rest_route=%2Fwp%2Fv2%2Fmedia&parent=49116"}],"wp:term":[{"taxonomy":"category","embeddable":true,"href":"https:\/\/historiografija.hr\/index.php?rest_route=%2Fwp%2Fv2%2Fcategories&post=49116"},{"taxonomy":"post_tag","embeddable":true,"href":"https:\/\/historiografija.hr\/index.php?rest_route=%2Fwp%2Fv2%2Ftags&post=49116"}],"curies":[{"name":"wp","href":"https:\/\/api.w.org\/{rel}","templated":true}]}}