{"id":49110,"date":"2025-10-24T21:14:48","date_gmt":"2025-10-24T21:14:48","guid":{"rendered":"https:\/\/historiografija.hr\/?p=49110"},"modified":"2025-10-27T11:43:05","modified_gmt":"2025-10-27T11:43:05","slug":"serija-predavanja-povodom-1100-godina-hrvatskoga-kraljevstva","status":"publish","type":"post","link":"https:\/\/historiografija.hr\/?p=49110","title":{"rendered":"Serija predavanja povodom 1100 godina Hrvatskoga Kraljevstva"},"content":{"rendered":"\n<p>Povijesna udruga Moslavina, Muzej Moslavine Kutina i Knji\u017enica i \u010ditaonica Popova\u010da, s iznimnim zadovoljstvom, pozivaju vas na niz predavanja o prvom hrvatskom kralju. Predavanja \u0107e odr\u017eati dr. sc. Silvija Pisk, dr. sc. Ivica Prlender i dr. sc. Bruna Kunti\u0107-Makvi\u0107.<\/p>\n\n\n\n<hr class=\"wp-block-separator has-alpha-channel-opacity\"\/>\n\n\n\n<div data-wp-interactive=\"core\/file\" class=\"wp-block-file\"><object data-wp-bind--hidden=\"!state.hasPdfPreview\" hidden class=\"wp-block-file__embed\" data=\"https:\/\/historiografija.hr\/wp-content\/uploads\/2025\/10\/ZIVIO-KRALJ-TOMISLAV-skupni.pdf\" type=\"application\/pdf\" style=\"width:100%;height:600px\" aria-label=\"Ugra\u0111eno \u017dIVIO KRALJ TOMISLAV! skupni.\"><\/object><a id=\"wp-block-file--media-52927545-20d4-4a29-b459-e493ca35095b\" href=\"https:\/\/historiografija.hr\/wp-content\/uploads\/2025\/10\/ZIVIO-KRALJ-TOMISLAV-skupni.pdf\">\u017dIVIO KRALJ TOMISLAV! skupni<\/a><a href=\"https:\/\/historiografija.hr\/wp-content\/uploads\/2025\/10\/ZIVIO-KRALJ-TOMISLAV-skupni.pdf\" class=\"wp-block-file__button wp-element-button\" download aria-describedby=\"wp-block-file--media-52927545-20d4-4a29-b459-e493ca35095b\">Preuzmi<\/a><\/div>\n\n\n\n<hr class=\"wp-block-separator has-alpha-channel-opacity\"\/>\n\n\n\n<p>Dodatne obavijesti:<\/p>\n\n\n\n<figure class=\"wp-block-embed is-type-wp-embed is-provider-muzej-moslavine-kutina wp-block-embed-muzej-moslavine-kutina\"><div class=\"wp-block-embed__wrapper\">\n<blockquote class=\"wp-embedded-content\" data-secret=\"OHGB0sQhGI\"><a href=\"https:\/\/muzej-moslavine.hr\/2025\/10\/23\/obiljezavanje-1100-obljetnice-hrvatskog-kraljevstva\/\">Obilje\u017eavanje 1100. obljetnice Hrvatskog kraljevstva<\/a><\/blockquote><iframe loading=\"lazy\" class=\"wp-embedded-content\" sandbox=\"allow-scripts\" security=\"restricted\" style=\"position: absolute; visibility: hidden;\" title=\"&#8220;Obilje\u017eavanje 1100. obljetnice Hrvatskog kraljevstva&#8221; &#8212; Muzej Moslavine Kutina\" src=\"https:\/\/muzej-moslavine.hr\/2025\/10\/23\/obiljezavanje-1100-obljetnice-hrvatskog-kraljevstva\/embed\/#?secret=5CsGE1TNcB#?secret=OHGB0sQhGI\" data-secret=\"OHGB0sQhGI\" width=\"600\" height=\"338\" frameborder=\"0\" marginwidth=\"0\" marginheight=\"0\" scrolling=\"no\"><\/iframe>\n<\/div><\/figure>\n\n\n\n<hr class=\"wp-block-separator has-alpha-channel-opacity\"\/>\n","protected":false},"excerpt":{"rendered":"","protected":false},"author":2,"featured_media":49111,"comment_status":"open","ping_status":"open","sticky":false,"template":"","format":"standard","meta":{"_acf_changed":false,"jetpack_post_was_ever_published":false,"_jetpack_newsletter_access":"","_jetpack_dont_email_post_to_subs":false,"_jetpack_newsletter_tier_id":0,"_jetpack_memberships_contains_paywalled_content":false,"_jetpack_memberships_contains_paid_content":false,"footnotes":"","jetpack_publicize_message":"","jetpack_publicize_feature_enabled":true,"jetpack_social_post_already_shared":true,"jetpack_social_options":{"image_generator_settings":{"template":"highway","default_image_id":0,"font":"","enabled":false},"version":2}},"categories":[3],"tags":[],"class_list":["post-49110","post","type-post","status-publish","format-standard","has-post-thumbnail","hentry","category-novosti"],"acf":{"facebook_opis":""},"jetpack_publicize_connections":[],"jetpack_featured_media_url":"https:\/\/i0.wp.com\/historiografija.hr\/wp-content\/uploads\/2025\/10\/Moslavina.jpg?fit=723%2C443&ssl=1","jetpack_sharing_enabled":true,"jetpack-related-posts":[],"_links":{"self":[{"href":"https:\/\/historiografija.hr\/index.php?rest_route=\/wp\/v2\/posts\/49110","targetHints":{"allow":["GET"]}}],"collection":[{"href":"https:\/\/historiografija.hr\/index.php?rest_route=\/wp\/v2\/posts"}],"about":[{"href":"https:\/\/historiografija.hr\/index.php?rest_route=\/wp\/v2\/types\/post"}],"author":[{"embeddable":true,"href":"https:\/\/historiografija.hr\/index.php?rest_route=\/wp\/v2\/users\/2"}],"replies":[{"embeddable":true,"href":"https:\/\/historiografija.hr\/index.php?rest_route=%2Fwp%2Fv2%2Fcomments&post=49110"}],"version-history":[{"count":5,"href":"https:\/\/historiografija.hr\/index.php?rest_route=\/wp\/v2\/posts\/49110\/revisions"}],"predecessor-version":[{"id":49125,"href":"https:\/\/historiografija.hr\/index.php?rest_route=\/wp\/v2\/posts\/49110\/revisions\/49125"}],"wp:featuredmedia":[{"embeddable":true,"href":"https:\/\/historiografija.hr\/index.php?rest_route=\/wp\/v2\/media\/49111"}],"wp:attachment":[{"href":"https:\/\/historiografija.hr\/index.php?rest_route=%2Fwp%2Fv2%2Fmedia&parent=49110"}],"wp:term":[{"taxonomy":"category","embeddable":true,"href":"https:\/\/historiografija.hr\/index.php?rest_route=%2Fwp%2Fv2%2Fcategories&post=49110"},{"taxonomy":"post_tag","embeddable":true,"href":"https:\/\/historiografija.hr\/index.php?rest_route=%2Fwp%2Fv2%2Ftags&post=49110"}],"curies":[{"name":"wp","href":"https:\/\/api.w.org\/{rel}","templated":true}]}}