{"id":49081,"date":"2025-10-23T20:46:26","date_gmt":"2025-10-23T20:46:26","guid":{"rendered":"https:\/\/historiografija.hr\/?p=49081"},"modified":"2025-10-23T20:46:26","modified_gmt":"2025-10-23T20:46:26","slug":"promocija-zbornika-od-sclavoniae-do-slavonije-pojam-opseg-i-granicni-polozaj-u-srednjem-i-ranom-novom-vijeku-u-dakovu","status":"publish","type":"post","link":"https:\/\/historiografija.hr\/?p=49081","title":{"rendered":"Promocija zbornika \u201eOD \u2018SCLAVONIAE\u2019 DO SLAVONIJE. POJAM, OPSEG I GRANI\u010cNI POLO\u017dAJ U SREDNJEM I RANOM NOVOM VIJEKU\u201c u \u0110akovu"},"content":{"rendered":"\n<p>U petak 24. listopada 2025. u Muzej \u0110akov\u0161tine dolaze djelatnici Hrvatskog instituta za povijest iz Podru\u017enice za povijest Slavonije, Srijema i Baranje.<\/p>\n\n\n\n<p>Povod njihova dolaska je promocija zbornika&nbsp;<strong>\u201eOD \u2018SCLAVONIAE\u2019 DO SLAVONIJE. POJAM, OPSEG I GRANI\u010cNI POLO\u017dAJ U SREDNJEM I RANOM NOVOM VIJEKU\u201c<\/strong>.<\/p>\n\n\n\n<p>Zbornik \u0107e promovirati urednici zbornika&nbsp;<strong>dr. sc. Robert Skenderovi\u0107<\/strong>&nbsp;i&nbsp;<strong>dr. sc. Milan Vrbanus<\/strong>.&nbsp; Osim navedenog zbornika za prodaju po promotivnim cijenama bit \u0107e izlo\u017eena recentna izdanja.<\/p>\n\n\n\n<p>Iz Muzeja pozivaju sve ljubitelje povijesti, istra\u017eiva\u010de, kolekcionare publikacija, te sve znati\u017eeljnike koji \u017eele pro\u0161iriti svoje znanje o bogatoj pro\u0161losti Slavonije, Baranje i Srijema da im se pridru\u017ee i iskoristite priliku za razgovor s autorima, te nabavu vrijednih izdanja po&nbsp;<strong>promotivnim cijenama<\/strong>.<\/p>\n\n\n\n<hr class=\"wp-block-separator has-alpha-channel-opacity\"\/>\n\n\n\n<p>Izvor:<\/p>\n\n\n\n<p><a href=\"https:\/\/moje-djakovo.com\">https:\/\/moje-djakovo.com<\/a><\/p>\n\n\n\n<hr class=\"wp-block-separator has-alpha-channel-opacity\"\/>\n","protected":false},"excerpt":{"rendered":"","protected":false},"author":2,"featured_media":49082,"comment_status":"open","ping_status":"open","sticky":false,"template":"","format":"standard","meta":{"_acf_changed":false,"jetpack_post_was_ever_published":false,"_jetpack_newsletter_access":"","_jetpack_dont_email_post_to_subs":false,"_jetpack_newsletter_tier_id":0,"_jetpack_memberships_contains_paywalled_content":false,"_jetpack_memberships_contains_paid_content":false,"footnotes":"","jetpack_publicize_message":"","jetpack_publicize_feature_enabled":true,"jetpack_social_post_already_shared":true,"jetpack_social_options":{"image_generator_settings":{"template":"highway","default_image_id":0,"font":"","enabled":false},"version":2}},"categories":[3],"tags":[],"class_list":["post-49081","post","type-post","status-publish","format-standard","has-post-thumbnail","hentry","category-novosti"],"acf":{"facebook_opis":""},"jetpack_publicize_connections":[],"jetpack_featured_media_url":"https:\/\/i0.wp.com\/historiografija.hr\/wp-content\/uploads\/2025\/10\/Muzej-Dakovstine_Foto_Grad-Dakovo.png?fit=900%2C600&ssl=1","jetpack_sharing_enabled":true,"jetpack-related-posts":[],"_links":{"self":[{"href":"https:\/\/historiografija.hr\/index.php?rest_route=\/wp\/v2\/posts\/49081","targetHints":{"allow":["GET"]}}],"collection":[{"href":"https:\/\/historiografija.hr\/index.php?rest_route=\/wp\/v2\/posts"}],"about":[{"href":"https:\/\/historiografija.hr\/index.php?rest_route=\/wp\/v2\/types\/post"}],"author":[{"embeddable":true,"href":"https:\/\/historiografija.hr\/index.php?rest_route=\/wp\/v2\/users\/2"}],"replies":[{"embeddable":true,"href":"https:\/\/historiografija.hr\/index.php?rest_route=%2Fwp%2Fv2%2Fcomments&post=49081"}],"version-history":[{"count":1,"href":"https:\/\/historiografija.hr\/index.php?rest_route=\/wp\/v2\/posts\/49081\/revisions"}],"predecessor-version":[{"id":49083,"href":"https:\/\/historiografija.hr\/index.php?rest_route=\/wp\/v2\/posts\/49081\/revisions\/49083"}],"wp:featuredmedia":[{"embeddable":true,"href":"https:\/\/historiografija.hr\/index.php?rest_route=\/wp\/v2\/media\/49082"}],"wp:attachment":[{"href":"https:\/\/historiografija.hr\/index.php?rest_route=%2Fwp%2Fv2%2Fmedia&parent=49081"}],"wp:term":[{"taxonomy":"category","embeddable":true,"href":"https:\/\/historiografija.hr\/index.php?rest_route=%2Fwp%2Fv2%2Fcategories&post=49081"},{"taxonomy":"post_tag","embeddable":true,"href":"https:\/\/historiografija.hr\/index.php?rest_route=%2Fwp%2Fv2%2Ftags&post=49081"}],"curies":[{"name":"wp","href":"https:\/\/api.w.org\/{rel}","templated":true}]}}