{"id":49053,"date":"2025-10-21T21:37:16","date_gmt":"2025-10-21T21:37:16","guid":{"rendered":"https:\/\/historiografija.hr\/?p=49053"},"modified":"2025-10-21T21:37:16","modified_gmt":"2025-10-21T21:37:16","slug":"predavanje-inge-vilogorac-brcic-anubofori-maskirani-sluzbenici-egipatskih-kultova","status":"publish","type":"post","link":"https:\/\/historiografija.hr\/?p=49053","title":{"rendered":"Predavanje Inge Vilogorac Br\u010di\u0107 \u201eAnubofori \u2013 Maskirani slu\u017ebenici egipatskih kultova\u201c"},"content":{"rendered":"\n<p>Pridru\u017eite nam se na predavanju kojim zapo\u010dinje serija od 12 znanstveno-popularnih predavanja na temu rimske religije odnosno fuzije raznih rimskodobnih kultova uz izlo\u017ebu Bo\u017eica i konjanici 2 \u2013 Sinteza fuzije.<\/p>\n\n\n\n<p><strong>Inga Vilogorac Br\u010di\u0107: Anubofori \u2013 Maskirani slu\u017ebenici egipatskih kultova<\/strong><\/p>\n\n\n\n<p><strong>U \u010detvrtak, 23. listopada 2025. u 19 sati<\/strong><\/p>\n\n\n\n<p><strong>Arheolo\u0161ki muzej u Zagrebu, Sve\u010dana dvorana 1. kat<\/strong><\/p>\n\n\n\n<p>Sudjelovanje na predavanjima je besplatno ali je zbog ograni\u010denog broja mjesta potrebna prethodna najava na mail <a href=\"mailto:odomiter@amz.hr\">odomiter@amz.hr<\/a>.<\/p>\n\n\n\n<p>Predavanje je dostupno <em>online<\/em> putem Zoom platforme putem poveznice:<\/p>\n\n\n\n<p><a href=\"https:\/\/us06web.zoom.us\/j\/81856815230?pwd=xNDhrfaub638D066yhWcdpUdbRwC9R.1\">https:\/\/us06web.zoom.us\/j\/81856815230?pwd=xNDhrfaub638D066yhWcdpUdbRwC9R.1<\/a><\/p>\n\n\n\n<p>Meeting ID: 818 5681 5230<br>Passcode: 433472<\/p>\n\n\n\n<p>Predava\u010d: Inga Vilogorac Br\u010di\u0107, Odsjek za povijest Filozofskog fakulteta Sveu\u010dili\u0161ta u Zagrebu<\/p>\n\n\n\n<p>Anubofori su bili rimski slu\u017ebenici egipatskih kultova koji su na glavi nosili masku \u0161akala \u2013 simbol boga Anubisa. Predvodili su tradicionalnu povorku bogova tijekom Izidine svetkovine, budu\u0107i da se Anubis \u0161tovao kao posrednik izme\u0111u \u017eivota i smrti, vodi\u010d koji prati pokojnika u vje\u010dnost. Lica obojanog u crno i zlatno kora\u010dali su nose\u0107i glasni\u010dki \u0161tap, kaducej, u lijevoj, a palminu granu u desnoj ruci. Literarni izvori me\u0111u ostalim navode da su rimski carevi Pescenije Niger, Komod i Karakala nosili Anubisove maske, a najslikovitija je pri\u010da o konjaniku Deciju Mundu koji je preru\u0161en u anubofora uspio obljubiti matronu Paulinu.<\/p>\n\n\n\n<p>Iako su sa\u010duvani mnogi rimski kipovi, reljefi te freske iz rimskoga carskog razdoblja s prikazima antropomorfnog i kinokefalnog boga Anubisa, malo je spomenika koji pouzdano nose likovne prikaze anubofora. Jedan od njih na\u0111en je upravo na hrvatskome povijesnom prostoru, u Sisku. Oltar anubofora Publija Antonina, koji je posvetio Uzvi\u0161enoj Izidi, dragocjen je dokaz da su se u anti\u010dkoj Sisciji odr\u017eavale svetkovine egipatskih bogova, a to podrazumijeva i njihovo sveto mjesto, kultne slu\u017ebenike, obrede te zna\u010dajnu zajednicu \u0161tovatelja.<\/p>\n\n\n\n<hr class=\"wp-block-separator has-alpha-channel-opacity\"\/>\n\n\n\n<p><a href=\"https:\/\/www.amz.hr\/hr\/izlozbe\/izlozba-bozica-i-konjanici-2-sinteza-fuzije\/\">Izlo\u017eba Bo\u017eica i konjanici 2 &#8211; Sinteza fuzije<\/a><\/p>\n\n\n\n<p>Izlo\u017eba nastala u suradnji s Gradskim muzejim Vinkovci donosi nova saznanja o Kultu podunavskih konjanika te istra\u017euje procese sinkretizma i fuzije kultova u rimskome razdoblju.<\/p>\n\n\n\n<p>Otvorena je u Arheolo\u0161kom muzeju u Zagrebu do 23. studenoga 2025. godine.<\/p>\n\n\n\n<hr class=\"wp-block-separator has-alpha-channel-opacity\"\/>\n\n\n\n<p>Izvor:<\/p>\n\n\n\n<p><a href=\"https:\/\/www.amz.hr\/hr\/dogadanja\/serija-predavanja-uz-izlozbu-bozica-i-konjanici-2-sinteza-fuzije\/inga-vilogorac-brcic-anubofori-maskirani-sluzbenici-egipatskih-kultova\">https:\/\/www.amz.hr\/hr\/dogadanja\/serija-predavanja-uz-izlozbu-bozica-i-konjanici-2-sinteza-fuzije\/inga-vilogorac-brcic-anubofori-maskirani-sluzbenici-egipatskih-kultova<\/a><\/p>\n\n\n\n<hr class=\"wp-block-separator has-alpha-channel-opacity\"\/>\n","protected":false},"excerpt":{"rendered":"","protected":false},"author":2,"featured_media":49054,"comment_status":"open","ping_status":"open","sticky":false,"template":"","format":"standard","meta":{"_acf_changed":false,"jetpack_post_was_ever_published":false,"_jetpack_newsletter_access":"","_jetpack_dont_email_post_to_subs":false,"_jetpack_newsletter_tier_id":0,"_jetpack_memberships_contains_paywalled_content":false,"_jetpack_memberships_contains_paid_content":false,"footnotes":"","jetpack_publicize_message":"","jetpack_publicize_feature_enabled":true,"jetpack_social_post_already_shared":true,"jetpack_social_options":{"image_generator_settings":{"template":"highway","default_image_id":0,"font":"","enabled":false},"version":2}},"categories":[3],"tags":[],"class_list":["post-49053","post","type-post","status-publish","format-standard","has-post-thumbnail","hentry","category-novosti"],"acf":{"facebook_opis":""},"jetpack_publicize_connections":[],"jetpack_featured_media_url":"https:\/\/i0.wp.com\/historiografija.hr\/wp-content\/uploads\/2025\/10\/Predavanje_IVB.jpg?fit=2480%2C1240&ssl=1","jetpack_sharing_enabled":true,"jetpack-related-posts":[],"_links":{"self":[{"href":"https:\/\/historiografija.hr\/index.php?rest_route=\/wp\/v2\/posts\/49053","targetHints":{"allow":["GET"]}}],"collection":[{"href":"https:\/\/historiografija.hr\/index.php?rest_route=\/wp\/v2\/posts"}],"about":[{"href":"https:\/\/historiografija.hr\/index.php?rest_route=\/wp\/v2\/types\/post"}],"author":[{"embeddable":true,"href":"https:\/\/historiografija.hr\/index.php?rest_route=\/wp\/v2\/users\/2"}],"replies":[{"embeddable":true,"href":"https:\/\/historiografija.hr\/index.php?rest_route=%2Fwp%2Fv2%2Fcomments&post=49053"}],"version-history":[{"count":1,"href":"https:\/\/historiografija.hr\/index.php?rest_route=\/wp\/v2\/posts\/49053\/revisions"}],"predecessor-version":[{"id":49055,"href":"https:\/\/historiografija.hr\/index.php?rest_route=\/wp\/v2\/posts\/49053\/revisions\/49055"}],"wp:featuredmedia":[{"embeddable":true,"href":"https:\/\/historiografija.hr\/index.php?rest_route=\/wp\/v2\/media\/49054"}],"wp:attachment":[{"href":"https:\/\/historiografija.hr\/index.php?rest_route=%2Fwp%2Fv2%2Fmedia&parent=49053"}],"wp:term":[{"taxonomy":"category","embeddable":true,"href":"https:\/\/historiografija.hr\/index.php?rest_route=%2Fwp%2Fv2%2Fcategories&post=49053"},{"taxonomy":"post_tag","embeddable":true,"href":"https:\/\/historiografija.hr\/index.php?rest_route=%2Fwp%2Fv2%2Ftags&post=49053"}],"curies":[{"name":"wp","href":"https:\/\/api.w.org\/{rel}","templated":true}]}}