{"id":4902,"date":"2017-06-16T08:12:19","date_gmt":"2017-06-16T08:12:19","guid":{"rendered":"http:\/\/historiografija.hr\/?p=4902"},"modified":"2017-06-16T08:14:50","modified_gmt":"2017-06-16T08:14:50","slug":"misliti-jugoslovanski-socializem-tri-desetletja-kasneje","status":"publish","type":"post","link":"https:\/\/historiografija.hr\/?p=4902","title":{"rendered":"Misliti jugoslovanski socializem tri desetletja kasneje"},"content":{"rendered":"<p>Radionica o jugoslavenskom socijalizmu odr\u017eava se u ZRC SAZU u Ljubljani (15-16.VI.2017).<\/p>\n<p>&nbsp;<\/p>\n<p>&#8212;<\/p>\n<p>&nbsp;<\/p>\n<p>&nbsp;<\/p>\n<p><strong>In\u0161titut za kulturne in spominske \u0161tudije ZRC SAZU<\/strong><\/p>\n<p>&nbsp;<\/p>\n<p>15 June &#8211; 16 June<\/p>\n<p>&nbsp;<\/p>\n<p>ZRC SAZU<br \/>\nNovi trg 2, Ljubljana, Slovenija<\/p>\n<p>&nbsp;<\/p>\n<p>Osnovna zamisel organizatorja delavnice je skozi dvodnevne intenzivne pogovore in skozi premislek tem, s katerimi se ta hip najbolj intenzivno ukvarjamo, priti do pogleda na klju\u010dna vpra\u0161anja in dileme pri preu\u010devanju jugoslovanskega socializma. Pri tem so na\u0161i motivi posledica prepri\u010danja, da je danes, skoraj tri desetletja od konca socializma in od razpada Jugoslavije, nujna samorefleksija ter premislek aksiolo\u0161kih in paradigmatskih predpostavk, ki definirajo polje raziskav jugoslovanskega socializma. Hkrati se nam zdi nujna in neizogibna de-eksotifikacija jugoslovanskega primera in \u00bbnormalizacija\u00ab vseh dilem, dvoumnosti in napetosti, s katerimi se sre\u010dujejo raziskovalci na tem podro\u010dju. Zato bi vas radi spodbudili k razmisleku in pogovoru o formi, \u010dasovnosti, modernosti, glasu, afektu, subjektivnosti itn., ter k dialogu s klasiki kakor so Benjamin, Simmel, Bahtin, itd., ki so o teh dilemah, dvoumjih in napetosti \u017ee razmi\u0161ljali. Prav tako se nam zdi pomemben premislek ume\u0161\u010danja \u0161tudij o jugoslovanskem socializmu znotraj in v odnosu do prevladujo\u010dih pogledov na akademsko ter drugo produkcijo pripovedi o vzhodni Evropi ter politi\u010dnih in moralnih predpostavk in posledic ter produkcije, kakor tudi \u0161ir\u0161ih epistemolo\u0161kih polj kot so post-kolonijalne \u0161tudije, globalni Jug ipd.<\/p>\n<p>&nbsp;<\/p>\n<p>Vseh teh vpra\u0161anjih bi se radi dotaknili skozi pogovor o na\u0161ih lastnih raziskovanjih, na\u0161ih lastnih epistemolo\u0161kih (ter tudi moralnih in politi\u010dnih) pomislekov, ki predstavljajo hkratni izziv in pogonsko gorivo teh raziskovanj samih.<\/p>\n<p>&nbsp;<\/p>\n<p><strong>PROGRAM<\/strong><\/p>\n<p>&nbsp;<\/p>\n<p><strong>\u010det\/v\/rte\/a\/k 15. 6.<\/strong><br \/>\n13.00-14.45 I sesija<\/p>\n<p>&nbsp;<\/p>\n<p>UVOD<br \/>\nAna Hofman: Od socijalisti\u010dke moralnosti do nemoralnosti socijalizma: Jugoslovensko iskustvo kao prostor promi\u0161ljanja dru\u0161tvenih promena<\/p>\n<p>&nbsp;<\/p>\n<p>14.45-15.30 kosilo\/ru\u010dak (na ZRCu)<\/p>\n<p>&nbsp;<\/p>\n<p>15.30-17.15 II sesija<\/p>\n<p>&nbsp;<\/p>\n<p>Tanja Petrovi\u0107: Se\u0107anje na socijalizam, performiranje klase: Ponte Rosso kao mesto se\u0107anja<\/p>\n<p>Dijana Jela\u010da: O vitalnosti i\u0161\u010da\u0161enih perspektiva, ili, \u0161ta nedostaje ovoj pri\u010di<\/p>\n<p>&nbsp;<\/p>\n<p>18.00-19.30 Mestni muzej Ljubljana\/Gradski muzej Ljubljana, razstava\/izlo\u017eba \u201cNova doba prihaja! Industrija \u2013 delo \u2013 kapital&#8221;<br \/>\n19.30- ve\u010der\/j\/a<\/p>\n<p>&nbsp;<\/p>\n<p><strong>Pete\/a\/k 16. 6.<\/strong><\/p>\n<p>&nbsp;<\/p>\n<p>10.00-11.45. I sesija<\/p>\n<p>&nbsp;<\/p>\n<p>Mi\u0161o Kapetanovi\u0107: Malterom i ciglom: jugoslovenska radni\u010dka klasa i kriminalizacija neformalne gradnje<\/p>\n<p>Boris Koroman: (Post)socijalizam i tranzicijski Drugi<\/p>\n<p>&nbsp;<\/p>\n<p>pav\/u\/za za kavo\/kafu\/kavu<\/p>\n<p>&nbsp;<\/p>\n<p>12.00-14.15 II sesija<\/p>\n<p>&nbsp;<\/p>\n<p>Danijela Lugari\u0107: O ekonomiji klase i (ekonomiji) knji\u017eevnosti i kulture u socijalizmu<\/p>\n<p>Andrea Mato\u0161evi\u0107: O \u201eplauzibilnim narativima napretka\u201c: pregala\u010dki rad i njegove artikulacije<\/p>\n<p>Martin Poga\u010dar: Imponderable presents of stuff socialist, material and otherwise<\/p>\n<p>&nbsp;<\/p>\n<p>14.15-16.00 pau\/v\/za za kosilo\/ru\u010dak<\/p>\n<p>&nbsp;<\/p>\n<p>16.00-18.00 zaklju\u010dne misli in dogovori<\/p>\n<p>&nbsp;<\/p>\n<p>18.00- ve\u010der\/j\/a<\/p>\n<p>&nbsp;<\/p>\n<p>Delavnica bo potekala v Sejni sobi ZRC SAZU, 1. nadstropje, Novi trg 2, Ljubljana.<\/p>\n<p>&nbsp;<br \/>\nIzvor: <a href=\"https:\/\/www.facebook.com\/events\/113951875876667\/\">https:\/\/www.facebook.com\/events\/113951875876667\/<\/a><\/p>\n<p>&nbsp;<\/p>\n<p>&nbsp;<\/p>\n","protected":false},"excerpt":{"rendered":"","protected":false},"author":2,"featured_media":4903,"comment_status":"open","ping_status":"open","sticky":false,"template":"","format":"standard","meta":{"_acf_changed":false,"jetpack_post_was_ever_published":false,"_jetpack_newsletter_access":"","_jetpack_dont_email_post_to_subs":false,"_jetpack_newsletter_tier_id":0,"_jetpack_memberships_contains_paywalled_content":false,"_jetpack_memberships_contains_paid_content":false,"footnotes":"","jetpack_publicize_message":"","jetpack_publicize_feature_enabled":true,"jetpack_social_post_already_shared":true,"jetpack_social_options":{"image_generator_settings":{"template":"highway","default_image_id":0,"font":"","enabled":false},"version":2}},"categories":[3,9],"tags":[],"class_list":["post-4902","post","type-post","status-publish","format-standard","has-post-thumbnail","hentry","category-novosti","category-skupovi"],"acf":{"facebook_opis":""},"jetpack_publicize_connections":[],"jetpack_featured_media_url":"https:\/\/i0.wp.com\/historiografija.hr\/wp-content\/uploads\/2017\/06\/ZRC-Ljubljana.jpg?fit=532%2C480&ssl=1","jetpack_sharing_enabled":true,"jetpack-related-posts":[{"id":52631,"url":"https:\/\/historiografija.hr\/?p=52631","url_meta":{"origin":4902,"position":0},"title":"Predavanje Ivana Tepe\u0161a: Djelovanje hrvatske politi\u010dke emigracije","author":"Branimir Jankovi\u0107","date":"23. travnja 2026.","format":false,"excerpt":"Odjel za me\u0111unarodnu suradnju i iseljeni\u0161tvo Matice hrvatske Predavanje Ivana Tepe\u0161a: Djelovanje hrvatske politi\u010dke emigracije Utorak, 28. travnja 2026. u 18:00 sati, Dvorana Ljudevita Jonkea (Mala dvorana MH), Strossmayerov trg 4, Zagreb dr. sc. Ivan Tepe\u0161, Institut za istra\u017eivanje migracija Hrvatska politi\u010dka emigracija obilje\u017eila je polustoljetnu hrvatsku povijest u drugoj\u2026","rel":"","context":"U &quot;Novosti&quot;","block_context":{"text":"Novosti","link":"https:\/\/historiografija.hr\/?cat=3"},"img":{"alt_text":"","src":"","width":0,"height":0},"classes":[]},{"id":52543,"url":"https:\/\/historiografija.hr\/?p=52543","url_meta":{"origin":4902,"position":1},"title":"Znanstveno-stru\u010dni skup \u201eOto\u010dne pu\u010dke pobo\u017enosti: kontinuiteti i transformacije\u201c","author":"Branimir Jankovi\u0107","date":"20. travnja 2026.","format":false,"excerpt":"Najavljujemo\u00a0znanstveno-stru\u010dni skup \u201eOto\u010dne pu\u010dke pobo\u017enosti: kontinuiteti i transformacije\u201c,\u00a0koji \u0107e se odr\u017eati\u00a0u Rabu od 24. do 26. travnja 2026.,\u00a0u organizaciji i uz potporu\u00a0Instituta za etnologiju i folkloristiku, Zagreb, \u00a0Grada Raba, Pu\u010dkog otvorenog u\u010dili\u0161ta Rab i Centra za istra\u017eivanje srednjovjekovne ba\u0161tine Jadrana RIMAH. Skup okuplja vode\u0107e doma\u0107e stru\u010dnjake koji \u0107e kroz niz\u2026","rel":"","context":"U &quot;Novosti&quot;","block_context":{"text":"Novosti","link":"https:\/\/historiografija.hr\/?cat=3"},"img":{"alt_text":"","src":"https:\/\/i0.wp.com\/historiografija.hr\/wp-content\/uploads\/2026\/04\/Skup_Rab.jpg?fit=848%2C1200&ssl=1&resize=350%2C200","width":350,"height":200,"srcset":"https:\/\/i0.wp.com\/historiografija.hr\/wp-content\/uploads\/2026\/04\/Skup_Rab.jpg?fit=848%2C1200&ssl=1&resize=350%2C200 1x, https:\/\/i0.wp.com\/historiografija.hr\/wp-content\/uploads\/2026\/04\/Skup_Rab.jpg?fit=848%2C1200&ssl=1&resize=525%2C300 1.5x, https:\/\/i0.wp.com\/historiografija.hr\/wp-content\/uploads\/2026\/04\/Skup_Rab.jpg?fit=848%2C1200&ssl=1&resize=700%2C400 2x"},"classes":[]},{"id":52508,"url":"https:\/\/historiografija.hr\/?p=52508","url_meta":{"origin":4902,"position":2},"title":"Glazbena radionica \u201eDUGMETARA REVISITED\u201c","author":"Branimir Jankovi\u0107","date":"17. travnja 2026.","format":false,"excerpt":"DUGMETARA REVISITED glazbena radionica vodi: Ana Horvat 13., 20. i 27. travnja, od 18 do 20 sati Radiona, Nova cesta 186 Na tri radioni\u010dka susreta uranjamo u naslje\u0111e Dugmetare, biv\u0161e tvornice dugmadi na Savskoj cesti koja je po\u010detkom 2000-ih igrom slu\u010daja postala \u017eivo, jedinstveno mjesto glazbene proizvodnje. Svoje su probe\u2026","rel":"","context":"U &quot;Novosti&quot;","block_context":{"text":"Novosti","link":"https:\/\/historiografija.hr\/?cat=3"},"img":{"alt_text":"","src":"https:\/\/i0.wp.com\/historiografija.hr\/wp-content\/uploads\/2026\/04\/TRESNJA_TRESTI.jpg?fit=380%2C475&ssl=1&resize=350%2C200","width":350,"height":200},"classes":[]},{"id":52607,"url":"https:\/\/historiografija.hr\/?p=52607","url_meta":{"origin":4902,"position":3},"title":"No\u0107 knjige: Kako je prije 410 godina smr\u0107u Shakespearea i Cervantesa zavr\u0161ilo razdoblje renesanse u knji\u017eevnosti","author":"Branimir Jankovi\u0107","date":"22. travnja 2026.","format":false,"excerpt":"\u010cetvrtak, 23. travnja 2026. u 18:00 sati, Knji\u017eara Matice hrvatske, Ulica Matice hrvatske 2, Zagreb Uvodna rije\u010d: dr. sc.\u00a0Dubravka Brezak Stama\u0107, pro\u010delnica Odjela za knji\u017eevnost Matice hrvatske Prof. dr. sc. Ivan Lupi\u0107, redoviti profesor u Odsjeku za anglistiku i Odsjeku za kroatistiku Sveu\u010dili\u0161ta u RijeciShakespeare, kazali\u0161te, glazbaKada se susre\u0107emo sa\u2026","rel":"","context":"U &quot;Novosti&quot;","block_context":{"text":"Novosti","link":"https:\/\/historiografija.hr\/?cat=3"},"img":{"alt_text":"","src":"https:\/\/i0.wp.com\/historiografija.hr\/wp-content\/uploads\/2026\/04\/noc_knjige_2026.jpg?fit=680%2C276&ssl=1&resize=350%2C200","width":350,"height":200,"srcset":"https:\/\/i0.wp.com\/historiografija.hr\/wp-content\/uploads\/2026\/04\/noc_knjige_2026.jpg?fit=680%2C276&ssl=1&resize=350%2C200 1x, https:\/\/i0.wp.com\/historiografija.hr\/wp-content\/uploads\/2026\/04\/noc_knjige_2026.jpg?fit=680%2C276&ssl=1&resize=525%2C300 1.5x"},"classes":[]},{"id":52628,"url":"https:\/\/historiografija.hr\/?p=52628","url_meta":{"origin":4902,"position":4},"title":"Predavanje dopisnog \u010dlana HAZU Alaina Finkielkrauta Izrael, Europa, antisemitizam","author":"Branimir Jankovi\u0107","date":"23. travnja 2026.","format":false,"excerpt":"Francuski filozof Alain Finkielkraut, redoviti \u010dlan Francuske akademije i dopisni \u010dlan HAZU, odr\u017eat \u0107e predavanje\u00a0Izrael, Europa, antisemitizam u utorak 28. travnja 2026. u 13 sati u Knji\u017enici HAZU,\u00a0Strossmayerov trg 14 u Zagrebu. Uvodne rije\u010di odr\u017eat \u0107e\u00a0akademkinja \u017deljka \u010corak i\u00a0akademik Dra\u017een Katunari\u0107. Predavanje \u0107e se odr\u017eati na francuskom jeziku uz konsekutivno\u2026","rel":"","context":"U &quot;Novosti&quot;","block_context":{"text":"Novosti","link":"https:\/\/historiografija.hr\/?cat=3"},"img":{"alt_text":"","src":"https:\/\/i0.wp.com\/historiografija.hr\/wp-content\/uploads\/2026\/04\/Alain_Finkielkraut.jpg?fit=350%2C407&ssl=1&resize=350%2C200","width":350,"height":200},"classes":[]},{"id":52666,"url":"https:\/\/historiografija.hr\/?p=52666","url_meta":{"origin":4902,"position":5},"title":"Najava programa Festivala povijesti Kliofest (5-8. V. 2026)","author":"Branimir Jankovi\u0107","date":"24. travnja 2026.","format":false,"excerpt":"Po trinaesti put odr\u017eava se Festival povijesti Kliofest! Do petka \u0107emo odr\u017eati osam okruglih stolova i dva kolokvija te niz predstavljanja knjiga i projekata razli\u010dite tematike, od antike do suvremenosti. Bit \u0107e predstavljeno i nekoliko izlo\u017ebi te odr\u017ean jedan povijesni kviz. Prikazat \u0107emo i jedan film \u2013 o generalu Boroevi\u0107u.\u2026","rel":"","context":"U &quot;Novosti&quot;","block_context":{"text":"Novosti","link":"https:\/\/historiografija.hr\/?cat=3"},"img":{"alt_text":"","src":"https:\/\/i0.wp.com\/historiografija.hr\/wp-content\/uploads\/2026\/04\/Kliofest-2026.jpg?fit=526%2C526&ssl=1&resize=350%2C200","width":350,"height":200,"srcset":"https:\/\/i0.wp.com\/historiografija.hr\/wp-content\/uploads\/2026\/04\/Kliofest-2026.jpg?fit=526%2C526&ssl=1&resize=350%2C200 1x, https:\/\/i0.wp.com\/historiografija.hr\/wp-content\/uploads\/2026\/04\/Kliofest-2026.jpg?fit=526%2C526&ssl=1&resize=525%2C300 1.5x"},"classes":[]}],"_links":{"self":[{"href":"https:\/\/historiografija.hr\/index.php?rest_route=\/wp\/v2\/posts\/4902","targetHints":{"allow":["GET"]}}],"collection":[{"href":"https:\/\/historiografija.hr\/index.php?rest_route=\/wp\/v2\/posts"}],"about":[{"href":"https:\/\/historiografija.hr\/index.php?rest_route=\/wp\/v2\/types\/post"}],"author":[{"embeddable":true,"href":"https:\/\/historiografija.hr\/index.php?rest_route=\/wp\/v2\/users\/2"}],"replies":[{"embeddable":true,"href":"https:\/\/historiografija.hr\/index.php?rest_route=%2Fwp%2Fv2%2Fcomments&post=4902"}],"version-history":[{"count":5,"href":"https:\/\/historiografija.hr\/index.php?rest_route=\/wp\/v2\/posts\/4902\/revisions"}],"predecessor-version":[{"id":4908,"href":"https:\/\/historiografija.hr\/index.php?rest_route=\/wp\/v2\/posts\/4902\/revisions\/4908"}],"wp:featuredmedia":[{"embeddable":true,"href":"https:\/\/historiografija.hr\/index.php?rest_route=\/wp\/v2\/media\/4903"}],"wp:attachment":[{"href":"https:\/\/historiografija.hr\/index.php?rest_route=%2Fwp%2Fv2%2Fmedia&parent=4902"}],"wp:term":[{"taxonomy":"category","embeddable":true,"href":"https:\/\/historiografija.hr\/index.php?rest_route=%2Fwp%2Fv2%2Fcategories&post=4902"},{"taxonomy":"post_tag","embeddable":true,"href":"https:\/\/historiografija.hr\/index.php?rest_route=%2Fwp%2Fv2%2Ftags&post=4902"}],"curies":[{"name":"wp","href":"https:\/\/api.w.org\/{rel}","templated":true}]}}