{"id":49016,"date":"2025-10-20T17:21:40","date_gmt":"2025-10-20T17:21:40","guid":{"rendered":"https:\/\/historiografija.hr\/?p=49016"},"modified":"2025-10-20T17:21:40","modified_gmt":"2025-10-20T17:21:40","slug":"promocija-knjige-federika-tenca-montinija-trst-ne-damo-jugoslavija-i-trscansko-pitanje-1945-1954-u-beogradu","status":"publish","type":"post","link":"https:\/\/historiografija.hr\/?p=49016","title":{"rendered":"Promocija knjige Federika Tenca Montinija \u201eTrst ne damo. Jugoslavija i Tr\u0161\u0107ansko pitanje 1945\u20131954\u201d u Beogradu"},"content":{"rendered":"\n<p>Akademska knjiga iz Novog Sada i Muzej Jugoslavije u Beogradu pozivaju na promociju knjige \u201eTrst ne damo. Jugoslavija i Tr\u0161\u0107ansko pitanje 1945\u20131954\u201d autora dr Federika Tenca Montinija, nau\u010dnog saradnika Nau\u010dno-istra\u017eiva\u010dkog centra Koper, u utorak 21. oktobra u 18 \u010dasova.<\/p>\n\n\n\n<p>Knjiga na temelju obimne arhivske gra\u0111e i brojnih izvora razmatra jedno od najosetljivijih pitanja posleratne jugoslovenske diplomatije \u2013 tr\u0161\u0107ansko pitanje \u2013 i osvetljava kako su se ideolo\u0161ki, politi\u010dki i me\u0111unarodni odnosi reflektovali na jugoslovenske granice, identitet i me\u0111unarodni polo\u017eaj u periodu od 1945. do 1954. godine. Autor analizira klju\u010dne aktere, pregovore i dru\u0161tvenu recepciju slogana \u201eTrst ne damo\u201d, koji je postao simbol jugoslovenskog jedinstva i otpora spoljnim pritiscima.<\/p>\n\n\n\n<p>O knjizi \u0107e govoriti:<\/p>\n\n\n\n<p>dr Tvrtko Jakovina, redovni profesor, Filozofski fakultet Sveu\u010dili\u0161ta u Zagrebu<\/p>\n\n\n\n<p>dr Natalija Dimi\u0107 Lompar, nau\u010dna saradnica, Institut za noviju istoriju Srbije<\/p>\n\n\n\n<p>dr Petar \u017darkovi\u0107, nau\u010dni saradnik, Institut za filozofiju i dru\u0161tvenu teoriju Univerziteta u Beogradu (moderator)<\/p>\n\n\n\n<p>dr Federico Tenca Montini, autor, Nau\u010dno-istra\u017eiva\u010dki centar Koper<\/p>\n\n\n\n<hr class=\"wp-block-separator has-alpha-channel-opacity\"\/>\n\n\n\n<p>Izvori:<\/p>\n\n\n\n<p><a href=\"https:\/\/akademskaknjiga.com\/predstavljanje-knjige-trst-je-nas-21-oktobra-u-beogradu\">https:\/\/akademskaknjiga.com\/predstavljanje-knjige-trst-je-nas-21-oktobra-u-beogradu<\/a><\/p>\n\n\n\n<figure class=\"wp-block-embed is-type-wp-embed is-provider-muzej-jugoslavije wp-block-embed-muzej-jugoslavije\"><div class=\"wp-block-embed__wrapper\">\n<blockquote class=\"wp-embedded-content\" data-secret=\"Z1HEuDWEzo\"><a href=\"https:\/\/muzej-jugoslavije.org\/program\/promocija-knjige-trst-ne-damo-jugoslavija-i-trscansko-pitanje-1945-1954\/\">Promocija knjige \u201eTrst ne damo. Jugoslavija i Tr\u0161\u0107ansko pitanje 1945\u20131954\u201d<\/a><\/blockquote><iframe loading=\"lazy\" class=\"wp-embedded-content\" sandbox=\"allow-scripts\" security=\"restricted\" style=\"position: absolute; visibility: hidden;\" title=\"&#132;Promocija knjige \u201eTrst ne damo. Jugoslavija i Tr\u0161\u0107ansko pitanje 1945\u20131954\u201d&#147; &#8212; Muzej Jugoslavije\" src=\"https:\/\/muzej-jugoslavije.org\/program\/promocija-knjige-trst-ne-damo-jugoslavija-i-trscansko-pitanje-1945-1954\/embed\/#?secret=l3aOaPpHZ2#?secret=Z1HEuDWEzo\" data-secret=\"Z1HEuDWEzo\" width=\"600\" height=\"338\" frameborder=\"0\" marginwidth=\"0\" marginheight=\"0\" scrolling=\"no\"><\/iframe>\n<\/div><\/figure>\n\n\n\n<p><a href=\"https:\/\/historiografija.ba\/historija-u-javnosti\/dogadjaji\/tito-je-bio-dobio-trku-za-trst\">https:\/\/historiografija.ba\/historija-u-javnosti\/dogadjaji\/tito-je-bio-dobio-trku-za-trst<\/a><\/p>\n\n\n\n<hr class=\"wp-block-separator has-alpha-channel-opacity\"\/>\n","protected":false},"excerpt":{"rendered":"","protected":false},"author":2,"featured_media":49017,"comment_status":"open","ping_status":"open","sticky":false,"template":"","format":"standard","meta":{"_acf_changed":false,"jetpack_post_was_ever_published":false,"_jetpack_newsletter_access":"","_jetpack_dont_email_post_to_subs":false,"_jetpack_newsletter_tier_id":0,"_jetpack_memberships_contains_paywalled_content":false,"_jetpack_memberships_contains_paid_content":false,"footnotes":"","jetpack_publicize_message":"","jetpack_publicize_feature_enabled":true,"jetpack_social_post_already_shared":true,"jetpack_social_options":{"image_generator_settings":{"template":"highway","default_image_id":0,"font":"","enabled":false},"version":2}},"categories":[3],"tags":[],"class_list":["post-49016","post","type-post","status-publish","format-standard","has-post-thumbnail","hentry","category-novosti"],"acf":{"facebook_opis":""},"jetpack_publicize_connections":[],"jetpack_featured_media_url":"https:\/\/i0.wp.com\/historiografija.hr\/wp-content\/uploads\/2025\/10\/Promocija-Montini.png?fit=1200%2C676&ssl=1","jetpack_sharing_enabled":true,"jetpack-related-posts":[],"_links":{"self":[{"href":"https:\/\/historiografija.hr\/index.php?rest_route=\/wp\/v2\/posts\/49016","targetHints":{"allow":["GET"]}}],"collection":[{"href":"https:\/\/historiografija.hr\/index.php?rest_route=\/wp\/v2\/posts"}],"about":[{"href":"https:\/\/historiografija.hr\/index.php?rest_route=\/wp\/v2\/types\/post"}],"author":[{"embeddable":true,"href":"https:\/\/historiografija.hr\/index.php?rest_route=\/wp\/v2\/users\/2"}],"replies":[{"embeddable":true,"href":"https:\/\/historiografija.hr\/index.php?rest_route=%2Fwp%2Fv2%2Fcomments&post=49016"}],"version-history":[{"count":1,"href":"https:\/\/historiografija.hr\/index.php?rest_route=\/wp\/v2\/posts\/49016\/revisions"}],"predecessor-version":[{"id":49018,"href":"https:\/\/historiografija.hr\/index.php?rest_route=\/wp\/v2\/posts\/49016\/revisions\/49018"}],"wp:featuredmedia":[{"embeddable":true,"href":"https:\/\/historiografija.hr\/index.php?rest_route=\/wp\/v2\/media\/49017"}],"wp:attachment":[{"href":"https:\/\/historiografija.hr\/index.php?rest_route=%2Fwp%2Fv2%2Fmedia&parent=49016"}],"wp:term":[{"taxonomy":"category","embeddable":true,"href":"https:\/\/historiografija.hr\/index.php?rest_route=%2Fwp%2Fv2%2Fcategories&post=49016"},{"taxonomy":"post_tag","embeddable":true,"href":"https:\/\/historiografija.hr\/index.php?rest_route=%2Fwp%2Fv2%2Ftags&post=49016"}],"curies":[{"name":"wp","href":"https:\/\/api.w.org\/{rel}","templated":true}]}}