{"id":48999,"date":"2025-10-20T16:09:45","date_gmt":"2025-10-20T16:09:45","guid":{"rendered":"https:\/\/historiografija.hr\/?p=48999"},"modified":"2025-10-20T16:12:26","modified_gmt":"2025-10-20T16:12:26","slug":"izlozba-hrvatske-jedinice-na-socanskoj-fronti-u-gradskoj-knjiznici-kastela","status":"publish","type":"post","link":"https:\/\/historiografija.hr\/?p=48999","title":{"rendered":"Izlo\u017eba \u201cHrvatske jedinice na So\u010danskoj fronti\u201d"},"content":{"rendered":"\n<p>Gradska knji\u017enica Ka\u0161tela poziva vas na otvorenje izlo\u017ebe&nbsp;<em>Hrvatske jedinice na So\u010danskoj fronti&nbsp;<\/em>Kobari\u0161kog muzeja Prvog svjetskog rata iz Slovenije.<\/p>\n\n\n\n<p>Otvorenje izlo\u017ebe uz 20-minutnu multimedijsku prezentaciju u sklopu koje \u0107e biti prikazane brojne fotografije o Hrvatima koji su se u Prvom svjetskom ratu borili na So\u010danskom boji\u0161tu, a koje Kobari\u0161ki muzej \u010duva u svom fundusu, odr\u017eat \u0107e se u <strong>srijedu 22. listopada 2025. u 18.00 sati u Nadbiskupovom ka\u0161telu u Ka\u0161tel Su\u0107urcu<\/strong>.<\/p>\n\n\n\n<p>Direktor Kobari\u0161kog muzeja Prvog svjetskog rata mag.&nbsp;<strong>Martin \u0160olar<\/strong>&nbsp;nazo\u010dne \u0107e upoznati s temom izlo\u017ebe&nbsp;<em>Hrvatske jedinice na So\u010danskoj fronti<\/em>&nbsp;i radom Kobari\u0161kog muzeja Prvog svjetskog rata, dok \u0107e&nbsp;Renata Dobri\u0107, ravnateljica Gradske knji\u017enice Ka\u0161tela i urednica knjige&nbsp;<em>Pisma dida Milo\u0161a iz Prvog svjetskog rata<\/em>&nbsp;nazo\u010dne upoznati s nastankom spomenute knjige u kojoj su objedinjena pisma i dopisnice koja je Vranji\u010danin Milo\u0161 Mandi\u0107 stariji sa So\u010danskog rati\u0161ta i iz zarobljeni\u0161tva slao svojoj obitelji u Vranjic.<\/p>\n\n\n\n<p>Monografija s autenti\u010dnim svjedo\u010danstvom tiskana je u nakladi Gradske knji\u017enice Ka\u0161tela, knjigu je za tisak uredila i priredila Renata Dobri\u0107, koja je ujedno i autorica predgovora, dok je inicijator cijelog projekta <strong>Milo\u0161 Mandi\u0107 <\/strong>mla\u0111i, unuk dida Milo\u0161a, koji je sakupio sva&nbsp;pisma i dopisnice, te je iz&nbsp;navedene prepiske obradio brojne podatke, pa se tako u monografiji nalazi spisak 140 mobiliziranih osoba koje dida Milo\u0161 spominje u pismima, kazalo s oko 450 imena i prezimena i 85 toponima, kao i rje\u010dnik s 1580 vranji\u010dkih rije\u010di.<\/p>\n\n\n\n<p>U glazbenom dijelu programa nastupit \u0107e Pu\u010dki piva\u010di \u017eupe sv. Jurja m. &#8211; Ka\u0161tel Su\u0107urac.<\/p>\n\n\n\n<hr class=\"wp-block-separator has-alpha-channel-opacity\"\/>\n\n\n\n<figure class=\"wp-block-image size-large\"><img data-recalc-dims=\"1\" loading=\"lazy\" decoding=\"async\" width=\"724\" height=\"1024\" data-attachment-id=\"49000\" data-permalink=\"https:\/\/historiografija.hr\/?attachment_id=49000\" data-orig-file=\"https:\/\/i0.wp.com\/historiografija.hr\/wp-content\/uploads\/2025\/10\/Hvatske-jedinice-na-Socanskoj-fronti-Kobariski-muzej-Gradska-knjiznica-Kastela-izlozba-GKK-scaled.jpg?fit=1810%2C2560&amp;ssl=1\" data-orig-size=\"1810,2560\" data-comments-opened=\"1\" data-image-meta=\"{&quot;aperture&quot;:&quot;0&quot;,&quot;credit&quot;:&quot;&quot;,&quot;camera&quot;:&quot;&quot;,&quot;caption&quot;:&quot;&quot;,&quot;created_timestamp&quot;:&quot;0&quot;,&quot;copyright&quot;:&quot;&quot;,&quot;focal_length&quot;:&quot;0&quot;,&quot;iso&quot;:&quot;0&quot;,&quot;shutter_speed&quot;:&quot;0&quot;,&quot;title&quot;:&quot;&quot;,&quot;orientation&quot;:&quot;0&quot;}\" data-image-title=\"Hvatske-jedinice-na-Socanskoj-fronti-Kobariski-muzej-Gradska-knjiznica-Kastela-izlozba-GKK\" data-image-description=\"\" data-image-caption=\"\" data-large-file=\"https:\/\/i0.wp.com\/historiografija.hr\/wp-content\/uploads\/2025\/10\/Hvatske-jedinice-na-Socanskoj-fronti-Kobariski-muzej-Gradska-knjiznica-Kastela-izlozba-GKK-scaled.jpg?fit=724%2C1024&amp;ssl=1\" src=\"https:\/\/i0.wp.com\/historiografija.hr\/wp-content\/uploads\/2025\/10\/Hvatske-jedinice-na-Socanskoj-fronti-Kobariski-muzej-Gradska-knjiznica-Kastela-izlozba-GKK.jpg?resize=724%2C1024&#038;ssl=1\" alt=\"\" class=\"wp-image-49000\" srcset=\"https:\/\/i0.wp.com\/historiografija.hr\/wp-content\/uploads\/2025\/10\/Hvatske-jedinice-na-Socanskoj-fronti-Kobariski-muzej-Gradska-knjiznica-Kastela-izlozba-GKK-scaled.jpg?resize=724%2C1024&amp;ssl=1 724w, https:\/\/i0.wp.com\/historiografija.hr\/wp-content\/uploads\/2025\/10\/Hvatske-jedinice-na-Socanskoj-fronti-Kobariski-muzej-Gradska-knjiznica-Kastela-izlozba-GKK-scaled.jpg?resize=212%2C300&amp;ssl=1 212w, https:\/\/i0.wp.com\/historiografija.hr\/wp-content\/uploads\/2025\/10\/Hvatske-jedinice-na-Socanskoj-fronti-Kobariski-muzej-Gradska-knjiznica-Kastela-izlozba-GKK-scaled.jpg?resize=768%2C1086&amp;ssl=1 768w, https:\/\/i0.wp.com\/historiografija.hr\/wp-content\/uploads\/2025\/10\/Hvatske-jedinice-na-Socanskoj-fronti-Kobariski-muzej-Gradska-knjiznica-Kastela-izlozba-GKK-scaled.jpg?resize=1086%2C1536&amp;ssl=1 1086w, https:\/\/i0.wp.com\/historiografija.hr\/wp-content\/uploads\/2025\/10\/Hvatske-jedinice-na-Socanskoj-fronti-Kobariski-muzej-Gradska-knjiznica-Kastela-izlozba-GKK-scaled.jpg?resize=1448%2C2048&amp;ssl=1 1448w, https:\/\/i0.wp.com\/historiografija.hr\/wp-content\/uploads\/2025\/10\/Hvatske-jedinice-na-Socanskoj-fronti-Kobariski-muzej-Gradska-knjiznica-Kastela-izlozba-GKK-scaled.jpg?w=1810&amp;ssl=1 1810w, https:\/\/i0.wp.com\/historiografija.hr\/wp-content\/uploads\/2025\/10\/Hvatske-jedinice-na-Socanskoj-fronti-Kobariski-muzej-Gradska-knjiznica-Kastela-izlozba-GKK-scaled.jpg?w=1720&amp;ssl=1 1720w\" sizes=\"auto, (max-width: 724px) 100vw, 724px\" \/><\/figure>\n\n\n\n<hr class=\"wp-block-separator has-alpha-channel-opacity\"\/>\n","protected":false},"excerpt":{"rendered":"","protected":false},"author":2,"featured_media":49000,"comment_status":"open","ping_status":"open","sticky":false,"template":"","format":"standard","meta":{"_acf_changed":false,"jetpack_post_was_ever_published":false,"_jetpack_newsletter_access":"","_jetpack_dont_email_post_to_subs":false,"_jetpack_newsletter_tier_id":0,"_jetpack_memberships_contains_paywalled_content":false,"_jetpack_memberships_contains_paid_content":false,"footnotes":"","jetpack_publicize_message":"","jetpack_publicize_feature_enabled":true,"jetpack_social_post_already_shared":true,"jetpack_social_options":{"image_generator_settings":{"template":"highway","default_image_id":0,"font":"","enabled":false},"version":2}},"categories":[10,3],"tags":[],"class_list":["post-48999","post","type-post","status-publish","format-standard","has-post-thumbnail","hentry","category-izlozbe","category-novosti"],"acf":{"facebook_opis":""},"jetpack_publicize_connections":[],"jetpack_featured_media_url":"https:\/\/i0.wp.com\/historiografija.hr\/wp-content\/uploads\/2025\/10\/Hvatske-jedinice-na-Socanskoj-fronti-Kobariski-muzej-Gradska-knjiznica-Kastela-izlozba-GKK-scaled.jpg?fit=1810%2C2560&ssl=1","jetpack_sharing_enabled":true,"jetpack-related-posts":[],"_links":{"self":[{"href":"https:\/\/historiografija.hr\/index.php?rest_route=\/wp\/v2\/posts\/48999","targetHints":{"allow":["GET"]}}],"collection":[{"href":"https:\/\/historiografija.hr\/index.php?rest_route=\/wp\/v2\/posts"}],"about":[{"href":"https:\/\/historiografija.hr\/index.php?rest_route=\/wp\/v2\/types\/post"}],"author":[{"embeddable":true,"href":"https:\/\/historiografija.hr\/index.php?rest_route=\/wp\/v2\/users\/2"}],"replies":[{"embeddable":true,"href":"https:\/\/historiografija.hr\/index.php?rest_route=%2Fwp%2Fv2%2Fcomments&post=48999"}],"version-history":[{"count":3,"href":"https:\/\/historiografija.hr\/index.php?rest_route=\/wp\/v2\/posts\/48999\/revisions"}],"predecessor-version":[{"id":49003,"href":"https:\/\/historiografija.hr\/index.php?rest_route=\/wp\/v2\/posts\/48999\/revisions\/49003"}],"wp:featuredmedia":[{"embeddable":true,"href":"https:\/\/historiografija.hr\/index.php?rest_route=\/wp\/v2\/media\/49000"}],"wp:attachment":[{"href":"https:\/\/historiografija.hr\/index.php?rest_route=%2Fwp%2Fv2%2Fmedia&parent=48999"}],"wp:term":[{"taxonomy":"category","embeddable":true,"href":"https:\/\/historiografija.hr\/index.php?rest_route=%2Fwp%2Fv2%2Fcategories&post=48999"},{"taxonomy":"post_tag","embeddable":true,"href":"https:\/\/historiografija.hr\/index.php?rest_route=%2Fwp%2Fv2%2Ftags&post=48999"}],"curies":[{"name":"wp","href":"https:\/\/api.w.org\/{rel}","templated":true}]}}