{"id":48977,"date":"2025-10-17T22:38:42","date_gmt":"2025-10-17T22:38:42","guid":{"rendered":"https:\/\/historiografija.hr\/?p=48977"},"modified":"2025-10-17T22:39:03","modified_gmt":"2025-10-17T22:39:03","slug":"predavanje-tade-jurica-hrvatska-migracija-u-njemacku-kroz-generacije-od-gastarbajtera-do-gastarbajtera-milenijalaca","status":"publish","type":"post","link":"https:\/\/historiografija.hr\/?p=48977","title":{"rendered":"Predavanje Tade Juri\u0107a: Hrvatska migracija u Njema\u010dku kroz generacije &#8211; od gastarbajtera do &#8220;gastarbajtera milenijalaca&#8221;"},"content":{"rendered":"\n<p>Ponedjeljak, 20. listopada 2025. u 18:00 sati, Mala dvorana Matice hrvatske, Ulica Matice hrvatske 2, Strossmayerov trg 4, Zagreb<\/p>\n\n\n\n<hr class=\"wp-block-separator has-alpha-channel-opacity\"\/>\n\n\n\n<p>Gastarbajterske migracije, odnosno iseljavanje iz&nbsp; Hrvata u Njema\u010dku,&nbsp; nisu bile spontani proces, ve\u0107 rezultat aktivne regrutacije. Migracije su bile strukturno potaknute, u skladu s razvojem njema\u010dkog kapitalizma \u2013 ne individualne odluke, ve\u0107 organizirani ekonomski projekt.<\/p>\n\n\n\n<p>Hrvati su, unutar Jugoslavije, iseljavali najintenzivnije i bili najobrazovaniji \u2013 \u0161to je ostavilo dubok trag na gubitak socijalnog kapitala. Odlazak na rad u razvijene zemlje Europe jugoslavenskim se vlastima \u010dinio kao dobitna situacija, dr\u017eava je smanjila pritisak nezaposlenih, devizne doznake iz inozemstva potaknule su doma\u0107u potro\u0161nju, a dr\u017eava se, sli\u010dno kao i danas, rije\u0161ila dijela kriti\u010dara (kriti\u010dari odlaze, doznake dolaze).<\/p>\n\n\n\n<p>Iseljavanje iz Hrvatske danas nadilazi sve prethodne valove iseljavanja \u2013 i po intenzitetu i po posljedicama. Usporedba gastarbajterskog i suvremenog EU iseljavanja pokazuje duboku promjenu u motivaciji, strukturi i posljedicama migracije. Gastarbajteri su odlazili privremeno, bez obitelji, s namjerom povratka \u2013 danas se iseljavaju cijele obitelji, s trajnim planom ostanka. U samo osam godina EU \u010dlanstva vi\u0161e Hrvata je iselilo u Njema\u010dku nego tijekom cijele jugoslavenske ere. Motivi su se promijenili: nekad je to bila nezaposlenost, danas nezadovoljstvo korupcijom i klijentelizmom&nbsp; \u2013 ukratko nepravda. Percepcija iseljenika je da se hrvatsko dru\u0161tvo moralno slomilo, a na\u0161a istra\u017eivanja ukazuju na jasnu vezu izme\u0111u politi\u010dke etike, slabih institucija i iseljavanja.<\/p>\n\n\n\n<p>Dok je nekad 80% iseljenika planiralo povratak, danas to \u017eeli tek 15%. Bez obzira na politi\u010dke promjene, iseljavanje ostaje konstanta hrvatske povijesti \u2013 \u0161to je paradoks u odnosu na temeljne ciljeve samostalnosti i proklamiranom cilju samostalne Hrvatske o povratku iseljeni\u0161tva.<\/p>\n\n\n\n<p>Zaklju\u010dno, izlaganje zavr\u0161ava vizualnim prikazima iz gastarbajterske ere, kroz fotografije i arhivske dokumente iz autorove izlo\u017ebe \u201eGastarbajteri\u201c, odr\u017eane u Hrvatskoj matici iseljenika 2019. godine. Ove slike ne samo da evociraju osobne i kolektivne memorije, ve\u0107 i sna\u017eno podsje\u0107aju da migracije nisu samo statistika \u2013 ve\u0107 duboko ljudsko iskustvo koje oblikuje dru\u0161tvo, identitet i budu\u0107nost.<\/p>\n\n\n\n<p><strong>Tado Juri\u0107<\/strong> je izvanredni profesor na Hrvatskom katoli\u010dkom sveu\u010dili\u0161tu i Odjelu za demografiju Fakulteta hrvatskih studija u Zagrebu. Gostuju\u0107i je profesor na Sveu\u010dili\u0161tu u Grazu. Doktorirao je na Friedrich-Alexander-Universit\u00e4t N\u00fcrnberg-Erlangen pod mentorstvom UN-ovog povjerenika za ljudska prava prof. dr. Heinera Bielefeldta te prof. dr. Marie-Janine Calic, Ludwig-MaximiliansUniversit\u00e4t M\u00fcnchen. Stipendist je i suradnik njema\u010dke zaklade Konrad-Adenauer-Stiftung. Glavna podru\u010dja njegova istra\u017eivanja su digitalna demografija, migracijska kretanja iz Hrvatske i jugoisto\u010dne Europe te predvi\u0111anje migracijskih i integracijskih trendova pristupima Big Data. Savjetnik je za migracije u Ministarstvu demografije i useljeni\u0161tva RH. \u010clan je IANUBiH. Izdao je 8 znanstvenih monografija, posljednja \u201eSuvremene migracije i opstanak nacije\u201c (2025.) i preko 70 znanstvenih radova.<\/p>\n\n\n\n<hr class=\"wp-block-separator has-alpha-channel-opacity\"\/>\n\n\n\n<p>Izvor:<\/p>\n\n\n\n<p><a href=\"https:\/\/www.matica.hr\/zbivanja\/predavanje-tade-jurica-hrvatska-migracija-u-njemacku-kroz-generacije-od-gastarbajtera-do-gastarbajtera-milenijalaca-4919\">https:\/\/www.matica.hr\/zbivanja\/predavanje-tade-jurica-hrvatska-migracija-u-njemacku-kroz-generacije-od-gastarbajtera-do-gastarbajtera-milenijalaca-4919<\/a><\/p>\n\n\n\n<hr class=\"wp-block-separator has-alpha-channel-opacity\"\/>\n","protected":false},"excerpt":{"rendered":"","protected":false},"author":2,"featured_media":751,"comment_status":"open","ping_status":"open","sticky":false,"template":"","format":"standard","meta":{"_acf_changed":false,"jetpack_post_was_ever_published":false,"_jetpack_newsletter_access":"","_jetpack_dont_email_post_to_subs":false,"_jetpack_newsletter_tier_id":0,"_jetpack_memberships_contains_paywalled_content":false,"_jetpack_memberships_contains_paid_content":false,"footnotes":"","jetpack_publicize_message":"","jetpack_publicize_feature_enabled":true,"jetpack_social_post_already_shared":true,"jetpack_social_options":{"image_generator_settings":{"template":"highway","default_image_id":0,"font":"","enabled":false},"version":2}},"categories":[3],"tags":[],"class_list":["post-48977","post","type-post","status-publish","format-standard","has-post-thumbnail","hentry","category-novosti"],"acf":{"facebook_opis":""},"jetpack_publicize_connections":[],"jetpack_featured_media_url":"https:\/\/i0.wp.com\/historiografija.hr\/wp-content\/uploads\/2012\/05\/matica-hrvatska-logo.png?fit=275%2C183&ssl=1","jetpack_sharing_enabled":true,"jetpack-related-posts":[],"_links":{"self":[{"href":"https:\/\/historiografija.hr\/index.php?rest_route=\/wp\/v2\/posts\/48977","targetHints":{"allow":["GET"]}}],"collection":[{"href":"https:\/\/historiografija.hr\/index.php?rest_route=\/wp\/v2\/posts"}],"about":[{"href":"https:\/\/historiografija.hr\/index.php?rest_route=\/wp\/v2\/types\/post"}],"author":[{"embeddable":true,"href":"https:\/\/historiografija.hr\/index.php?rest_route=\/wp\/v2\/users\/2"}],"replies":[{"embeddable":true,"href":"https:\/\/historiografija.hr\/index.php?rest_route=%2Fwp%2Fv2%2Fcomments&post=48977"}],"version-history":[{"count":2,"href":"https:\/\/historiografija.hr\/index.php?rest_route=\/wp\/v2\/posts\/48977\/revisions"}],"predecessor-version":[{"id":48979,"href":"https:\/\/historiografija.hr\/index.php?rest_route=\/wp\/v2\/posts\/48977\/revisions\/48979"}],"wp:featuredmedia":[{"embeddable":true,"href":"https:\/\/historiografija.hr\/index.php?rest_route=\/wp\/v2\/media\/751"}],"wp:attachment":[{"href":"https:\/\/historiografija.hr\/index.php?rest_route=%2Fwp%2Fv2%2Fmedia&parent=48977"}],"wp:term":[{"taxonomy":"category","embeddable":true,"href":"https:\/\/historiografija.hr\/index.php?rest_route=%2Fwp%2Fv2%2Fcategories&post=48977"},{"taxonomy":"post_tag","embeddable":true,"href":"https:\/\/historiografija.hr\/index.php?rest_route=%2Fwp%2Fv2%2Ftags&post=48977"}],"curies":[{"name":"wp","href":"https:\/\/api.w.org\/{rel}","templated":true}]}}