{"id":48971,"date":"2025-10-17T22:30:47","date_gmt":"2025-10-17T22:30:47","guid":{"rendered":"https:\/\/historiografija.hr\/?p=48971"},"modified":"2025-10-17T22:35:51","modified_gmt":"2025-10-17T22:35:51","slug":"predavanje-dee-maric-poducavanje-i-ucenje-na-mjestima-stradanja-i-sjecanja-na-primjeru-spomen-parka-dotrscina-2025","status":"publish","type":"post","link":"https:\/\/historiografija.hr\/?p=48971","title":{"rendered":"Predavanje Dee Mari\u0107: Podu\u010davanje i u\u010denje na mjestima stradanja i sje\u0107anja na primjeru spomen-parka Dotr\u0161\u010dina (2025.)"},"content":{"rendered":"\n<p>Knji\u017enica Jelkovec, Vladimira Stahuljaka 3, Sesvete, u utorak, 21. listopada 2025. u 18.30 sati.<\/p>\n\n\n\n<hr class=\"wp-block-separator has-alpha-channel-opacity\"\/>\n\n\n\n<p>Fokus predavanja je na najva\u017enijem zagreba\u010dkom memorijalnom prostoru, spomen-parku Dotr\u0161\u010dina, a ukazat \u0107e se na neke od suvremenih metodolo\u0161kih pristupa podu\u010davanju i u\u010denju nastave povijesti na mjestima masovnog stradanja i sje\u0107anja. Predavanje je namijenjeno primarno nastavnicima povijesti, a otvoreno za sve zainteresirane.<\/p>\n\n\n\n<p><br><strong>Dea Mari\u0107<\/strong>&nbsp;predaje metodiku nastave povijesti na Odsjeku za povijest Filozofskog fakulteta Sveu\u010dili\u0161ta u Zagrebu. Autorica je niza stru\u010dnih \u010dlanaka o pristupima podu\u010davanju i u\u010denju vezano uz mjesta masovnog stradanja i sje\u0107anja.<\/p>\n\n\n\n<p><br>Predavanje se odr\u017eava u sklopu projekta Dotr\u0161\u010dina EDU koji provodi Hrvatska udruga nastavnika povijesti u suradnji s\u00a0<a href=\"https:\/\/www.facebook.com\/virtualnimuzejdotrscina\">Virtualnim muzejem Dotr\u0161\u010dina<\/a>\u00a0i Knji\u017enicom Jelkovec.<\/p>\n\n\n\n<p><br>Projekt Dotr\u0161\u010dina EDU podr\u017ean je od Grada Zagreba \/ Gradskog ureda za kulturu i civilno dru\u0161tvo putem javnog poziva Kultura i umjetnost u zajednici.<\/p>\n\n\n\n<p>Izvori:<\/p>\n\n\n\n<p><a href=\"https:\/\/www.kgz.hr\/hr\/dogadjanja\/poducavanje-i-ucenje-na-mjestima-stradanja-i-sjecanja-na-primjeru-spomen-parka-dotrscina\/71277\">https:\/\/www.kgz.hr\/hr\/dogadjanja\/poducavanje-i-ucenje-na-mjestima-stradanja-i-sjecanja-na-primjeru-spomen-parka-dotrscina\/71277<\/a><\/p>\n\n\n\n<figure class=\"wp-block-embed is-type-wp-embed is-provider-h-alter wp-block-embed-h-alter\"><div class=\"wp-block-embed__wrapper\">\n<blockquote class=\"wp-embedded-content\" data-secret=\"YtxMmdvyLw\"><a href=\"https:\/\/h-alter.org\/sto-nas-ceka\/predavanje-dee-maric-poducavanje-i-ucenje-na-mjestima-stradanja-i-sjecanja-na-primjeru-spomen-parka-dotrscina\/\">Predavanje Dee Mari\u0107: Podu\u010davanje i u\u010denje na mjestima stradanja i sje\u0107anja na primjeru spomen-parka Dotr\u0161\u010dina<\/a><\/blockquote><iframe loading=\"lazy\" class=\"wp-embedded-content\" sandbox=\"allow-scripts\" security=\"restricted\" style=\"position: absolute; visibility: hidden;\" title=\"&#8220;Predavanje Dee Mari\u0107: Podu\u010davanje i u\u010denje na mjestima stradanja i sje\u0107anja na primjeru spomen-parka Dotr\u0161\u010dina&#8221; &#8212; H-Alter\" src=\"https:\/\/h-alter.org\/sto-nas-ceka\/predavanje-dee-maric-poducavanje-i-ucenje-na-mjestima-stradanja-i-sjecanja-na-primjeru-spomen-parka-dotrscina\/embed\/#?secret=vYQVGE5uLN#?secret=YtxMmdvyLw\" data-secret=\"YtxMmdvyLw\" width=\"600\" height=\"338\" frameborder=\"0\" marginwidth=\"0\" marginheight=\"0\" scrolling=\"no\"><\/iframe>\n<\/div><\/figure>\n\n\n\n<p><a href=\"https:\/\/www.facebook.com\/virtualnimuzejdotrscina\">https:\/\/www.facebook.com\/virtualnimuzejdotrscina<\/a><\/p>\n\n\n\n<hr class=\"wp-block-separator has-alpha-channel-opacity\"\/>\n","protected":false},"excerpt":{"rendered":"","protected":false},"author":2,"featured_media":48974,"comment_status":"open","ping_status":"open","sticky":false,"template":"","format":"standard","meta":{"_acf_changed":false,"jetpack_post_was_ever_published":false,"_jetpack_newsletter_access":"","_jetpack_dont_email_post_to_subs":false,"_jetpack_newsletter_tier_id":0,"_jetpack_memberships_contains_paywalled_content":false,"_jetpack_memberships_contains_paid_content":false,"footnotes":"","jetpack_publicize_message":"","jetpack_publicize_feature_enabled":true,"jetpack_social_post_already_shared":true,"jetpack_social_options":{"image_generator_settings":{"template":"highway","default_image_id":0,"font":"","enabled":false},"version":2}},"categories":[3],"tags":[],"class_list":["post-48971","post","type-post","status-publish","format-standard","has-post-thumbnail","hentry","category-novosti"],"acf":{"facebook_opis":""},"jetpack_publicize_connections":[],"jetpack_featured_media_url":"https:\/\/i0.wp.com\/historiografija.hr\/wp-content\/uploads\/2025\/10\/tomo-savic-gecan_dotrscina-2025.jpg?fit=1024%2C682&ssl=1","jetpack_sharing_enabled":true,"jetpack-related-posts":[],"_links":{"self":[{"href":"https:\/\/historiografija.hr\/index.php?rest_route=\/wp\/v2\/posts\/48971","targetHints":{"allow":["GET"]}}],"collection":[{"href":"https:\/\/historiografija.hr\/index.php?rest_route=\/wp\/v2\/posts"}],"about":[{"href":"https:\/\/historiografija.hr\/index.php?rest_route=\/wp\/v2\/types\/post"}],"author":[{"embeddable":true,"href":"https:\/\/historiografija.hr\/index.php?rest_route=\/wp\/v2\/users\/2"}],"replies":[{"embeddable":true,"href":"https:\/\/historiografija.hr\/index.php?rest_route=%2Fwp%2Fv2%2Fcomments&post=48971"}],"version-history":[{"count":4,"href":"https:\/\/historiografija.hr\/index.php?rest_route=\/wp\/v2\/posts\/48971\/revisions"}],"predecessor-version":[{"id":48976,"href":"https:\/\/historiografija.hr\/index.php?rest_route=\/wp\/v2\/posts\/48971\/revisions\/48976"}],"wp:featuredmedia":[{"embeddable":true,"href":"https:\/\/historiografija.hr\/index.php?rest_route=\/wp\/v2\/media\/48974"}],"wp:attachment":[{"href":"https:\/\/historiografija.hr\/index.php?rest_route=%2Fwp%2Fv2%2Fmedia&parent=48971"}],"wp:term":[{"taxonomy":"category","embeddable":true,"href":"https:\/\/historiografija.hr\/index.php?rest_route=%2Fwp%2Fv2%2Fcategories&post=48971"},{"taxonomy":"post_tag","embeddable":true,"href":"https:\/\/historiografija.hr\/index.php?rest_route=%2Fwp%2Fv2%2Ftags&post=48971"}],"curies":[{"name":"wp","href":"https:\/\/api.w.org\/{rel}","templated":true}]}}