{"id":48962,"date":"2025-10-17T22:12:25","date_gmt":"2025-10-17T22:12:25","guid":{"rendered":"https:\/\/historiografija.hr\/?p=48962"},"modified":"2025-10-17T22:13:19","modified_gmt":"2025-10-17T22:13:19","slug":"revizionizam-u-sedam-osmina-tribina-o-thompsonu","status":"publish","type":"post","link":"https:\/\/historiografija.hr\/?p=48962","title":{"rendered":"\u201eRevizionizam u sedam osmina\u201c. Tribina o Thompsonu"},"content":{"rendered":"\n<p>Gosti: Ilko \u010culi\u0107 i Leon \u0106evani\u0107<\/p>\n\n\n\n<p>Klub studenata Filozofskog fakulteta Sveu\u010dili\u0161ta u Zagrebu<\/p>\n\n\n\n<hr class=\"wp-block-separator has-alpha-channel-opacity\"\/>\n\n\n\n<p>Drage, dragi i sve drago izme\u0111u i naokolo,<\/p>\n\n\n\n<p>ljeto iza nas je osim visokih temperatura obilje\u017eeno uzavrelom dru\u0161tvenom atmosferom nastalom oko popularnosti Marka Perkovi\u0107a Thompsona i valom uspje\u0161nih i neuspje\u0161nih zabrana kulturnih doga\u0111aja koje su uslijedile. Ljetna zbivanja ostavila su dojam plodnog tla za rasprave i analize, a tom dojmu nismo se mogli oteti ni mi.<\/p>\n\n\n\n<p>O fenomenu Thompsona, njegovoj glazbi te politi\u010dkim i dru\u0161tvenim implikacijama i posljedicama njegove popularnosti govorit \u0107e Ilko \u010culi\u0107, glazbeni kriti\u010dar s portala Ravno do dna i Leon \u0106evani\u0107, povjesni\u010dar s diplomskim radom na temu povezanosti rata i glazbe devedesetih.<\/p>\n\n\n\n<p>Vidimo se u ponedjeljak, 20. listopada 2025. u 19 sati u Klubu!<\/p>\n\n\n\n<hr class=\"wp-block-separator has-alpha-channel-opacity\"\/>\n\n\n\n<figure class=\"wp-block-image size-large is-resized\"><img data-recalc-dims=\"1\" loading=\"lazy\" decoding=\"async\" width=\"819\" height=\"1024\" data-attachment-id=\"48963\" data-permalink=\"https:\/\/historiografija.hr\/?attachment_id=48963\" data-orig-file=\"https:\/\/i0.wp.com\/historiografija.hr\/wp-content\/uploads\/2025\/10\/Tribina_o_Thompsonu.jpg?fit=1440%2C1800&amp;ssl=1\" data-orig-size=\"1440,1800\" data-comments-opened=\"1\" data-image-meta=\"{&quot;aperture&quot;:&quot;0&quot;,&quot;credit&quot;:&quot;&quot;,&quot;camera&quot;:&quot;&quot;,&quot;caption&quot;:&quot;&quot;,&quot;created_timestamp&quot;:&quot;0&quot;,&quot;copyright&quot;:&quot;&quot;,&quot;focal_length&quot;:&quot;0&quot;,&quot;iso&quot;:&quot;0&quot;,&quot;shutter_speed&quot;:&quot;0&quot;,&quot;title&quot;:&quot;&quot;,&quot;orientation&quot;:&quot;0&quot;}\" data-image-title=\"Tribina_o_Thompsonu\" data-image-description=\"\" data-image-caption=\"\" data-large-file=\"https:\/\/i0.wp.com\/historiografija.hr\/wp-content\/uploads\/2025\/10\/Tribina_o_Thompsonu.jpg?fit=819%2C1024&amp;ssl=1\" src=\"https:\/\/i0.wp.com\/historiografija.hr\/wp-content\/uploads\/2025\/10\/Tribina_o_Thompsonu.jpg?resize=819%2C1024&#038;ssl=1\" alt=\"\" class=\"wp-image-48963\" style=\"width:445px;height:auto\" srcset=\"https:\/\/i0.wp.com\/historiografija.hr\/wp-content\/uploads\/2025\/10\/Tribina_o_Thompsonu.jpg?resize=819%2C1024&amp;ssl=1 819w, https:\/\/i0.wp.com\/historiografija.hr\/wp-content\/uploads\/2025\/10\/Tribina_o_Thompsonu.jpg?resize=240%2C300&amp;ssl=1 240w, https:\/\/i0.wp.com\/historiografija.hr\/wp-content\/uploads\/2025\/10\/Tribina_o_Thompsonu.jpg?resize=768%2C960&amp;ssl=1 768w, https:\/\/i0.wp.com\/historiografija.hr\/wp-content\/uploads\/2025\/10\/Tribina_o_Thompsonu.jpg?resize=1229%2C1536&amp;ssl=1 1229w, https:\/\/i0.wp.com\/historiografija.hr\/wp-content\/uploads\/2025\/10\/Tribina_o_Thompsonu.jpg?w=1440&amp;ssl=1 1440w\" sizes=\"auto, (max-width: 819px) 100vw, 819px\" \/><\/figure>\n\n\n\n<hr class=\"wp-block-separator has-alpha-channel-opacity\"\/>\n\n\n\n<p>Izvor:<\/p>\n\n\n\n<p><a href=\"https:\/\/www.facebook.com\/kaesefef\">https:\/\/www.facebook.com\/kaesefef<\/a><\/p>\n\n\n\n<hr class=\"wp-block-separator has-alpha-channel-opacity\"\/>\n\n\n\n<p><\/p>\n","protected":false},"excerpt":{"rendered":"","protected":false},"author":2,"featured_media":48963,"comment_status":"open","ping_status":"open","sticky":false,"template":"","format":"standard","meta":{"_acf_changed":false,"jetpack_post_was_ever_published":false,"_jetpack_newsletter_access":"","_jetpack_dont_email_post_to_subs":false,"_jetpack_newsletter_tier_id":0,"_jetpack_memberships_contains_paywalled_content":false,"_jetpack_memberships_contains_paid_content":false,"footnotes":"","jetpack_publicize_message":"","jetpack_publicize_feature_enabled":true,"jetpack_social_post_already_shared":true,"jetpack_social_options":{"image_generator_settings":{"template":"highway","default_image_id":0,"font":"","enabled":false},"version":2}},"categories":[3],"tags":[],"class_list":["post-48962","post","type-post","status-publish","format-standard","has-post-thumbnail","hentry","category-novosti"],"acf":{"facebook_opis":""},"jetpack_publicize_connections":[],"jetpack_featured_media_url":"https:\/\/i0.wp.com\/historiografija.hr\/wp-content\/uploads\/2025\/10\/Tribina_o_Thompsonu.jpg?fit=1440%2C1800&ssl=1","jetpack_sharing_enabled":true,"jetpack-related-posts":[],"_links":{"self":[{"href":"https:\/\/historiografija.hr\/index.php?rest_route=\/wp\/v2\/posts\/48962","targetHints":{"allow":["GET"]}}],"collection":[{"href":"https:\/\/historiografija.hr\/index.php?rest_route=\/wp\/v2\/posts"}],"about":[{"href":"https:\/\/historiografija.hr\/index.php?rest_route=\/wp\/v2\/types\/post"}],"author":[{"embeddable":true,"href":"https:\/\/historiografija.hr\/index.php?rest_route=\/wp\/v2\/users\/2"}],"replies":[{"embeddable":true,"href":"https:\/\/historiografija.hr\/index.php?rest_route=%2Fwp%2Fv2%2Fcomments&post=48962"}],"version-history":[{"count":3,"href":"https:\/\/historiografija.hr\/index.php?rest_route=\/wp\/v2\/posts\/48962\/revisions"}],"predecessor-version":[{"id":48966,"href":"https:\/\/historiografija.hr\/index.php?rest_route=\/wp\/v2\/posts\/48962\/revisions\/48966"}],"wp:featuredmedia":[{"embeddable":true,"href":"https:\/\/historiografija.hr\/index.php?rest_route=\/wp\/v2\/media\/48963"}],"wp:attachment":[{"href":"https:\/\/historiografija.hr\/index.php?rest_route=%2Fwp%2Fv2%2Fmedia&parent=48962"}],"wp:term":[{"taxonomy":"category","embeddable":true,"href":"https:\/\/historiografija.hr\/index.php?rest_route=%2Fwp%2Fv2%2Fcategories&post=48962"},{"taxonomy":"post_tag","embeddable":true,"href":"https:\/\/historiografija.hr\/index.php?rest_route=%2Fwp%2Fv2%2Ftags&post=48962"}],"curies":[{"name":"wp","href":"https:\/\/api.w.org\/{rel}","templated":true}]}}