{"id":48959,"date":"2025-10-17T22:07:16","date_gmt":"2025-10-17T22:07:16","guid":{"rendered":"https:\/\/historiografija.hr\/?p=48959"},"modified":"2025-10-17T22:07:16","modified_gmt":"2025-10-17T22:07:16","slug":"atena-je-li-tocno-da-je-ministar-susak-zelio-nasilno-pripojiti-hercegovinu-hrvatskoj-te-da-je-predsjednik-tudman-dogovorio-podjelu-bih-s-milosevicem","status":"publish","type":"post","link":"https:\/\/historiografija.hr\/?p=48959","title":{"rendered":"ATENA: Je li to\u010dno da je ministar \u0160u\u0161ak \u017eelio nasilno pripojiti Hercegovinu Hrvatskoj te da je predsjednik Tu\u0111man dogovorio podjelu BiH s Milo\u0161evi\u0107em?"},"content":{"rendered":"\n<p>Na portalu ATENA objavljen je 17. listopada 2025. prilog Gordana Akrapa \u201eJe li to\u010dno da je ministar \u0160u\u0161ak \u017eelio nasilno pripojiti Hercegovinu Hrvatskoj te da je predsjednik Tu\u0111man dogovorio podjelu BiH s Milo\u0161evi\u0107em?\u201c<\/p>\n\n\n\n<hr class=\"wp-block-separator has-alpha-channel-opacity\"\/>\n\n\n\n<p>Prilog je dostupan na sljede\u0107oj poveznici:<\/p>\n\n\n\n<p><a href=\"https:\/\/iihs.hr\/objave\/id\/4469\">https:\/\/iihs.hr\/objave\/id\/4469<\/a><\/p>\n\n\n\n<hr class=\"wp-block-separator has-alpha-channel-opacity\"\/>\n\n\n\n<p>Prilog je objavljen i na poveznici:<\/p>\n\n\n\n<p><a href=\"https:\/\/www.tocnotako.hr\/clanak\/Je-li-tocno-da-je-ministar-Susak-zelio-nasilno-pripojiti-Hercegovinu-Hrvatskoj-te-da-je-predsjednik-Tudman-dogovorio-podjelu-BiH-s-Milosevicem_ATENA\/2218\">https:\/\/www.tocnotako.hr\/clanak\/Je-li-tocno-da-je-ministar-Susak-zelio-nasilno-pripojiti-Hercegovinu-Hrvatskoj-te-da-je-predsjednik-Tudman-dogovorio-podjelu-BiH-s-Milosevicem_ATENA\/2218<\/a><\/p>\n\n\n\n<hr class=\"wp-block-separator has-alpha-channel-opacity\"\/>\n","protected":false},"excerpt":{"rendered":"","protected":false},"author":2,"featured_media":48960,"comment_status":"open","ping_status":"open","sticky":false,"template":"","format":"standard","meta":{"_acf_changed":false,"jetpack_post_was_ever_published":false,"_jetpack_newsletter_access":"","_jetpack_dont_email_post_to_subs":false,"_jetpack_newsletter_tier_id":0,"_jetpack_memberships_contains_paywalled_content":false,"_jetpack_memberships_contains_paid_content":false,"footnotes":"","jetpack_publicize_message":"","jetpack_publicize_feature_enabled":true,"jetpack_social_post_already_shared":true,"jetpack_social_options":{"image_generator_settings":{"template":"highway","default_image_id":0,"font":"","enabled":false},"version":2}},"categories":[3],"tags":[],"class_list":["post-48959","post","type-post","status-publish","format-standard","has-post-thumbnail","hentry","category-novosti"],"acf":{"facebook_opis":""},"jetpack_publicize_connections":[],"jetpack_featured_media_url":"https:\/\/i0.wp.com\/historiografija.hr\/wp-content\/uploads\/2025\/10\/BiH.jpg?fit=1024%2C1024&ssl=1","jetpack_sharing_enabled":true,"jetpack-related-posts":[],"_links":{"self":[{"href":"https:\/\/historiografija.hr\/index.php?rest_route=\/wp\/v2\/posts\/48959","targetHints":{"allow":["GET"]}}],"collection":[{"href":"https:\/\/historiografija.hr\/index.php?rest_route=\/wp\/v2\/posts"}],"about":[{"href":"https:\/\/historiografija.hr\/index.php?rest_route=\/wp\/v2\/types\/post"}],"author":[{"embeddable":true,"href":"https:\/\/historiografija.hr\/index.php?rest_route=\/wp\/v2\/users\/2"}],"replies":[{"embeddable":true,"href":"https:\/\/historiografija.hr\/index.php?rest_route=%2Fwp%2Fv2%2Fcomments&post=48959"}],"version-history":[{"count":1,"href":"https:\/\/historiografija.hr\/index.php?rest_route=\/wp\/v2\/posts\/48959\/revisions"}],"predecessor-version":[{"id":48961,"href":"https:\/\/historiografija.hr\/index.php?rest_route=\/wp\/v2\/posts\/48959\/revisions\/48961"}],"wp:featuredmedia":[{"embeddable":true,"href":"https:\/\/historiografija.hr\/index.php?rest_route=\/wp\/v2\/media\/48960"}],"wp:attachment":[{"href":"https:\/\/historiografija.hr\/index.php?rest_route=%2Fwp%2Fv2%2Fmedia&parent=48959"}],"wp:term":[{"taxonomy":"category","embeddable":true,"href":"https:\/\/historiografija.hr\/index.php?rest_route=%2Fwp%2Fv2%2Fcategories&post=48959"},{"taxonomy":"post_tag","embeddable":true,"href":"https:\/\/historiografija.hr\/index.php?rest_route=%2Fwp%2Fv2%2Ftags&post=48959"}],"curies":[{"name":"wp","href":"https:\/\/api.w.org\/{rel}","templated":true}]}}